{"id":909,"date":"2022-02-18T14:31:07","date_gmt":"2022-02-18T13:31:07","guid":{"rendered":"https:\/\/www.gruene-mkk.de\/?p=909"},"modified":"2022-02-18T14:31:09","modified_gmt":"2022-02-18T13:31:09","slug":"am-radverkehrskonzept-beteiligen","status":"publish","type":"post","link":"https:\/\/www.gruene-mkk.de\/tr\/am-radverkehrskonzept-beteiligen\/","title":{"rendered":"Bisiklet konseptine kat\u0131l\u0131n"},"content":{"rendered":"<p><strong>Ye\u015filler Parlamenter Grubu: Eylemler \/ kelimelerle ilgili \u00e7evrimi\u00e7i ankete kat\u0131l\u0131n, eylemleri takip etmelisiniz<\/strong><\/p>\n\n\n\n<!--more-->\n\n\n\n<p>Ye\u015fil Grup, b\u00f6lgedeki vatanda\u015flar\u0131 bisiklet konseptiyle ilgili \u00e7evrimi\u00e7i oylamaya kat\u0131lmaya \u00e7a\u011f\u0131r\u0131yor: Ula\u015ft\u0131rma ve \u00c7evre Komitesi \u00dcyesi Bernd Wietzorek, \"\u015eubat ay\u0131n\u0131n sonuna kadar, yakla\u015f\u0131k 300 \u00f6nlemi de\u011ferlendirmek ve yorum yapmak i\u00e7in bir f\u0131rsat olacak\" diyor.<\/p>\n\n\n\n<p>Wietzorek, \"\u00d6n\u00fcm\u00fczdeki y\u0131llarda mobilitenin de\u011fi\u015fece\u011fi a\u00e7\u0131k. Bisiklete binme gittik\u00e7e daha \u00f6nemli hale gelecektir.  \u2047  Son y\u0131llarda, b\u00f6lgede hala iyile\u015ftirme i\u00e7in \u00e7ok yerimiz oldu\u011fu a\u00e7\u0131k\u00e7a ortaya \u00e7\u0131km\u0131\u015ft\u0131r. \u00c7emberdeki B\u00fcy\u00fck Koalisyon, bisikleti uygulamak i\u00e7in somut bir irade g\u00f6stermek yerine hala \u00fcvey annelik yakla\u015f\u0131m\u0131n\u0131 benimsiyor. \u2047  Bu nedenle Grup, vatanda\u015flar\u0131n kat\u0131l\u0131m\u0131ndan memnun: \u0130lk birka\u00e7 g\u00fcn, bir\u00e7ok insan\u0131n b\u00f6lgedeki geni\u015f bir bisiklet yolu a\u011f\u0131na aktif olarak kat\u0131lmakla ilgilendi\u011fini g\u00f6stermi\u015ftir.<\/p>\n\n\n\n<p>\u00c7evrimi\u00e7i portaldaki de\u011ferlendirmeler, Frankfurt'taki planlama ofisi  \u2047 RV-K \u2047  taraf\u0131ndan haz\u0131rlanan tedbir \u00f6nerilerine \u00f6ncelik vermektedir. Ek olarak, her teklif i\u00e7in bir a\u00e7\u0131klama ve resimler vard\u0131r. 28 \u015eubat'a kadar, \u00f6nlemler olabilir <a href=\"http:\/\/www.radverkehrskonzept-mkk.de\">www.radverkehrskonzept-mkk.de<\/a> Oylanmak i\u00e7in.<\/p>\n\n\n\n<p>Wietzorek, \"Ye\u015filler olarak, 2017'de bir d\u00f6ng\u00fc yolu konsepti \u00e7a\u011fr\u0131s\u0131nda bulunduk\" diye a\u00e7\u0131kl\u0131yor. \u2047 Daha sonra \u00e7ember taraf\u0131ndan haz\u0131rlanan ilk versiyon, \u015fu ana kadar hi\u00e7bir \u00f6nlem uygulanmam\u0131\u015f olan 90 \u00f6nlem i\u00e7eriyordu. \u2047  \u0130kinci, b\u00fct\u00fcnsel bir yakla\u015f\u0131m daha sonra devreye al\u0131nd\u0131: \"Dairenin b\u00fct\u00fcnsel bir bisiklet konsepti yaratma konusundaki b\u00fcy\u00fck duyurusunun sadece bir duyuru olarak kalmayaca\u011f\u0131n\u0131, ayn\u0131 zamanda vatanda\u015flar\u0131n \u00f6neri ve oylar\u0131n\u0131n da eylem ve in\u015faat \u00f6nlemleri i\u00e7in somut emirlere yol a\u00e7aca\u011f\u0131n\u0131 umuyoruz.\" dedi.<\/p>\n\n\n\n<p>\u00c7ok say\u0131da eylemle, il\u00e7edeki ve belediyelerdeki Ye\u015filler zaten ula\u015f\u0131mdaki somut de\u011fi\u015fimi destekliyor: \u2047 Di\u011fer \u015feylerin yan\u0131 s\u0131ra, Biebergem\u00fcnd, W\u00e4chtersbach ve Bad Orb'dan yerel derneklerle Landtag Ba\u015fkan Yard\u0131mc\u0131s\u0131 Karin M\u00fcller ile Hessen'deki ula\u015f\u0131m ge\u00e7i\u015fi hakk\u0131nda ortak bir etkinlik d\u00fczenlendi. Orada, iklim dostu hareketlili\u011fe zeminde bir de\u011fi\u015fikli\u011fi te\u015fvik etmek i\u00e7in \u00e7ok say\u0131da olas\u0131l\u0131k tart\u0131\u015f\u0131ld\u0131. Ayr\u0131ca, Hessen \u2047  referandumunda VCD Hessen \u2047 s  \u2047 Verkehrswende'yi destekliyoruz. <a href=\"http:\/\/www.verkehrswende-hessen.de\">www.verkehrswende-hessen.de<\/a> imzalanabilir.  \u2047<\/p>\n\n\n\n<p>Somut uygulama i\u00e7in, B\u00fcy\u00fck Koalisyon'un 300 bin avroluk b\u00fct\u00e7eyi de temelden yeniden g\u00f6zden ge\u00e7irmesi gerekiyor: Eyalet ve federal h\u00fck\u00fcmetten gelen s\u00fcbvansiyonlara ra\u011fmen, Main-Kinzig-Kreis, bisiklet yollar\u0131 alan\u0131ndaki \u00f6nlemlere para harcamaktan ka\u00e7\u0131namayacak. Evde belirlenen miktarla, b\u00fcy\u00fck atlamalar m\u00fcmk\u00fcn de\u011fildir. \u015eimdi duyurular\u0131n ard\u0131ndan harekete ge\u00e7ilmesini bekliyoruz, \"diyor Wietzorek.<\/p>\n\n\n\n<p><\/p>\n\n\n\n<hr class=\"wp-block-separator\"\/>\n\n\n\n<p>Sorular i\u00e7in:<\/p>\n\n\n\n<p>Jakob M\u00e4hler<br>Grup genel m\u00fcd\u00fcr\u00fc<br>\u0130ttifak 90 \/ Ye\u015filler Main-Kinzig'de<br>06181\/61596<br>0176\/46763336<br>fraktion@gruene-mkk.de<\/p>","protected":false},"excerpt":{"rendered":"<p>Ye\u015filler Parlamenter Grubu: Eylemler \/ kelimelerle ilgili \u00e7evrimi\u00e7i ankete kat\u0131l\u0131n, eylemleri takip etmelisiniz<\/p>","protected":false},"author":-1,"featured_media":0,"comment_status":"open","ping_status":"open","sticky":false,"template":"","format":"standard","meta":{"footnotes":""},"categories":[2],"tags":[],"class_list":["post-909","post","type-post","status-publish","format-standard","hentry","category-newskreistagsfraktion"],"_links":{"self":[{"href":"https:\/\/www.gruene-mkk.de\/tr\/wp-json\/wp\/v2\/posts\/909","targetHints":{"allow":["GET"]}}],"collection":[{"href":"https:\/\/www.gruene-mkk.de\/tr\/wp-json\/wp\/v2\/posts"}],"about":[{"href":"https:\/\/www.gruene-mkk.de\/tr\/wp-json\/wp\/v2\/types\/post"}],"author":[{"embeddable":true,"href":"https:\/\/www.gruene-mkk.de\/tr\/wp-json\/wp\/v2\/users\/5"}],"replies":[{"embeddable":true,"href":"https:\/\/www.gruene-mkk.de\/tr\/wp-json\/wp\/v2\/comments?post=909"}],"version-history":[{"count":1,"href":"https:\/\/www.gruene-mkk.de\/tr\/wp-json\/wp\/v2\/posts\/909\/revisions"}],"predecessor-version":[{"id":910,"href":"https:\/\/www.gruene-mkk.de\/tr\/wp-json\/wp\/v2\/posts\/909\/revisions\/910"}],"wp:attachment":[{"href":"https:\/\/www.gruene-mkk.de\/tr\/wp-json\/wp\/v2\/media?parent=909"}],"wp:term":[{"taxonomy":"category","embeddable":true,"href":"https:\/\/www.gruene-mkk.de\/tr\/wp-json\/wp\/v2\/categories?post=909"},{"taxonomy":"post_tag","embeddable":true,"href":"https:\/\/www.gruene-mkk.de\/tr\/wp-json\/wp\/v2\/tags?post=909"}],"curies":[{"name":"wp","href":"https:\/\/api.w.org\/{rel}","templated":true}]}}