{"id":902,"date":"2022-02-11T14:18:04","date_gmt":"2022-02-11T13:18:04","guid":{"rendered":"https:\/\/www.gruene-mkk.de\/?p=902"},"modified":"2022-02-11T14:18:04","modified_gmt":"2022-02-11T13:18:04","slug":"holger-fischer-als-rechtlicher-betreuer-nicht-mehr-tragbar","status":"publish","type":"post","link":"https:\/\/www.gruene-mkk.de\/tr\/holger-fischer-als-rechtlicher-betreuer-nicht-mehr-tragbar\/","title":{"rendered":"Holger Fischer art\u0131k bir hukuk dan\u0131\u015fman\u0131 olarak kabul edilemez"},"content":{"rendered":"<p><strong>Bak\u0131m davalar\u0131 geri \u00e7ekilmeli \/ Frankfurt Y\u00fcksek B\u00f6lge Mahkemesi'nin karar\u0131na sevinmeli<\/strong><em> \u00a0<\/em><\/p>\n\n\n\n<!--more-->\n\n\n\n<p>Ye\u015filler Main-Kinzig, Reiner Bousonville, Viola Ha\u00dfdenteufel ve Jakob M\u00e4hler meclis komitesi, \"Frankfurt Y\u00fcksek B\u00f6lge Mahkemesi'nin yerel yan d\u00fc\u015f\u00fcn\u00fcr Imke Otto'ya kar\u015f\u0131 net karar\u0131ndan memnunuz\" diyor. Ge\u00e7ti\u011fimiz \u00c7ar\u015famba g\u00fcn\u00fc, Y\u00fcksek B\u00f6lge Mahkemesi,  \u2047 Allianz pro Grundgesetz \u2047 'nin ba\u015flat\u0131c\u0131s\u0131n\u0131n dernek ba\u015fkanlar\u0131  \u2047 Hand aufs Herz \u2047 , Julia Hott ve Alex Schopbach'a kar\u015f\u0131 hakaret i\u00e7eren ifadeler verdi\u011fi iddias\u0131yla verilen \u00f6n emirleri reddetti: Bu, yarg\u0131 yetkisinin ayn\u0131 zamanda bu zamanlarda gerekli olan net kelimelerin arkas\u0131nda oldu\u011funu a\u00e7\u0131k\u00e7a g\u00f6stermektedir.<\/p>\n\n\n\n<p>Yanal d\u00fc\u015f\u00fcn\u00fcr grubunun mahkemenin ku\u015fsuz ilan etti\u011fi sonraki a\u00e7\u0131klamas\u0131 deh\u015fet vericiydi: Parlamenter grup y\u00f6neticisi, \"Bu, ger\u00e7eklerin \u00e7arp\u0131t\u0131lmas\u0131n\u0131 ve yanal d\u00fc\u015f\u00fcn\u00fcr grubu  \u2047 Alliance pro Grundgesetz \u2047 'nin karakteristi\u011fi olan tarih ve sembolizmin dahil edilmesini bir kez daha g\u00f6steriyor\" dedi.<\/p>\n\n\n\n<p>Korona \u00f6nlemlerine kar\u015f\u0131 yap\u0131lan d\u00fczenli g\u00f6sterilerde Hanau avukat\u0131 Holger Fischer de ba\u015f\u0131 \u00e7ekiyor. B\u00f6lge meclis grubu \u015fimdi, Fischer'in yasal bak\u0131m i\u00e7in kendisine emanet edilen iki ki\u015fiye gerekli koronavir\u00fcs a\u015f\u0131lar\u0131n\u0131 reddetti\u011fi s\u00f6ylenen Hessenschau'nun bir raporuna b\u00fcy\u00fck bir alarmla tepki g\u00f6steriyor.<\/p>\n\n\n\n<p>Fischer, uzun y\u0131llard\u0131r Hanau b\u00f6lge mahkemesi ve b\u00f6lgenin idari otoritesi taraf\u0131ndan, ki\u015fisel yasal i\u015flemlerini ba\u011f\u0131ms\u0131z ve ba\u011f\u0131ms\u0131z olarak ger\u00e7ekle\u015ftiremeyen veya art\u0131k ger\u00e7ekle\u015ftiremeyen yeti\u015fkinler i\u00e7in yasal bir vasi olarak g\u00f6revlendirilmi\u015ftir. Hessenschau'nun raporuna g\u00f6re, \u015fu anda yasal bir vasi olarak y\u00fcksek sorumluluk ta\u015f\u0131d\u0131\u011f\u0131 ve s\u00fcrekli ve d\u00fczenli temas yoluyla m\u00fc\u015fterilerinin refah\u0131n\u0131 her zaman dikkate almas\u0131 gereken 79 bak\u0131m vakas\u0131ndan yasal olarak tek ba\u015f\u0131na sorumludur.<\/p>\n\n\n\n<p>Bousonville, Ha\u00dfdenteufel ve M\u00e4hler, \"Main-Kinzig b\u00f6lgesindeki 79 ki\u015fiyi Ren-Main b\u00f6lgesindeki yanal d\u00fc\u015f\u00fcn\u00fcr hareketinin \u00f6nde gelen ak\u0131llar\u0131ndan biri olan ve a\u015f\u0131 etkisi vakalar\u0131 nedeniyle fark edilen Hanau avukat\u0131 Holger Fischer'e emanet etme ger\u00e7e\u011fi temelde sorgulanmal\u0131d\u0131r\" dedi.<\/p>\n\n\n\n<p>Hessenschau raporuna g\u00f6re, Fischer'in Telegram'da yakla\u015f\u0131k 26.000 takip\u00e7isi var ve  \u2047 genocide \u2047 'nin koronavir\u00fcs a\u015f\u0131s\u0131 hakk\u0131nda konu\u015fuyor ve devleti  \u2047 lame \u2047 'ye \u00e7a\u011f\u0131r\u0131yor. Avukat, Telegram'da politikac\u0131lar hakk\u0131nda \u015funlar\u0131 yazd\u0131: Ya o zamana kadar eylemlerinle ve i\u011fnelerinle bizi \u00f6ld\u00fcrd\u00fcn ya da kendin onlar\u0131n kurban\u0131 oldun. Do\u011frudan veya dolayl\u0131 olarak.  \u2047&nbsp;<\/p>\n\n\n\n<p>Grup B\u00fcrosu, \"Bu ifadeler 79 ki\u015fiye bakan bir avukat i\u00e7in kabul edilemez\" dedi. Hanau B\u00f6lge Mahkemesi'nin Fischer'e yasal destek i\u00e7in yeni yetkiler vermemeye karar vermesi memnuniyetle kar\u015f\u0131lan\u0131rken, b\u00f6lge ve b\u00f6lge mahkemesinin hala mevcut destek g\u00f6revlerine bir \u00e7\u00f6z\u00fcm sunmas\u0131 ve ba\u015fka a\u015f\u0131 kontrol\u00fc vakalar\u0131n\u0131n olup olmad\u0131\u011f\u0131n\u0131 ve hala olup olmad\u0131\u011f\u0131n\u0131 ara\u015ft\u0131rmas\u0131 zorunludur. B\u00f6lgenin Fischer'in art\u0131k profesyonel dan\u0131\u015fman olarak \u00f6nerilmemesi gerekti\u011fi y\u00f6n\u00fcndeki a\u00e7\u0131klamas\u0131 burada yeterli de\u011fildir. \u2047  Ye\u015fil Grup, Hanau Belediye Ba\u015fkan\u0131 Claus Kaminsky'nin davay\u0131 Baroya bildirmek ve gerekirse hen\u00fcz sunulmam\u0131\u015fsa Fischer'e \u015fikayette bulunmak i\u00e7in yapt\u0131\u011f\u0131 a\u00e7\u0131klamay\u0131 desteklemektedir: Bunlar, yanal d\u00fc\u015f\u00fcn\u00fcrlerin faaliyetleriyle ilgili olarak buradaki \u00e7emberin bir kez daha \u00f6zledi\u011fi a\u00e7\u0131k kelimelerdir.&nbsp;&nbsp;<\/p>\n\n\n\n<p>Grup y\u00f6neticisi i\u00e7in, sorumlu sa\u011fl\u0131k hizmeti, avukat\u0131 Fischer'in bak\u0131m davalar\u0131nda art\u0131k mevcut g\u00f6r\u00fcnm\u00fcyor; bu, \u015fahs\u0131na ve bak\u0131m mahkemesi i\u00e7in kendisine atanan g\u00f6revlerin ele al\u0131nmas\u0131na dayan\u0131yor: \u2047 Bu durumda, denetim talep etme olas\u0131l\u0131\u011f\u0131 vard\u0131r. Bu sadece denetlenen ki\u015filer ve akrabalar\u0131 taraf\u0131ndan de\u011fil, her \u015feyden \u00f6nce b\u00f6lgenin denetim makam\u0131 ile i\u015fbirli\u011fi i\u00e7inde yetkili denetim mahkemesi taraf\u0131ndan talep edilmelidir. Devam eden bak\u0131m vakalar\u0131n\u0131n geri \u00e7ekilmesini sa\u011flamal\u0131d\u0131rlar, b\u00f6ylece savunmas\u0131z ve ba\u011f\u0131ml\u0131 ki\u015filer her zaman iyi bak\u0131l\u0131r ve a\u015f\u0131lama karar\u0131na dahil edilir, \u00f6zg\u00fcr iradeleri dikkate al\u0131n\u0131r. Ama muhtemelen en k\u0131sa s\u00fcrede neredeyse 80 ki\u015fi i\u00e7in yeni bak\u0131c\u0131lar bulmak en iyisi olacakt\u0131r\", Bousonville, Ha\u00dfdenteufel ve M\u00e4hler sona eriyor.<\/p>","protected":false},"excerpt":{"rendered":"<p>Bak\u0131m davalar\u0131 geri \u00e7ekilmeli \/ Frankfurt Y\u00fcksek B\u00f6lge Mahkemesi'nin karar\u0131na sevinmeli \u00a0<\/p>","protected":false},"author":-1,"featured_media":770,"comment_status":"open","ping_status":"open","sticky":false,"template":"","format":"standard","meta":{"footnotes":""},"categories":[2],"tags":[],"class_list":["post-902","post","type-post","status-publish","format-standard","has-post-thumbnail","hentry","category-newskreistagsfraktion"],"_links":{"self":[{"href":"https:\/\/www.gruene-mkk.de\/tr\/wp-json\/wp\/v2\/posts\/902","targetHints":{"allow":["GET"]}}],"collection":[{"href":"https:\/\/www.gruene-mkk.de\/tr\/wp-json\/wp\/v2\/posts"}],"about":[{"href":"https:\/\/www.gruene-mkk.de\/tr\/wp-json\/wp\/v2\/types\/post"}],"author":[{"embeddable":true,"href":"https:\/\/www.gruene-mkk.de\/tr\/wp-json\/wp\/v2\/users\/5"}],"replies":[{"embeddable":true,"href":"https:\/\/www.gruene-mkk.de\/tr\/wp-json\/wp\/v2\/comments?post=902"}],"version-history":[{"count":1,"href":"https:\/\/www.gruene-mkk.de\/tr\/wp-json\/wp\/v2\/posts\/902\/revisions"}],"predecessor-version":[{"id":903,"href":"https:\/\/www.gruene-mkk.de\/tr\/wp-json\/wp\/v2\/posts\/902\/revisions\/903"}],"wp:featuredmedia":[{"embeddable":true,"href":"https:\/\/www.gruene-mkk.de\/tr\/wp-json\/wp\/v2\/media\/770"}],"wp:attachment":[{"href":"https:\/\/www.gruene-mkk.de\/tr\/wp-json\/wp\/v2\/media?parent=902"}],"wp:term":[{"taxonomy":"category","embeddable":true,"href":"https:\/\/www.gruene-mkk.de\/tr\/wp-json\/wp\/v2\/categories?post=902"},{"taxonomy":"post_tag","embeddable":true,"href":"https:\/\/www.gruene-mkk.de\/tr\/wp-json\/wp\/v2\/tags?post=902"}],"curies":[{"name":"wp","href":"https:\/\/api.w.org\/{rel}","templated":true}]}}