{"id":900,"date":"2022-02-11T10:41:04","date_gmt":"2022-02-11T09:41:04","guid":{"rendered":"https:\/\/www.gruene-mkk.de\/?p=900"},"modified":"2024-09-05T14:45:15","modified_gmt":"2024-09-05T12:45:15","slug":"schnellstmoeglich-umfassende-digitale-loesung-schaffen","status":"publish","type":"post","link":"https:\/\/www.gruene-mkk.de\/tr\/schnellstmoeglich-umfassende-digitale-loesung-schaffen\/","title":{"rendered":"M\u00fcmk\u00fcn olan en k\u0131sa s\u00fcrede kapsaml\u0131 bir dijital \u00e7\u00f6z\u00fcm olu\u015fturun"},"content":{"rendered":"<p><strong>Okullarda korona vakalar\u0131n\u0131n ileti\u015fim takibi ve raporlanmas\u0131 hala bir\u00e7ok yerde benzer \u015fekilde \u00e7al\u0131\u015fmaktad\u0131r.<\/strong><\/p>\n\n\n\n<!--more-->\n\n\n\n<p>Main-Kinzig b\u00f6lgesindeki Ye\u015fil meclis grubunun e\u011fitim politikas\u0131 s\u00f6zc\u00fcs\u00fc Matthias Zach, \"Main-Kinzig b\u00f6lgesindeki okullar\u0131n, t\u00fcm varyantlar\u0131 ve yan etkileri ile koronavir\u00fcs pandemisinin zorluklar\u0131n\u0131 daha iyi kar\u015f\u0131lamak i\u00e7in daha h\u0131zl\u0131 bir \u015fekilde dijitalle\u015ftirilmesi gerekiyor\" diyor. Ye\u015fillerin talebinin arka plan\u0131, temas takibi ve koronavir\u00fcs vakalar\u0131n\u0131n bildirilmesi i\u00e7in hala elle doldurulmas\u0131 gereken formlard\u0131r.<\/p>\n\n\n\n<p>Zach, kapsaml\u0131 izleme ve raporlama sisteminin \u00f6nemli oldu\u011funu ve olmaya devam edece\u011fini a\u00e7\u0131kl\u0131yor. Bu t\u00fcr raporlar\u0131n Main-Kinzig b\u00f6lgesindeki sa\u011fl\u0131k otoritesine dijital olarak sunulamamas\u0131 art\u0131k g\u00fcncel de\u011fildir: \"Mevcut enfeksiyon durumunda, b\u00f6lge y\u00f6netiminin di\u011fer alanlardaki i\u015fleyi\u015fini s\u00fcrd\u00fcrebilmek i\u00e7in de bu t\u00fcr engeller m\u00fcmk\u00fcn oldu\u011funca \u00e7abuk kald\u0131r\u0131lmal\u0131d\u0131r.\" Bu, gelecekteki g\u00f6revler i\u00e7in de \u00e7ok \u00f6nemlidir.<\/p>\n\n\n\n<p>Burada Zach okullar\u0131 de\u011fil, okul sahibini sorumlulukta g\u00f6r\u00fcyor: Ne yaz\u0131k ki, ba\u015flat\u0131lan dijitalle\u015ftirme sald\u0131r\u0131s\u0131, \u00e7evredeki bir\u00e7ok s\u0131n\u0131fta hala kapsaml\u0131 bir seviyeye ula\u015fmad\u0131. Beyaz tahtalara ve iPad s\u0131n\u0131flar\u0131na ek olarak, bu ayn\u0131 zamanda s\u0131n\u0131f a\u011f\u0131ndaki koronavir\u00fcs vakalar\u0131n\u0131n izlenmesini ve raporlanmas\u0131n\u0131 dijitalle\u015ftirmeyi de i\u00e7erir. \u2047  Bu, bu t\u00fcr dijital bilgileri i\u015fleyemeyen sa\u011fl\u0131k ofisinde zaten ba\u015far\u0131s\u0131z oluyor: Sa\u011fl\u0131k otoritesine ve okullara, \u00f6zellikle de okul sekreterliklerine, her g\u00fcn al\u0131nan raporlar\u0131 dijital olarak kaydetme ve kullanma ko\u015fullar\u0131 sa\u011flanmal\u0131d\u0131r.<\/p>\n\n\n\n<p>Bu ayn\u0131 zamanda hala analog temas izleme ile y\u00fcksek \u00e7aba g\u00f6steren okul liderlerini ve \u00f6\u011fretmenleri rahatlatacakt\u0131r. Okullarda ve kre\u015flerde \u00e7ocuklar\u0131n di\u015flerinin taranmas\u0131 alan\u0131nda dijital olarak m\u00fcmk\u00fcn olan \u015fey, acilen koronavir\u00fcs ile enfekte olanlar\u0131n raporlar\u0131na geni\u015fletilmelidir. Pandemi, Main-Kinzig b\u00f6lgesindeki dijital altyap\u0131n\u0131n maddi ve niteliksel zay\u0131fl\u0131klar\u0131n\u0131 a\u00e7\u0131k\u00e7a g\u00f6stermi\u015ftir. Bunlar aras\u0131nda sa\u011fl\u0131k otoritelerinde \u00e7al\u0131\u015fmak, evden \u00e7al\u0131\u015fma ve evde \u00f6\u011fretmenlik yapma olanaklar\u0131 yer al\u0131yor \"dedi e\u011fitim politikas\u0131 s\u00f6zc\u00fcs\u00fc.<\/p>\n\n\n\n<p>\"Main-Kinzig b\u00f6lgesini t\u00fcm alanlarda kapsaml\u0131 bir \u015fekilde dijital hale getirme ve yaln\u0131zca herkes i\u00e7in h\u0131zl\u0131 interneti sa\u011flamakla kalmay\u0131p, ayn\u0131 zamanda mant\u0131kl\u0131 ve emek tasarrufu sa\u011flayan bir \u015fekilde kullanma \u00e7abalar\u0131, Ye\u015filler koalisyonu zamanlar\u0131nda SPD ve \u00d6zg\u00fcr Se\u00e7menler ile birlikte ve Landrat Erich Pipa alt\u0131nda sahip olduklar\u0131 s\u00fcr\u00fcc\u00fcy\u00fc korumal\u0131d\u0131r. Ne yaz\u0131k ki, tam potansiyele mevcut karar vericiler taraf\u0131ndan \u00e7ok yava\u015f yakla\u015f\u0131l\u0131yor ve bu nedenle tam olarak s\u00f6m\u00fcr\u00fclm\u00fcyor\", diye bitiriyor Zach.<\/p>\n\n\n\n<hr class=\"wp-block-separator\"\/>\n\n\n\n<p>Sorular i\u00e7in:<\/p>\n\n\n\n<p>Jakob M\u00e4hler<br>Grup genel m\u00fcd\u00fcr\u00fc<br>\u0130ttifak 90 \/ Ye\u015filler Main-Kinzig'de<\/p>\n\n\n\n<p>06181\/61596<br>0176\/46763336<\/p>\n\n\n\n<p>fraktion@gruene-mkk.de<\/p>","protected":false},"excerpt":{"rendered":"<p>Okullarda korona vakalar\u0131n\u0131n ileti\u015fim takibi ve raporlanmas\u0131 hala bir\u00e7ok yerde benzer \u015fekilde \u00e7al\u0131\u015fmaktad\u0131r.<\/p>","protected":false},"author":-1,"featured_media":0,"comment_status":"open","ping_status":"open","sticky":false,"template":"","format":"standard","meta":{"footnotes":""},"categories":[2],"tags":[],"class_list":["post-900","post","type-post","status-publish","format-standard","hentry","category-newskreistagsfraktion"],"_links":{"self":[{"href":"https:\/\/www.gruene-mkk.de\/tr\/wp-json\/wp\/v2\/posts\/900","targetHints":{"allow":["GET"]}}],"collection":[{"href":"https:\/\/www.gruene-mkk.de\/tr\/wp-json\/wp\/v2\/posts"}],"about":[{"href":"https:\/\/www.gruene-mkk.de\/tr\/wp-json\/wp\/v2\/types\/post"}],"author":[{"embeddable":true,"href":"https:\/\/www.gruene-mkk.de\/tr\/wp-json\/wp\/v2\/users\/5"}],"replies":[{"embeddable":true,"href":"https:\/\/www.gruene-mkk.de\/tr\/wp-json\/wp\/v2\/comments?post=900"}],"version-history":[{"count":1,"href":"https:\/\/www.gruene-mkk.de\/tr\/wp-json\/wp\/v2\/posts\/900\/revisions"}],"predecessor-version":[{"id":901,"href":"https:\/\/www.gruene-mkk.de\/tr\/wp-json\/wp\/v2\/posts\/900\/revisions\/901"}],"wp:attachment":[{"href":"https:\/\/www.gruene-mkk.de\/tr\/wp-json\/wp\/v2\/media?parent=900"}],"wp:term":[{"taxonomy":"category","embeddable":true,"href":"https:\/\/www.gruene-mkk.de\/tr\/wp-json\/wp\/v2\/categories?post=900"},{"taxonomy":"post_tag","embeddable":true,"href":"https:\/\/www.gruene-mkk.de\/tr\/wp-json\/wp\/v2\/tags?post=900"}],"curies":[{"name":"wp","href":"https:\/\/api.w.org\/{rel}","templated":true}]}}