{"id":886,"date":"2022-02-01T16:22:33","date_gmt":"2022-02-01T15:22:33","guid":{"rendered":"https:\/\/www.gruene-mkk.de\/?p=886"},"modified":"2022-02-01T16:22:33","modified_gmt":"2022-02-01T15:22:33","slug":"situation-unnoetig-verschaerft","status":"publish","type":"post","link":"https:\/\/www.gruene-mkk.de\/tr\/situation-unnoetig-verschaerft\/","title":{"rendered":"Gereksiz a\u011f\u0131rla\u015ft\u0131r\u0131lm\u0131\u015f durum"},"content":{"rendered":"<p><strong>Ye\u015filler Parlamenter Grubu: Erlensee'nin acilen Gro\u00dfkrotzenburg'daki yeni ilkokulu \/ endi\u015feleri ciddiye almas\u0131 gerekiyor<\/strong><\/p>\n\n\n\n<!--more-->\n\n\n\n<p>Main-Kinzig b\u00f6lgesindeki Ye\u015filler meclis grubunun e\u011fitim politikas\u0131 s\u00f6zc\u00fcs\u00fc Matthias Zach, \"Main-Kinzig b\u00f6lgesinde aylard\u0131r devam eden okul geli\u015fimi tart\u0131\u015fmas\u0131 ve B\u00fcy\u00fck Koalisyon'un benimsenen bir okul geli\u015ftirme plan\u0131 \u015feklinde bir yan\u0131t vermemesi, Erlensee ve Gro\u00dfkrotzenburg'daki durumu gereksiz yere daha da k\u00f6t\u00fcle\u015ftirdi\" diyor. \u015eu anda, Erlensee ve Gro\u00dfkrotzenburg'da ilkokul sekt\u00f6r\u00fcndeki kapasiteler eksik. \u00d6n\u00fcm\u00fczdeki y\u0131llarda oradaki durum daha da k\u00f6t\u00fcle\u015fecek.<\/p>\n\n\n\n<p>Main-Kinzig-Kreis taraf\u0131ndaki bir \u00e7\u00f6z\u00fcm, mevcut bilgi durumumuza g\u00f6re geli\u015ftirilmemi\u015ftir. Zach, halka a\u00e7\u0131k \u00e7\u00f6z\u00fcmler i\u00e7in somut \u00f6nerilerde bulunmak ve m\u00fcmk\u00fcn olan en k\u0131sa s\u00fcrede kararlar almak yerine, dairenin kendisini yazd\u0131\u011f\u0131 gibi, yaln\u0131zca yo\u011fun tart\u0131\u015fmalara girdi\u011fini s\u00f6yl\u00fcyor. \u2047 Ancak, yeni bir ilkokulun in\u015fas\u0131 birka\u00e7 hafta i\u00e7inde tamamlanmad\u0131 ve tart\u0131\u015f\u0131lan Eulenhof'taki Erlense okulunun geni\u015flemesi bir g\u00fcnden di\u011ferine gitmiyor. \u2047  \u00d6n\u00fcm\u00fczdeki y\u0131llarda talebin ne zaman ve ne kadar y\u00fcksek olaca\u011f\u0131 \u00f6ng\u00f6r\u00fclebilir.<\/p>\n\n\n\n<p>Erlense'deki il\u00e7e meclisi \u00fcyesi Renate Tonecker-B\u00f6s, \"Genellikle bir okul geli\u015ftirme plan\u0131 bu cevaplar\u0131 sa\u011flar ve il\u00e7e meclisine \u00f6n\u00fcm\u00fczdeki y\u0131llar i\u00e7in somut \u00f6nlemler g\u00f6sterir\" diyor. 2021'den sonraki y\u0131llar i\u00e7in benimsenecek okul geli\u015ftirme plan\u0131, ilk s\u00fcr\u00fcm\u00fcn okul politikas\u0131 i\u00e7erik hatalar\u0131, yanl\u0131\u015f say\u0131lar ve eksikliklerin yan\u0131 s\u0131ra il\u00e7e meclisindeki yaz\u0131m ve bi\u00e7imlendirme hatalar\u0131 nedeniyle reddedilmesinin ard\u0131ndan bir y\u0131l\u0131 a\u015fk\u0131n bir s\u00fcredir bor\u00e7lu olan Winfried Ottmann. \"Bu umut eksikli\u011fi ve okul geli\u015fimi ba\u011flam\u0131nda m\u00fcteakip eylemsizlik, art\u0131k yeterli ilkokul yeri yoksa, \u00f6\u011frencileri ve \u00f6zellikle Erlensee'deki ebeveynleri y\u0131kamak zorunda. Tonecker-B\u00f6s, \u00f6n\u00fcm\u00fczdeki iki ila \u00fc\u00e7 y\u0131l i\u00e7inde \u00fc\u00e7 yeni s\u0131n\u0131f trene ihtiya\u00e7 duyulaca\u011f\u0131ndan, bir darbo\u011faz olana kadar, sadece bir zaman meselesi oldu\u011funu s\u00f6yl\u00fcyor.<\/p>\n\n\n\n<p>Ayn\u0131 sorun ba\u015fka yerlerde de g\u00f6r\u00fclebilir. \u2047  Sadece Erlensee'de de\u011fil, Gro\u00dfkrotzenburg'daki ilkokulda da yerler yava\u015f yava\u015f azal\u0131yor, diyor Gro\u00dfkrotzenburg Ye\u015fil Belediye Ba\u015fkan\u0131 Aday\u0131 Lucas B\u00e4uml. Orada, tam zamanl\u0131 bak\u0131m i\u00e7in yasal haklar\u0131n\u0131 kullanan ailelerin say\u0131s\u0131 2029'da mevcut 30'dan 150'ye y\u00fckselecek: Bu, mevcut kapasitelerin de g\u00fc\u00e7lendirilmesi gerekti\u011fi anlam\u0131na gelir. Ben a\u00e7\u0131k\u00e7a okul organizat\u00f6r\u00fc olarak Main-Kinzig-Kreis taraf\u0131ndan belediyenin bir \u00e7\u00f6z\u00fcm odakl\u0131 destek \u00f6zledim \", B\u00e4uml mevcut s\u0131n\u0131flar okul bak\u0131m\u0131n\u0131n uygulanmas\u0131 i\u00e7in yeterli olaca\u011f\u0131n\u0131 il\u00e7enin \u00f6nceki tutum endi\u015fe ile g\u00f6r\u00fcn\u00fcyor.<\/p>\n\n\n\n<p>B\u00f6lge meclis grubu bu nedenle Main-Kinzig-Kreis'e bir soru katalo\u011fu sordu. Zach, \"Di\u011fer \u015feylerin yan\u0131 s\u0131ra, bor\u00e7lunun Erlensee ve Gro\u00dfkrotzenburg'daki talep eksikli\u011finin ne kadar s\u00fcredir fark\u0131nda oldu\u011funu ve o zamandan beri hangi somut ad\u0131mlar\u0131n at\u0131ld\u0131\u011f\u0131n\u0131 bilmek istiyoruz\" dedi. Ayr\u0131ca, yeni ilkokullar\u0131n ne zaman tamamlanabilece\u011fi ve yeni bir binan\u0131n zaman\u0131nda ger\u00e7ekle\u015ftirilmemesi durumunda bor\u00e7 tahsildar\u0131n\u0131n ne gibi bir \u00e7\u00f6z\u00fcm bulunabilece\u011fi konusunda y\u00f6netimden somut bir a\u00e7\u0131klama istiyoruz.<\/p>\n\n\n\n<p>B\u00f6lge meclis grubu da okul geli\u015ftirme plan\u0131 sorusunu g\u00fcndeme getiriyor: \u2047 Bunun ne zaman tavsiye i\u00e7in yetkili makamlara sunulaca\u011f\u0131n\u0131 ve Erlensee'deki ilkokula ek olarak orada yeni binalar\u0131n tan\u0131t\u0131l\u0131p tan\u0131t\u0131lmayaca\u011f\u0131n\u0131 bilmek istiyoruz. \u2047<\/p>\n\n\n\n<p>\u00c7emberin \u015fu anda hi\u00e7bir a\u00e7\u0131klama yapmad\u0131\u011f\u0131 tek konu bunlar de\u011fil. \u2047 Bu nedenle, b\u00f6lge konseyi taraf\u0131ndan kararla\u015ft\u0131r\u0131lan t\u00fcm g\u00fcn okullar i\u00e7in ekipman da<\/p>\n\n\n\n<p>bir kafeterya ve geni\u015f soru katalo\u011fumuzun bir par\u00e7as\u0131 olan Westkreis'teki spor salonu teklifinin geni\u015fletilmesi ile. Bunun, il\u00e7enin okul geli\u015ftirme planlamas\u0131ndaki mevcut sorulara \u00e7ok ihtiya\u00e7 duyulan cevaplar\u0131 sa\u011flayaca\u011f\u0131n\u0131 umuyoruz \"diyor Zach.<\/p>\n\n\n\n<hr class=\"wp-block-separator\"\/>\n\n\n\n<p>Sorular i\u00e7in:<\/p>\n\n\n\n<p>Jakob M\u00e4hler<br>Grup genel m\u00fcd\u00fcr\u00fc<br>\u0130ttifak 90 \/ Ye\u015filler Main-Kinzig'de<\/p>\n\n\n\n<p>06181\/61596<br>0176\/46763336<\/p>\n\n\n\n<p>fraktion@gruene-mkk.de<\/p>","protected":false},"excerpt":{"rendered":"<p>Ye\u015filler Parlamenter Grubu: Erlensee'nin acilen Gro\u00dfkrotzenburg'daki yeni ilkokulu \/ endi\u015feleri ciddiye almas\u0131 gerekiyor<\/p>","protected":false},"author":-1,"featured_media":0,"comment_status":"open","ping_status":"open","sticky":false,"template":"","format":"standard","meta":{"footnotes":""},"categories":[2],"tags":[],"class_list":["post-886","post","type-post","status-publish","format-standard","hentry","category-newskreistagsfraktion"],"_links":{"self":[{"href":"https:\/\/www.gruene-mkk.de\/tr\/wp-json\/wp\/v2\/posts\/886","targetHints":{"allow":["GET"]}}],"collection":[{"href":"https:\/\/www.gruene-mkk.de\/tr\/wp-json\/wp\/v2\/posts"}],"about":[{"href":"https:\/\/www.gruene-mkk.de\/tr\/wp-json\/wp\/v2\/types\/post"}],"author":[{"embeddable":true,"href":"https:\/\/www.gruene-mkk.de\/tr\/wp-json\/wp\/v2\/users\/5"}],"replies":[{"embeddable":true,"href":"https:\/\/www.gruene-mkk.de\/tr\/wp-json\/wp\/v2\/comments?post=886"}],"version-history":[{"count":1,"href":"https:\/\/www.gruene-mkk.de\/tr\/wp-json\/wp\/v2\/posts\/886\/revisions"}],"predecessor-version":[{"id":888,"href":"https:\/\/www.gruene-mkk.de\/tr\/wp-json\/wp\/v2\/posts\/886\/revisions\/888"}],"wp:attachment":[{"href":"https:\/\/www.gruene-mkk.de\/tr\/wp-json\/wp\/v2\/media?parent=886"}],"wp:term":[{"taxonomy":"category","embeddable":true,"href":"https:\/\/www.gruene-mkk.de\/tr\/wp-json\/wp\/v2\/categories?post=886"},{"taxonomy":"post_tag","embeddable":true,"href":"https:\/\/www.gruene-mkk.de\/tr\/wp-json\/wp\/v2\/tags?post=886"}],"curies":[{"name":"wp","href":"https:\/\/api.w.org\/{rel}","templated":true}]}}