{"id":875,"date":"2022-01-28T15:36:02","date_gmt":"2022-01-28T14:36:02","guid":{"rendered":"https:\/\/www.gruene-mkk.de\/?p=875"},"modified":"2022-01-28T15:36:02","modified_gmt":"2022-01-28T14:36:02","slug":"gruene-freuen-sich-ueber-verbot-von-atommuelllagerung-in-hanau","status":"publish","type":"post","link":"https:\/\/www.gruene-mkk.de\/tr\/gruene-freuen-sich-ueber-verbot-von-atommuelllagerung-in-hanau\/","title":{"rendered":"Ye\u015filler, Hanau'da n\u00fckleer at\u0131k depolama yasa\u011f\u0131n\u0131 memnuniyetle kar\u015f\u0131lad\u0131"},"content":{"rendered":"<p><strong>d\u00f6n\u00fcm noktas\u0131 yarg\u0131s\u0131\/n\u00fckleer enerji s\u00fcrd\u00fcr\u00fclemez<\/strong><\/p>\n\n\n\n<!--more-->\n\n\n\n<p>Greens Main-Kinzig b\u00f6lge y\u00f6neticisi s\u00f6zc\u00fcs\u00fc ve b\u00f6lge meclis grubunun meclis grubunun ba\u015fkan yard\u0131mc\u0131s\u0131 Viola Ha\u00dfdenteufel, \"Leipzig'deki Federal \u0130dare Mahkemesinin karar\u0131ndan memnunuz\" diyor. \u2047 Ge\u00e7en Sal\u0131 radyoaktif at\u0131klar\u0131n ticari alanlarda depolanmamas\u0131na karar verildi. \u2047<\/p>\n\n\n\n<p>Bu karar\u0131n temeli, bir Hanau sanayi park\u0131ndaki ge\u00e7ici deponun planl\u0131 bir \u015fekilde geni\u015fletilmesiydi: Bundesverwaltungsgericht (Federal \u0130dare Mahkemesi), ticari bir alanda radyoaktif at\u0131klara izin verilmedi\u011fini a\u00e7\u0131k\u00e7a belirtti. Bu karar, Hanau \u015fehrinin \u00e7ok \u00f6tesinde b\u00fcy\u00fck \u00f6neme sahiptir.<\/p>\n\n\n\n<p>Ha\u00dfdenteufel, ge\u00e7ici kamp\u0131n Kreisverband ve Kreistag fraksiyonu taraf\u0131ndan geni\u015fletilmesinin her zaman reddedildi\u011fini vurguluyor: 2018 y\u0131l\u0131nda \u0130dare Mahkemesi,  \u2047 Daher \u2047  \u015firketinin lehine karar verdi ve bir uzatman\u0131n kabul edilebilir oldu\u011funu d\u00fc\u015f\u00fcnd\u00fc. B\u00f6lge meclisinde acil bir hareketle, bu karara dikkat \u00e7ektik ve il\u00e7enin temyiz ba\u015fvurusunda ve daha fazla reddedilmesinde Hanau kentini desteklemesini talep ettik.  \u2047<\/p>\n\n\n\n<p>Mevcut kararla, nihayet end\u00fcstriyel alanlarda bir n\u00fckleer at\u0131k ge\u00e7ici depolama tesisinin planlanmas\u0131n\u0131n reddedilebilece\u011fi a\u00e7\u0131kl\u0131\u011fa kavu\u015fturuldu. N\u00fckleer at\u0131klar\u0131n nihai olarak bertaraf edilmesi ve daha fazla ge\u00e7ici depolama tesisi aray\u0131\u015f\u0131 ile ilgili olarak, burada netlik yarat\u0131lm\u0131\u015ft\u0131r \"diyor Ha\u00dfdenteufel.<\/p>\n\n\n\n<p>\u2047  Main-Kinzig b\u00f6lgesindeki kurulu\u015fundan bu yana, Ye\u015filler s\u00fcrd\u00fcr\u00fclebilir bir enerji arz\u0131 i\u00e7in ve n\u00fckleer enerji kullan\u0131m\u0131na kar\u015f\u0131 kampanya y\u00fcr\u00fctt\u00fcler ve n\u00fckleer kar\u015f\u0131t\u0131 hareketi desteklediler. \u2047  En ge\u00e7 eski  \u2047 Atomdorf \u2047  ve \u00c7ernobil'deki  \u2047 Super-Gau \u2047  \u015firketlerinin suistimalinden bu yana, n\u00fckleer santrallerin bir risk olu\u015fturdu\u011fu ve hi\u00e7bir \u015fekilde s\u00fcrd\u00fcr\u00fclebilir olmad\u0131\u011f\u0131 a\u00e7\u0131kt\u0131r. Bu ba\u011flamda, n\u00fckleer enerjinin Avrupa Birli\u011fi'nde s\u00fcrd\u00fcr\u00fclebilir olarak s\u0131n\u0131fland\u0131r\u0131lmas\u0131 gerekti\u011fi fikrini \u015fiddetle reddediyoruz.<\/p>\n\n\n\n<p>Ye\u015filler Ana-Kinzig'in b\u00f6lge birli\u011fi ve meclis grubu \u015fimdi yenilenebilir enerji \u00fcreten tesislerin geni\u015flemesinin tekrar h\u0131zlanmas\u0131n\u0131 umuyor: Ha\u00dfdenteufel, \"Bu, ger\u00e7ekten s\u00fcrd\u00fcr\u00fclebilir bir enerji arz\u0131 sa\u011flamam\u0131z\u0131 sa\u011flayacak\" diyor.<\/p>\n\n\n\n<p><\/p>\n\n\n\n<hr class=\"wp-block-separator\"\/>\n\n\n\n<p>Sorular i\u00e7in:<\/p>\n\n\n\n<p>Jakob M\u00e4hler<br>Grup genel m\u00fcd\u00fcr\u00fc<br>\u0130ttifak 90 \/ Ye\u015filler Main-Kinzig'de<\/p>\n\n\n\n<p>06181\/61596<br>0176\/46763336<\/p>\n\n\n\n<p>fraktion@gruene-mkk.de<\/p>","protected":false},"excerpt":{"rendered":"<p>d\u00f6n\u00fcm noktas\u0131 yarg\u0131s\u0131\/n\u00fckleer enerji s\u00fcrd\u00fcr\u00fclemez<\/p>","protected":false},"author":-1,"featured_media":0,"comment_status":"open","ping_status":"open","sticky":false,"template":"","format":"standard","meta":{"footnotes":""},"categories":[1,2],"tags":[],"class_list":["post-875","post","type-post","status-publish","format-standard","hentry","category-allgemein","category-newskreistagsfraktion"],"_links":{"self":[{"href":"https:\/\/www.gruene-mkk.de\/tr\/wp-json\/wp\/v2\/posts\/875","targetHints":{"allow":["GET"]}}],"collection":[{"href":"https:\/\/www.gruene-mkk.de\/tr\/wp-json\/wp\/v2\/posts"}],"about":[{"href":"https:\/\/www.gruene-mkk.de\/tr\/wp-json\/wp\/v2\/types\/post"}],"author":[{"embeddable":true,"href":"https:\/\/www.gruene-mkk.de\/tr\/wp-json\/wp\/v2\/users\/5"}],"replies":[{"embeddable":true,"href":"https:\/\/www.gruene-mkk.de\/tr\/wp-json\/wp\/v2\/comments?post=875"}],"version-history":[{"count":3,"href":"https:\/\/www.gruene-mkk.de\/tr\/wp-json\/wp\/v2\/posts\/875\/revisions"}],"predecessor-version":[{"id":879,"href":"https:\/\/www.gruene-mkk.de\/tr\/wp-json\/wp\/v2\/posts\/875\/revisions\/879"}],"wp:attachment":[{"href":"https:\/\/www.gruene-mkk.de\/tr\/wp-json\/wp\/v2\/media?parent=875"}],"wp:term":[{"taxonomy":"category","embeddable":true,"href":"https:\/\/www.gruene-mkk.de\/tr\/wp-json\/wp\/v2\/categories?post=875"},{"taxonomy":"post_tag","embeddable":true,"href":"https:\/\/www.gruene-mkk.de\/tr\/wp-json\/wp\/v2\/tags?post=875"}],"curies":[{"name":"wp","href":"https:\/\/api.w.org\/{rel}","templated":true}]}}