{"id":806,"date":"2021-12-16T16:29:05","date_gmt":"2021-12-16T15:29:05","guid":{"rendered":"https:\/\/www.alles-bleibt-anders.org\/?p=806"},"modified":"2021-12-16T16:33:06","modified_gmt":"2021-12-16T15:33:06","slug":"buergermeisterkandidat-fuer-grosskrotzenburg","status":"publish","type":"post","link":"https:\/\/www.gruene-mkk.de\/tr\/buergermeisterkandidat-fuer-grosskrotzenburg\/","title":{"rendered":"Gro\u00dfkrotzenburg belediye ba\u015fkan\u0131 aday\u0131"},"content":{"rendered":"<p>Lucas Bauml'un<\/p>\n\n\n\n<!--more-->\n\n\n\n<p>Lucas B\u00e4uml, Krotzeboj Greens'in s\u00f6zc\u00fcs\u00fc olarak ve Krotzeboj Greens'in bir \u00fcyesi olarak g\u00f6rev yapt\u0131.<br>Temsil, yerel politikada birka\u00e7 y\u0131ll\u0131k yo\u011fun deneyim kazanabilir. A\u00e7\u0131k do\u011fas\u0131, g\u00fcvenilirli\u011fi ve farkl\u0131 pozisyonlar\u0131 bir araya getirme yetene\u011fi nedeniyle, siyasi organlarda sayg\u0131 ve sayg\u0131dan ho\u015flan\u0131r. Bununla birlikte, kendi bak\u0131\u015f a\u00e7\u0131s\u0131n\u0131 ifade etmekten veya mevcut sorunlar\u0131 adland\u0131rmaktan korkmaz, ancak her zaman yap\u0131c\u0131 \u00e7\u00f6z\u00fcm \u00f6nerileriyle ba\u011flant\u0131l\u0131d\u0131r. Siyasi faaliyeti s\u0131ras\u0131nda, Gro\u00dfkrotzenburg'un gelece\u011fi i\u00e7in kendi vizyonuna sahiptir.<br>\u00f6n\u00fcm\u00fczdeki haftalarda ve bu \u00fc\u00e7\u00fc aras\u0131nda daha ayr\u0131nt\u0131l\u0131 olarak sunulacak olan<br>Kategori: Konular<\/p>\n\n\n\n<p><br>Gro\u00dfkrotzenburg  \u2047  gen\u00e7 ve ya\u015fl\u0131lar i\u00e7in ya\u015fanabilir<br>Gro\u00dfkrotzenburg - \u0130klim de\u011fi\u015fikli\u011fine kar\u015f\u0131 eylem<br>Gro\u00dfkrotzenburg  \u2047  vatanda\u015flara yak\u0131n ve verimli<br><\/p>\n\n\n\n<p>\u00f6zetlenebilir.<br><\/p>\n\n\n\n<p>Lucas B\u00e4uml, \"Toplulu\u011fumuza geri hareket getirmek ve k\u00fclt\u00fcr olmamaya son vermek istiyorum\" diye a\u00e7\u0131kl\u0131yor. Belediye ba\u015fkan\u0131 olarak, bir bek\u00e7i, bir \u00f6nc\u00fc ve bir arabulucu olarak rol\u00fcm\u00fc g\u00f6r\u00fcyorum. Bir \u015feyleri m\u00fcmk\u00fcn k\u0131lan biri olarak.<\/p>\n\n\n\n<p><br>Toplulu\u011fumuzdaki durgunlu\u011fun \u00fcstesinden gelmek ve perspektifleri yeniden yaratmak, durdurmak istedi\u011fi bir g\u00fc\u00e7 eylemidir. Bu hedefe ula\u015fmak i\u00e7in, onun i\u00e7in iki \u015fey \u00e7ok \u00f6nemlidir. Bir yandan, belediye y\u00f6netiminin g\u00f6rev organizasyonu, personel yap\u0131s\u0131 ve \u00e7al\u0131\u015fma y\u00f6ntemleri temelde revize edilmelidir, burada \u00e7al\u0131\u015fanlar<em>\u0130\u00e7eri g\u00f6t\u00fcr. Lucas B\u00e4uml, i\u015f d\u00fcnyas\u0131nda 10 y\u0131l\u0131 a\u015fk\u0131n mesleki deneyimden elde edilen uzmanl\u0131k ve becerilerden yararlanmaktad\u0131r. \u00d6te yandan, sadece belediye ba\u015fkan\u0131 ve belediye temsilcisi ile belediye kurulu aras\u0131nda de\u011fil, ayn\u0131 zamanda vatanda\u015flarla da ortak bir birliktelik yaratmak istiyor. Bu ortak noktay\u0131 yeniden ke\u015ffetmek benim hedefimdir. Yerel halk\u0131n ne yapt\u0131\u011f\u0131n\u0131 bilmek istiyorum ve onlarla bu konuda konu\u015fmak istiyorum\" diye a\u00e7\u0131kl\u0131yor Lucas B\u00e4uml. Lucas B\u00e4uml zaten vatanda\u015flarla canl\u0131 bir de\u011fi\u015fime sahip<\/em>i\u00e7, esnaf ve dernekler ve bir\u00e7ok d\u00fcrt\u00fcler ve \u00f6neriler i\u00e7in sab\u0131rs\u0131zlan\u0131yor, ve gelecekte daha da bu vatanda\u015flar\u0131n diyalog yo\u011funla\u015ft\u0131r\u0131lmas\u0131.<br><\/p>\n\n\n\n<p>Lucas B\u00e4uml,  \u2047 Gro\u00dfkrotzenburg'un bir\u00e7ok alanda de\u011fi\u015fti\u011fini ve bunun olumlu bir de\u011fi\u015fim f\u0131rsat\u0131 sundu\u011funu yineliyor. Ama yeni bir \u00e7\u0131\u011f\u0131r a\u00e7mak cesaret ister. Lucas B\u00e4uml'a Facebook ve Instagram'dan veya buergermeister@lucas2022.de adresine e-posta yoluyla ula\u015f\u0131labilir.<\/p>\n\n\n\n<p><\/p>","protected":false},"excerpt":{"rendered":"<p>Lucas Bauml'un<\/p>","protected":false},"author":-1,"featured_media":807,"comment_status":"open","ping_status":"open","sticky":false,"template":"","format":"standard","meta":{"footnotes":""},"categories":[4],"tags":[],"class_list":["post-806","post","type-post","status-publish","format-standard","has-post-thumbnail","hentry","category-newsortsverbaende"],"_links":{"self":[{"href":"https:\/\/www.gruene-mkk.de\/tr\/wp-json\/wp\/v2\/posts\/806","targetHints":{"allow":["GET"]}}],"collection":[{"href":"https:\/\/www.gruene-mkk.de\/tr\/wp-json\/wp\/v2\/posts"}],"about":[{"href":"https:\/\/www.gruene-mkk.de\/tr\/wp-json\/wp\/v2\/types\/post"}],"author":[{"embeddable":true,"href":"https:\/\/www.gruene-mkk.de\/tr\/wp-json\/wp\/v2\/users\/2"}],"replies":[{"embeddable":true,"href":"https:\/\/www.gruene-mkk.de\/tr\/wp-json\/wp\/v2\/comments?post=806"}],"version-history":[{"count":2,"href":"https:\/\/www.gruene-mkk.de\/tr\/wp-json\/wp\/v2\/posts\/806\/revisions"}],"predecessor-version":[{"id":810,"href":"https:\/\/www.gruene-mkk.de\/tr\/wp-json\/wp\/v2\/posts\/806\/revisions\/810"}],"wp:featuredmedia":[{"embeddable":true,"href":"https:\/\/www.gruene-mkk.de\/tr\/wp-json\/wp\/v2\/media\/807"}],"wp:attachment":[{"href":"https:\/\/www.gruene-mkk.de\/tr\/wp-json\/wp\/v2\/media?parent=806"}],"wp:term":[{"taxonomy":"category","embeddable":true,"href":"https:\/\/www.gruene-mkk.de\/tr\/wp-json\/wp\/v2\/categories?post=806"},{"taxonomy":"post_tag","embeddable":true,"href":"https:\/\/www.gruene-mkk.de\/tr\/wp-json\/wp\/v2\/tags?post=806"}],"curies":[{"name":"wp","href":"https:\/\/api.w.org\/{rel}","templated":true}]}}