{"id":796,"date":"2021-11-26T18:35:00","date_gmt":"2021-11-26T17:35:00","guid":{"rendered":"https:\/\/www.alles-bleibt-anders.org\/?p=796"},"modified":"2021-12-09T18:35:58","modified_gmt":"2021-12-09T17:35:58","slug":"aenderungsantrag-zum-haushalt-geringere-erhoehung-der-kreisumlage","status":"publish","type":"post","link":"https:\/\/www.gruene-mkk.de\/tr\/aenderungsantrag-zum-haushalt-geringere-erhoehung-der-kreisumlage\/","title":{"rendered":"B\u00fct\u00e7ede de\u011fi\u015fiklik: B\u00f6lge vergisinde azalt\u0131lm\u0131\u015f art\u0131\u015f"},"content":{"rendered":"<p><strong>B\u00f6lge meclisi karar verir:&nbsp;&nbsp;&nbsp;&nbsp;&nbsp; &nbsp;&nbsp;&nbsp;&nbsp;&nbsp;<\/strong><\/p>\n\n\n\n<p>2022 mali y\u0131l\u0131nda il\u00e7e vergisi i\u00e7in kald\u0131rma oran\u0131 y\u00fczde 1,0 oran\u0131nda artarak y\u00fczde 33,47'ye \u00e7\u0131kar\u0131lacak.<\/p>\n\n\n\n<p><strong>A\u00e7\u0131klay\u0131c\u0131 muht\u0131ra:<\/strong><\/p>\n\n\n\n<p>Y\u0131llar boyunca, Main-Kinzig-Kreis, \u00f6nceki mali y\u0131llar\u0131n planlanmas\u0131ndan \u00f6nemli \u00f6l\u00e7\u00fcde daha y\u00fcksek olan ola\u011fan sonu\u00e7ta y\u00fcksek fazlal\u0131klar g\u00f6stermi\u015ftir.<\/p>\n\n\n\n<ul class=\"wp-block-list\"><li>2017 y\u0131l\u0131nda 1 milyon Euro planland\u0131, asl\u0131nda 36 milyon Euro idi.<\/li><li>2018'de 23 milyon Euro planland\u0131, asl\u0131nda 53 milyon Euro vard\u0131.<\/li><li>2019'da 22 milyon avro planland\u0131, asl\u0131nda 48 milyon avroydu<\/li><li>2020'de 15 milyon avro planland\u0131, asl\u0131nda 39 milyon avro civar\u0131nda olacak<\/li><\/ul>\n\n\n\n<p>Fazla planlanm\u0131\u015f mali tablolar sevindirici ve Main-Kinzig b\u00f6lgesinin maliyesini daha da sa\u011flamla\u015ft\u0131rmaya yard\u0131mc\u0131 oluyor. \u00d6te yandan, ger\u00e7ek\u00e7i bir sonu\u00e7 planlamas\u0131 da buradaki mevcut finansal bo\u015flu\u011fu daha a\u00e7\u0131k bir \u015fekilde g\u00f6sterecektir.<\/p>\n\n\n\n<p>2021 ek b\u00fct\u00e7esiyle, koronavir\u00fcs pandemisi zamanlar\u0131nda yerel makamlar\u0131 rahatlatmak ve konaklama maliyetindeki (KdU) daha fazla rahatlamay\u0131 yerel makamlara aktarmak i\u00e7in il\u00e7e ek \u00fccreti y\u00fczde 2,5 azalt\u0131ld\u0131.<\/p>\n\n\n\n<p>Mevcut b\u00fct\u00e7e tasla\u011f\u0131nda il\u00e7e vergisinde %2'lik bir art\u0131\u015f \u00f6ng\u00f6r\u00fcl\u00fcyor.<\/p>\n\n\n\n<p>B\u00f6ylece, Main-Kinzig-Kreis, kazan\u00e7 b\u00fct\u00e7esinde yakla\u015f\u0131k 15.9 milyon avro ve mali b\u00fct\u00e7ede 278.681 avroluk ola\u011fan bir y\u0131ll\u0131k sonu\u00e7 elde etmek istiyor. Landrat Thorsten Stolz'a g\u00f6re, burada manevraya yer yok ve azalmadan bir y\u0131l sonra il\u00e7e vergisindeki bu art\u0131\u015f ka\u00e7\u0131n\u0131lmaz.<\/p>\n\n\n\n<p>Ayn\u0131 zamanda il\u00e7e, olu\u015fturulacak emeklilik h\u00fck\u00fcmleri nedeniyle Main-Kinzig il\u00e7esine kal\u0131c\u0131 bir mali y\u00fck getirecek 19 ek memur g\u00f6revi de dahil olmak \u00fczere 2022 i\u00e7in 26 yeni g\u00f6rev planl\u0131yor. Burada, art\u0131k yeni resmi pozisyonlar yaratmayan ve i\u015fgal etmeyen di\u011fer il\u00e7e ve belediyelerin \u00f6rnekleri takip edilmelidir. Bunun yerine, orta vadede mevcut 330'dan fazla memur g\u00f6revinin gerekli bir seviyeye indirilmesi istenmelidir.<\/p>\n\n\n\n<p>Okullar, klinikler ve dijitalle\u015fme gibi \u00f6nemli alanlarda yakla\u015f\u0131k 55 milyon avroluk gerekli yat\u0131r\u0131mlar, yakla\u015f\u0131k 25 milyon avroluk net yeni bir bor\u00e7 gerektiriyor. Ne yaz\u0131k ki, iklim koruma ve d\u00f6ng\u00fc yolu in\u015faat\u0131 gibi \u00f6nemli yat\u0131r\u0131m alanlar\u0131 yat\u0131r\u0131m program\u0131nda hi\u00e7 veya sadece k\u00fc\u00e7\u00fck bir yat\u0131r\u0131m hacmi ile g\u00f6r\u00fcnm\u00fcyor.<\/p>\n\n\n\n<p>B\u00f6lge vergisinin ayarlanmas\u0131, a\u00e7\u0131k finansman bo\u015fluklar\u0131n\u0131 kapatmak i\u00e7in son se\u00e7enektir, bu nedenle mevcut tasarruf potansiyeli kullan\u0131lmal\u0131 ve b\u00f6lge vergisi en fazla y\u00fczde bir puan art\u0131r\u0131lmal\u0131d\u0131r.<\/p>\n\n\n\n<p>\u00d6n\u00fcm\u00fczdeki y\u0131llarda il\u00e7enin amac\u0131, sadece il\u00e7ede de\u011fil, il\u00e7e belediyelerinde de hareket etme kabiliyetini korumak i\u00e7in belediyelere daha fazla y\u00fck bindirmekten ka\u00e7\u0131nmak ve b\u00fct\u00e7edeki konsolidasyon fakt\u00f6r\u00fcne daha fazla a\u011f\u0131rl\u0131k vermek olmal\u0131d\u0131r.<\/p>\n\n\n\n<p>Bunun nedeni: Main-Kinzig-Kreis, esas olarak bir b\u00f6lge olarak bak\u0131m g\u00f6revimiz olan \u00e7ok say\u0131da belediyenin birle\u015fmesidir.<\/p>","protected":false},"excerpt":{"rendered":"<p>B\u00f6lge meclisi karar verir:\u00a0\u00a0\u00a0\u00a0\u00a0 \u00a0\u00a0\u00a0\u00a0\u00a0 2022 mali y\u0131l\u0131nda il\u00e7e vergisi i\u00e7in kald\u0131rma oran\u0131 y\u00fczde 1,0 oran\u0131nda artarak y\u00fczde 33,47'ye \u00e7\u0131kar\u0131lacak. A\u00e7\u0131klay\u0131c\u0131 muht\u0131ra: Main-Kinzig il\u00e7esinde y\u00fcksek fazlal\u0131klar olmu\u015ftur [...]<\/p>","protected":false},"author":-1,"featured_media":0,"comment_status":"open","ping_status":"open","sticky":false,"template":"","format":"standard","meta":{"footnotes":""},"categories":[9],"tags":[],"class_list":["post-796","post","type-post","status-publish","format-standard","hentry","category-antraege-und-anfragen"],"_links":{"self":[{"href":"https:\/\/www.gruene-mkk.de\/tr\/wp-json\/wp\/v2\/posts\/796","targetHints":{"allow":["GET"]}}],"collection":[{"href":"https:\/\/www.gruene-mkk.de\/tr\/wp-json\/wp\/v2\/posts"}],"about":[{"href":"https:\/\/www.gruene-mkk.de\/tr\/wp-json\/wp\/v2\/types\/post"}],"author":[{"embeddable":true,"href":"https:\/\/www.gruene-mkk.de\/tr\/wp-json\/wp\/v2\/users\/2"}],"replies":[{"embeddable":true,"href":"https:\/\/www.gruene-mkk.de\/tr\/wp-json\/wp\/v2\/comments?post=796"}],"version-history":[{"count":1,"href":"https:\/\/www.gruene-mkk.de\/tr\/wp-json\/wp\/v2\/posts\/796\/revisions"}],"predecessor-version":[{"id":797,"href":"https:\/\/www.gruene-mkk.de\/tr\/wp-json\/wp\/v2\/posts\/796\/revisions\/797"}],"wp:attachment":[{"href":"https:\/\/www.gruene-mkk.de\/tr\/wp-json\/wp\/v2\/media?parent=796"}],"wp:term":[{"taxonomy":"category","embeddable":true,"href":"https:\/\/www.gruene-mkk.de\/tr\/wp-json\/wp\/v2\/categories?post=796"},{"taxonomy":"post_tag","embeddable":true,"href":"https:\/\/www.gruene-mkk.de\/tr\/wp-json\/wp\/v2\/tags?post=796"}],"curies":[{"name":"wp","href":"https:\/\/api.w.org\/{rel}","templated":true}]}}