{"id":790,"date":"2021-11-26T18:19:00","date_gmt":"2021-11-26T17:19:00","guid":{"rendered":"https:\/\/www.alles-bleibt-anders.org\/?p=790"},"modified":"2021-12-09T18:28:55","modified_gmt":"2021-12-09T17:28:55","slug":"aenderungsantrag-zum-haushalt-einstellung-eines-einer-mobilitaetsbeauftragten","status":"publish","type":"post","link":"https:\/\/www.gruene-mkk.de\/tr\/aenderungsantrag-zum-haushalt-einstellung-eines-einer-mobilitaetsbeauftragten\/","title":{"rendered":"B\u00fct\u00e7ede de\u011fi\u015fiklik: Bir hareketlilik g\u00f6revlisinin i\u015fe al\u0131nmas\u0131"},"content":{"rendered":"<p><strong>B\u00f6lge meclisi karar verir:&nbsp;&nbsp;&nbsp;&nbsp;&nbsp; &nbsp;&nbsp;&nbsp;&nbsp;&nbsp;<\/strong><\/p>\n\n\n\n<ol class=\"wp-block-list\"><li>B\u00f6lge Komitesi, Ofis 65'te (Okullar, Bina ve M\u00fclk \u0130daresi ve Merkezi Hizmetler) Hareketlilik G\u00f6revlisi g\u00f6revini olu\u015fturmakla g\u00f6revlidir.<\/li><li>Bu ama\u00e7la, kurulu\u015f plan\u0131na 1.0 g\u00f6nderi eklenir.<\/li><li>Hareketlilik g\u00f6revlisinin g\u00f6revleri \u015funlar\u0131 i\u00e7erir:<ol><li>Mobilite kavram\u0131n\u0131n uygulanmas\u0131<\/li><li>S\u0131f\u0131r emisyonlu ta\u015f\u0131mac\u0131l\u0131\u011f\u0131n g\u00fc\u00e7lendirilmesi<\/li><li>Bisiklet Kavramlar\u0131n\u0131n Uygulanmas\u0131<\/li><li>Federal, eyalet, il\u00e7e ve belediyeler aras\u0131nda arabuluculuk<\/li><li>Belediyelerin s\u00fcrd\u00fcr\u00fclebilir a\u011f\u0131<\/li><li>Mobilite y\u00f6netiminin t\u00fcm g\u00f6revleri i\u00e7in irtibat ki\u015fisi<\/li><\/ol><\/li><li>Hareketlilik g\u00f6revlisi g\u00f6revinin bir de\u011ferlendirmesi, bir y\u0131l sonra Ekonomik \u0130\u015fler, Enerji, Ula\u015ft\u0131rma, \u00c7evre ve Tar\u0131m Komitesi'nde ger\u00e7ekle\u015ftirilecektir.<\/li><li>D\u00fczenli raporlama her alt\u0131 ayda bir, ancak y\u0131lda en az bir kez WEVUL'da ger\u00e7ekle\u015fir.<\/li><\/ol>\n\n\n\n<p><strong>A\u00e7\u0131klay\u0131c\u0131 muht\u0131ra:<\/strong><\/p>\n\n\n\n<p>\u0130nsanlar\u0131n hareket \u015fekli \u015fu anda bir kar\u0131\u015f\u0131kl\u0131k durumunda. Hareketlilikteki bu de\u011fi\u015fim, \u015fehirler ve belediyeler i\u00e7in oldu\u011fu kadar k\u0131rsal b\u00f6lgeler i\u00e7in de yeni zorluklar do\u011furmaktad\u0131r.<\/p>\n\n\n\n<p>Belediye hizmetlerinin ana g\u00f6revlerinden biri, s\u00fcrd\u00fcr\u00fclebilir hareketlili\u011fin g\u00f6z \u00f6n\u00fcnde bulundurulmas\u0131 ve uygulanmas\u0131d\u0131r. Bu nedenle, iki bisiklet konseptine ek olarak, Main-Kinzig-Kreis, \u00f6n\u00fcm\u00fczdeki y\u0131llarda uygulanmas\u0131 \u00f6nemli bir g\u00f6rev haline gelecek olan hareketlilik kavram\u0131n\u0131 da ba\u015flatt\u0131.<\/p>\n\n\n\n<p>Hareketlilik g\u00f6revlisi, belirlenen ofisler, b\u00f6lge ve belediyeler aras\u0131nda arabuluculuk yapmak i\u00e7in \u00e7apraz kesme g\u00f6revini organize eder. Daha sonraki kursta, hareketlilik g\u00f6revlisi il\u00e7e ve belediyeler aras\u0131nda daha fazla i\u015fbirli\u011fi sa\u011flar.<\/p>\n\n\n\n<p>Ayn\u0131 zamanda, hareketlilik misyonu beyan\u0131n\u0131n uygulanmas\u0131na ek olarak, s\u0131f\u0131r emisyonlu ta\u015f\u0131mac\u0131l\u0131\u011f\u0131n g\u00fc\u00e7lendirilmesine, \u00f6zellikle de bisiklet konseptlerinin uygulanmas\u0131na katk\u0131da bulunmak onun g\u00f6revlerinden biridir.<\/p>\n\n\n\n<p>Hareketlilik g\u00f6revlisi ayn\u0131 zamanda Main-Kinzig b\u00f6lgesindeki hareketlilik y\u00f6netiminin t\u00fcm g\u00f6revleri i\u00e7in irtibat ki\u015fisidir ve \u00e7apraz ta\u015f\u0131ma hareketlili\u011fi konular\u0131nda s\u00fcrd\u00fcr\u00fclebilir bir belediye a\u011f\u0131 i\u015fletmektedir.<\/p>","protected":false},"excerpt":{"rendered":"<p>B\u00f6lge meclisi karar verir:\u00a0\u00a0\u00a0\u00a0\u00a0 \u00a0\u00a0\u00a0\u00a0\u00a0 B\u00f6lge Komitesi, Ofis 65'te (Okullar, Bina ve M\u00fclk \u0130daresi ve Merkezi Hizmetler) Hareketlilik G\u00f6revlisi g\u00f6revini olu\u015fturmakla g\u00f6revlidir. Bu ama\u00e7la, kurulu\u015f plan\u0131nda 1.0 mesajlar\u0131 [...]<\/p>","protected":false},"author":-1,"featured_media":0,"comment_status":"open","ping_status":"open","sticky":false,"template":"","format":"standard","meta":{"footnotes":""},"categories":[9],"tags":[],"class_list":["post-790","post","type-post","status-publish","format-standard","hentry","category-antraege-und-anfragen"],"_links":{"self":[{"href":"https:\/\/www.gruene-mkk.de\/tr\/wp-json\/wp\/v2\/posts\/790","targetHints":{"allow":["GET"]}}],"collection":[{"href":"https:\/\/www.gruene-mkk.de\/tr\/wp-json\/wp\/v2\/posts"}],"about":[{"href":"https:\/\/www.gruene-mkk.de\/tr\/wp-json\/wp\/v2\/types\/post"}],"author":[{"embeddable":true,"href":"https:\/\/www.gruene-mkk.de\/tr\/wp-json\/wp\/v2\/users\/2"}],"replies":[{"embeddable":true,"href":"https:\/\/www.gruene-mkk.de\/tr\/wp-json\/wp\/v2\/comments?post=790"}],"version-history":[{"count":1,"href":"https:\/\/www.gruene-mkk.de\/tr\/wp-json\/wp\/v2\/posts\/790\/revisions"}],"predecessor-version":[{"id":793,"href":"https:\/\/www.gruene-mkk.de\/tr\/wp-json\/wp\/v2\/posts\/790\/revisions\/793"}],"wp:attachment":[{"href":"https:\/\/www.gruene-mkk.de\/tr\/wp-json\/wp\/v2\/media?parent=790"}],"wp:term":[{"taxonomy":"category","embeddable":true,"href":"https:\/\/www.gruene-mkk.de\/tr\/wp-json\/wp\/v2\/categories?post=790"},{"taxonomy":"post_tag","embeddable":true,"href":"https:\/\/www.gruene-mkk.de\/tr\/wp-json\/wp\/v2\/tags?post=790"}],"curies":[{"name":"wp","href":"https:\/\/api.w.org\/{rel}","templated":true}]}}