{"id":788,"date":"2021-11-26T18:18:00","date_gmt":"2021-11-26T17:18:00","guid":{"rendered":"https:\/\/www.alles-bleibt-anders.org\/?p=788"},"modified":"2021-12-09T18:19:26","modified_gmt":"2021-12-09T17:19:26","slug":"aenderungsantrag-zum-haushalt-mehr-geld-fuer-radwege","status":"publish","type":"post","link":"https:\/\/www.gruene-mkk.de\/tr\/aenderungsantrag-zum-haushalt-mehr-geld-fuer-radwege\/","title":{"rendered":"B\u00fct\u00e7ede de\u011fi\u015fiklik: Bisiklet yollar\u0131 i\u00e7in daha fazla para"},"content":{"rendered":"<p><strong>B\u00f6lge meclisi karar verir:&nbsp;&nbsp;&nbsp;&nbsp;&nbsp; &nbsp;&nbsp;&nbsp;&nbsp;&nbsp;<\/strong><\/p>\n\n\n\n<p>D\u00f6ng\u00fc yolunun geni\u015fletilmesine y\u00f6nelik fonlar 300.000 avrodan 1,5 milyon avroya \u00e7\u0131kar\u0131lacak.<\/p>\n\n\n\n<p><strong>A\u00e7\u0131klay\u0131c\u0131 muht\u0131ra:<\/strong><\/p>\n\n\n\n<p>Bisiklet \u00f6n\u00fcm\u00fczdeki y\u0131llarda \u00f6nemli \u00f6l\u00e7\u00fcde artacakt\u0131r. Bu s\u00fcrd\u00fcr\u00fclebilir hareketlili\u011fi te\u015fvik etmek i\u00e7in uygun b\u00fct\u00e7e kaynaklar\u0131na ihtiya\u00e7 vard\u0131r.<\/p>\n\n\n\n<p>Ayn\u0131 zamanda bisiklet konsepti 2022 ba\u015f\u0131nda tamamlanacak. Bu konseptten somut \u00f6nlemleri h\u0131zl\u0131 bir \u015fekilde uygulamak i\u00e7in, \u00f6zellikle B\u00fcy\u00fck Koalisyon taraf\u0131ndan kararla\u015ft\u0131r\u0131ld\u0131\u011f\u0131 gibi, hala bu b\u00fct\u00e7enin kapsad\u0131\u011f\u0131 bisiklet park yerleri in\u015fa edilecekse, 300.000 Euro b\u00fct\u00e7e yeterli de\u011fildir.<\/p>\n\n\n\n<p>90 \u00f6nlemin hi\u00e7biri orijinal d\u00f6ng\u00fc yolu konseptinden uygulanmad\u0131. Bu sadece d\u00f6ng\u00fc yollar\u0131n\u0131n geni\u015fletilmesine yat\u0131r\u0131m yapmaktaki isteksizli\u011fi de\u011fil, ayn\u0131 zamanda b\u00f6lge liderli\u011finin b\u00fct\u00e7edeki kendi s\u0131n\u0131rlamalar\u0131 nedeniyle kendisine verdi\u011fi mali serbestlik eksikli\u011fini de g\u00f6stermektedir.<\/p>\n\n\n\n<p>Son y\u0131llarda, il\u00e7e yollar\u0131n\u0131n geni\u015fletilmesi i\u00e7in yakla\u015f\u0131k 12 milyon avro harcand\u0131. D\u00f6ng\u00fc yollar\u0131n\u0131n geni\u015fletilmesi i\u00e7in se\u00e7ti\u011fimiz yakla\u015f\u0131m bu nedenle sadece yakla\u015f\u0131k 10'dur. % Yol in\u015faat\u0131 i\u00e7in mevcut fonlar.<\/p>\n\n\n\n<p>\u00d6zel iyile\u015ftirmelerin yan\u0131 s\u0131ra, bisiklet yollar\u0131n\u0131n a\u011f\u0131n\u0131 art\u0131rmak ve bisikleti daha \u00e7ekici hale getirmek i\u00e7in il\u00e7e yollar\u0131nda beton uzatma ve yeni bisiklet yollar\u0131 in\u015fas\u0131 i\u00e7in acil bir ihtiya\u00e7 vard\u0131r.<\/p>\n\n\n\n<p>\u0130klim-n\u00f6tr hareketlili\u011fe uzun vadeli bir ge\u00e7i\u015f ba\u015far\u0131l\u0131 olacaksa, Main-Kinzig b\u00f6lgesi, ilgili d\u00f6ng\u00fc yolu altyap\u0131s\u0131n\u0131 geni\u015fleterek temeli atmal\u0131d\u0131r.<\/p>","protected":false},"excerpt":{"rendered":"<p>B\u00f6lge meclisi karar verir:\u00a0\u00a0\u00a0\u00a0\u00a0 \u00a0\u00a0\u00a0\u00a0\u00a0 D\u00f6ng\u00fc yolunun geni\u015fletilmesine y\u00f6nelik fonlar 300.000 avrodan 1,5 milyon avroya \u00e7\u0131kar\u0131lacak. A\u00e7\u0131klay\u0131c\u0131 muht\u0131ra: Bisiklet \u00f6n\u00fcm\u00fczdeki y\u0131llarda \u00f6nemli \u00f6l\u00e7\u00fcde artacakt\u0131r. Bunlar i\u00e7in [...]<\/p>","protected":false},"author":-1,"featured_media":0,"comment_status":"open","ping_status":"open","sticky":false,"template":"","format":"standard","meta":{"footnotes":""},"categories":[9],"tags":[],"class_list":["post-788","post","type-post","status-publish","format-standard","hentry","category-antraege-und-anfragen"],"_links":{"self":[{"href":"https:\/\/www.gruene-mkk.de\/tr\/wp-json\/wp\/v2\/posts\/788","targetHints":{"allow":["GET"]}}],"collection":[{"href":"https:\/\/www.gruene-mkk.de\/tr\/wp-json\/wp\/v2\/posts"}],"about":[{"href":"https:\/\/www.gruene-mkk.de\/tr\/wp-json\/wp\/v2\/types\/post"}],"author":[{"embeddable":true,"href":"https:\/\/www.gruene-mkk.de\/tr\/wp-json\/wp\/v2\/users\/2"}],"replies":[{"embeddable":true,"href":"https:\/\/www.gruene-mkk.de\/tr\/wp-json\/wp\/v2\/comments?post=788"}],"version-history":[{"count":1,"href":"https:\/\/www.gruene-mkk.de\/tr\/wp-json\/wp\/v2\/posts\/788\/revisions"}],"predecessor-version":[{"id":789,"href":"https:\/\/www.gruene-mkk.de\/tr\/wp-json\/wp\/v2\/posts\/788\/revisions\/789"}],"wp:attachment":[{"href":"https:\/\/www.gruene-mkk.de\/tr\/wp-json\/wp\/v2\/media?parent=788"}],"wp:term":[{"taxonomy":"category","embeddable":true,"href":"https:\/\/www.gruene-mkk.de\/tr\/wp-json\/wp\/v2\/categories?post=788"},{"taxonomy":"post_tag","embeddable":true,"href":"https:\/\/www.gruene-mkk.de\/tr\/wp-json\/wp\/v2\/tags?post=788"}],"curies":[{"name":"wp","href":"https:\/\/api.w.org\/{rel}","templated":true}]}}