{"id":786,"date":"2021-11-26T18:16:00","date_gmt":"2021-11-26T17:16:00","guid":{"rendered":"https:\/\/www.alles-bleibt-anders.org\/?p=786"},"modified":"2021-12-09T18:17:43","modified_gmt":"2021-12-09T17:17:43","slug":"aenderungsantrag-zum-haushalt-einrichtung-einer-antidiskriminierungsstelle","status":"publish","type":"post","link":"https:\/\/www.gruene-mkk.de\/tr\/aenderungsantrag-zum-haushalt-einrichtung-einer-antidiskriminierungsstelle\/","title":{"rendered":"B\u00fct\u00e7ede de\u011fi\u015fiklik: Ayr\u0131mc\u0131l\u0131k kar\u015f\u0131t\u0131 bir organ\u0131n kurulmas\u0131"},"content":{"rendered":"<p><strong>B\u00f6lge meclisi karar verir:&nbsp;&nbsp;&nbsp;&nbsp;&nbsp; &nbsp;&nbsp;&nbsp;&nbsp;&nbsp;<\/strong><\/p>\n\n\n\n<ol class=\"wp-block-list\"><li>B\u00f6lge Komitesi, Ofis 32'de (G\u00fcvenlik, D\u00fczen, G\u00f6\u00e7 ve Entegrasyon) bir ayr\u0131mc\u0131l\u0131kla m\u00fccadele organ\u0131 kurmakla g\u00f6revlidir.<\/li><li>Bu ama\u00e7la, kurulu\u015f plan\u0131na 1,0 g\u00f6nderi eklenir.<\/li><li>Ayr\u0131mc\u0131l\u0131k Kar\u015f\u0131t\u0131 Kurulu\u015f a\u015fa\u011f\u0131daki g\u00f6revlere odaklanacakt\u0131r:<ol><li>Ayr\u0131mc\u0131l\u0131ktan etkilenen ki\u015filer i\u00e7in ilk temas noktas\u0131 ve tavsiye<\/li><li>Veri sahiplerinin iddialar\u0131 hakk\u0131nda bilgi<\/li><li>sosyal yard\u0131m<\/li><li>Ayr\u0131mc\u0131l\u0131\u011f\u0131 \u00f6nlemeye y\u00f6nelik \u00f6nlemler<\/li><li>Bilimsel \u00e7al\u0131\u015fmalar\u0131n y\u00fcr\u00fct\u00fclmesi<\/li><li>\u0130lgili organlarda d\u00fczenli raporlama<\/li><\/ol><\/li><li>Ayr\u0131mc\u0131l\u0131kla m\u00fccadele g\u00f6revlisinin g\u00f6revinin de\u011ferlendirilmesi, bir y\u0131l sonra Sosyal \u0130\u015fler, Aile \u0130\u015fleri, Ya\u015fl\u0131lar ve Demografi Komitesi'nde ger\u00e7ekle\u015ftirilecektir.<\/li><li>D\u00fczenli raporlama her alt\u0131 ayda bir, ancak y\u0131lda en az bir kez SFSD'de ger\u00e7ekle\u015fir.&nbsp;<\/li><\/ol>\n\n\n\n<p><strong>A\u00e7\u0131klay\u0131c\u0131 muht\u0131ra:<\/strong><\/p>\n\n\n\n<p>Ayr\u0131mc\u0131l\u0131kla M\u00fccadele G\u00f6revlisi, ayr\u0131mc\u0131l\u0131ktan etkilenen ki\u015filer i\u00e7in ilk temas noktas\u0131d\u0131r. Tavsiyeye ek olarak, bu, etkilenenlerin iddialar\u0131 hakk\u0131nda da bilgi verebilir.<\/p>\n\n\n\n<p>Ayr\u0131mc\u0131l\u0131k, k\u00f6ken, dini ba\u011fl\u0131l\u0131k, cinsiyet, cinsel y\u00f6nelim ve sosyal k\u00f6kene dayal\u0131 \u0131rksal niteliklerin yan\u0131 s\u0131ra ayr\u0131mc\u0131l\u0131k ve a\u015fa\u011f\u0131lama, taciz ve damgalamay\u0131 i\u00e7erir.<\/p>\n\n\n\n<p>Main-Kinzig b\u00f6lgesinde y\u0131llard\u0131r artan say\u0131da \u0131rk\u00e7\u0131 olay ya\u015fan\u0131yor.<\/p>\n\n\n\n<p>2016 y\u0131l\u0131nda, Landrat a.D., Erich Pipa, daha fazla m\u00fclteci kabul etme lehine konu\u015ftu\u011fu i\u00e7in a\u015f\u0131r\u0131 sa\u011fc\u0131lar taraf\u0131ndan defalarca kitlesel olarak tehdit edildi ve hakarete u\u011frad\u0131.<\/p>\n\n\n\n<p>2018'de, Birstein-Fischborn'daki oyun derne\u011fi Dietesheim'\u0131n ekibi, oradaki \u00e7entikten otele yabanc\u0131larla birlikte \u00e7a\u011fr\u0131l\u0131yor.<\/p>\n\n\n\n<p>2019'da Eritre'den bir adam \u0131rk\u00e7\u0131 nedenlerle bir adam taraf\u0131ndan vurulur ve hayat\u0131 tehdit edici bir \u015fekilde yaralan\u0131r.<\/p>\n\n\n\n<p>2020'de, Federal Almanya Cumhuriyeti'nin en k\u00f6t\u00fc a\u015f\u0131r\u0131 sa\u011fc\u0131 sald\u0131r\u0131s\u0131 Hanau'da ger\u00e7ekle\u015fecek. Dokuz ki\u015fi yabanc\u0131 d\u00fc\u015fman\u0131 sebeplerle \u00f6ld\u00fcr\u00fcld\u00fc.<\/p>\n\n\n\n<p>Bunlar, son y\u0131llarda Main-Kinzig b\u00f6lgesinde meydana gelen olaylardan sadece birka\u00e7\u0131 ve il\u00e7ede \u00f6nleyici ve proaktif \u00e7al\u0131\u015fmalara acilen ihtiya\u00e7 oldu\u011funu g\u00f6steriyor.<\/p>\n\n\n\n<p>Ayr\u0131mc\u0131l\u0131k kar\u015f\u0131t\u0131 bir organ\u0131n olu\u015fturulmas\u0131, tavsiye, bilgi ve sosyal yard\u0131m yoluyla bu konuyla ilgili fark\u0131ndal\u0131\u011f\u0131 art\u0131rmay\u0131 m\u00fcmk\u00fcn k\u0131lar. Ayn\u0131 zamanda ayr\u0131mc\u0131l\u0131k konusuna dikkat \u00e7ekmek i\u00e7in il\u00e7e b\u00f6lgesindeki idarelerde, okullarda ve \u015firketlerde bilgilendirme etkinlikleri d\u00fczenlenebilir.<\/p>\n\n\n\n<p>Offenbach ve Frankfurt gibi \u015fehirler, \u00e7evremizde ayr\u0131mc\u0131l\u0131k kar\u015f\u0131t\u0131 bir organ\u0131n kurulmas\u0131n\u0131n \u00e7ok iyi kar\u015f\u0131land\u0131\u011f\u0131n\u0131 zaten g\u00f6stermi\u015ftir. Bu, toplumda tavsiye ve bilgiye ihtiya\u00e7 oldu\u011funu a\u00e7\u0131k\u00e7a ortaya koymaktad\u0131r. Burada, \u00f6nceki deneyimleri payla\u015fmak i\u00e7in sorumlu ki\u015filerle bir a\u011f kurulabilir.<\/p>\n\n\n\n<p>Ana-Kinzig-Kreis'in \u00f6zellikle son y\u0131llardaki olaylarla ilgili olarak b\u00f6yle bir ileti\u015fim ve dan\u0131\u015fma merkezi kurmas\u0131 acildir.<\/p>","protected":false},"excerpt":{"rendered":"<p>B\u00f6lge meclisi karar verir:\u00a0\u00a0\u00a0\u00a0\u00a0 \u00a0\u00a0\u00a0\u00a0\u00a0 B\u00f6lge Komitesi, Ofis 32'de (G\u00fcvenlik, D\u00fczen, G\u00f6\u00e7 ve Entegrasyon) bir ayr\u0131mc\u0131l\u0131kla m\u00fccadele organ\u0131 kurmakla g\u00f6revlidir. Bu ama\u00e7la, kurulu\u015f plan\u0131na 1,0 g\u00f6nderi eklenir. Ayr\u0131mc\u0131l\u0131k kar\u015f\u0131t\u0131 [...]<\/p>","protected":false},"author":-1,"featured_media":0,"comment_status":"open","ping_status":"open","sticky":false,"template":"","format":"standard","meta":{"footnotes":""},"categories":[9],"tags":[],"class_list":["post-786","post","type-post","status-publish","format-standard","hentry","category-antraege-und-anfragen"],"_links":{"self":[{"href":"https:\/\/www.gruene-mkk.de\/tr\/wp-json\/wp\/v2\/posts\/786","targetHints":{"allow":["GET"]}}],"collection":[{"href":"https:\/\/www.gruene-mkk.de\/tr\/wp-json\/wp\/v2\/posts"}],"about":[{"href":"https:\/\/www.gruene-mkk.de\/tr\/wp-json\/wp\/v2\/types\/post"}],"author":[{"embeddable":true,"href":"https:\/\/www.gruene-mkk.de\/tr\/wp-json\/wp\/v2\/users\/2"}],"replies":[{"embeddable":true,"href":"https:\/\/www.gruene-mkk.de\/tr\/wp-json\/wp\/v2\/comments?post=786"}],"version-history":[{"count":1,"href":"https:\/\/www.gruene-mkk.de\/tr\/wp-json\/wp\/v2\/posts\/786\/revisions"}],"predecessor-version":[{"id":787,"href":"https:\/\/www.gruene-mkk.de\/tr\/wp-json\/wp\/v2\/posts\/786\/revisions\/787"}],"wp:attachment":[{"href":"https:\/\/www.gruene-mkk.de\/tr\/wp-json\/wp\/v2\/media?parent=786"}],"wp:term":[{"taxonomy":"category","embeddable":true,"href":"https:\/\/www.gruene-mkk.de\/tr\/wp-json\/wp\/v2\/categories?post=786"},{"taxonomy":"post_tag","embeddable":true,"href":"https:\/\/www.gruene-mkk.de\/tr\/wp-json\/wp\/v2\/tags?post=786"}],"curies":[{"name":"wp","href":"https:\/\/api.w.org\/{rel}","templated":true}]}}