{"id":780,"date":"2021-11-26T17:45:00","date_gmt":"2021-11-26T16:45:00","guid":{"rendered":"https:\/\/www.alles-bleibt-anders.org\/?p=780"},"modified":"2021-12-09T17:49:29","modified_gmt":"2021-12-09T16:49:29","slug":"aenderungsantrag-zum-haushalt-machbarkeitsstudie-regionale-schlachtung","status":"publish","type":"post","link":"https:\/\/www.gruene-mkk.de\/tr\/aenderungsantrag-zum-haushalt-machbarkeitsstudie-regionale-schlachtung\/","title":{"rendered":"B\u00fct\u00e7ede de\u011fi\u015fiklik: Fizibilite \u00e7al\u0131\u015fmas\u0131 b\u00f6lgesel kesim"},"content":{"rendered":"<p><strong>B\u00f6lge meclisi karar verir:&nbsp;&nbsp;&nbsp;&nbsp;&nbsp; &nbsp;&nbsp;&nbsp;&nbsp;&nbsp;<\/strong><\/p>\n\n\n\n<p>1.\u00a0\u00a0\u00a0\u00a0\u00a0\u00a0 2022 mali y\u0131l\u0131 i\u00e7in b\u00f6lge meclisi, eko-model b\u00f6lge Main-Kinzig ve Wetteraukreis ile ortak bir mezbahan\u0131n bak\u0131m\u0131 veya in\u015fas\u0131 i\u00e7in bir fizibilite \u00e7al\u0131\u015fmas\u0131 ba\u015flatmaya karar verir.<\/p>\n\n\n\n<p>2.\u00a0\u00a0\u00a0\u00a0\u00a0\u00a0 Bir fizibilite \u00e7al\u0131\u015fmas\u0131 haz\u0131rlamak i\u00e7in b\u00fct\u00e7eye 50.000 avroluk fonlar konulacak.<\/p>\n\n\n\n<p>3.\u00a0\u00a0\u00a0\u00a0\u00a0\u00a0 B\u00f6lgesel Katliam Yuvarlak Masas\u0131 m\u00fcmk\u00fcn olan en k\u0131sa s\u00fcrede ve en ge\u00e7 Q2\/2022'de toplanacakt\u0131r.<\/p>\n\n\n\n<p>4.\u00a0\u00a0\u00a0\u00a0\u00a0\u00a0 Alt\u0131 ay sonra, Yuvarlak Masa sonu\u00e7lar\u0131 Ekonomik \u0130\u015fler, Enerji, Ula\u015ft\u0131rma, \u00c7evre ve Tar\u0131m Komitesi'nde ge\u00e7ici bir rapora konu olacakt\u0131r.<\/p>\n\n\n\n<p><strong>A\u00e7\u0131klay\u0131c\u0131 muht\u0131ra:<\/strong><\/p>\n\n\n\n<p>B\u00fcdingen'deki mezbahan\u0131n kapat\u0131lmas\u0131ndan sonra, Main-Kinzig b\u00f6lgesinden kasaplar ve do\u011frudan pazarlamac\u0131lar i\u00e7in merkezi bir mezbaha ortadan kayboldu.<\/p>\n\n\n\n<p>Sonu\u00e7 olarak, kesim hayvanlar\u0131n\u0131n ta\u015f\u0131ma yollar\u0131 muazzam bir \u015fekilde artmakta ve \u00f6rne\u011fin otoyoldaki kontrollerden sonra hayvan ta\u015f\u0131ma kontrolleri s\u0131ras\u0131nda bo\u015faltma olas\u0131l\u0131\u011f\u0131 tamamen ortadan kalkmaktad\u0131r.<\/p>\n\n\n\n<p>Bir fizibilite \u00e7al\u0131\u015fmas\u0131 yap\u0131larak, b\u00f6lgesel bir mezbaha potansiyeli ara\u015ft\u0131r\u0131lacakt\u0131r. Di\u011fer \u015feylerin yan\u0131 s\u0131ra, b\u00f6lgesel bir mezbahan\u0131n ekonomik olarak hangi \u00f6nlemler alt\u0131nda i\u015fletilebilece\u011fi de incelenmelidir.<\/p>\n\n\n\n<p>B\u00f6lge meclisi, 29 Ekim 2021 tarihinde b\u00f6lgesel katliamla ilgili yuvarlak masa toplant\u0131s\u0131n\u0131n (KOA_AG\/0044\/2021) kurulmas\u0131yla bunun temellerini att\u0131. Bu, b\u00f6yle bir fizibilite \u00e7al\u0131\u015fmas\u0131n\u0131n yap\u0131lmas\u0131 ve yuvarlak masa boyunca e\u015flik edilmesi ve de\u011ferlendirilmesi i\u00e7in gerekli \u00f6nko\u015fulu yaratt\u0131.<\/p>\n\n\n\n<p>Bu nedenle, b\u00f6yle bir fizibilite \u00e7al\u0131\u015fmas\u0131 i\u00e7in gerekli b\u00fct\u00e7eyi bir kenara koymak zorunludur.<\/p>","protected":false},"excerpt":{"rendered":"<p>B\u00f6lge meclisi karar verir:\u00a0\u00a0\u00a0\u00a0\u00a0 \u00a0\u00a0\u00a0\u00a0\u00a0 1.\u00a0\u00a0\u00a0\u00a0\u00a0\u00a0 2022 mali y\u0131l\u0131 i\u00e7in b\u00f6lge meclisi, eko-model b\u00f6lge Main-Kinzig ve Wetteraukreis ile ortak bir mezbahan\u0131n bak\u0131m\u0131 veya in\u015fas\u0131 i\u00e7in bir fizibilite \u00e7al\u0131\u015fmas\u0131 ba\u015flatmaya karar verir. 2.\u00a0\u00a0\u00a0\u00a0\u00a0\u00a0 The [...] '\u0131n<\/p>","protected":false},"author":-1,"featured_media":0,"comment_status":"open","ping_status":"open","sticky":false,"template":"","format":"standard","meta":{"footnotes":""},"categories":[9],"tags":[],"class_list":["post-780","post","type-post","status-publish","format-standard","hentry","category-antraege-und-anfragen"],"_links":{"self":[{"href":"https:\/\/www.gruene-mkk.de\/tr\/wp-json\/wp\/v2\/posts\/780","targetHints":{"allow":["GET"]}}],"collection":[{"href":"https:\/\/www.gruene-mkk.de\/tr\/wp-json\/wp\/v2\/posts"}],"about":[{"href":"https:\/\/www.gruene-mkk.de\/tr\/wp-json\/wp\/v2\/types\/post"}],"author":[{"embeddable":true,"href":"https:\/\/www.gruene-mkk.de\/tr\/wp-json\/wp\/v2\/users\/2"}],"replies":[{"embeddable":true,"href":"https:\/\/www.gruene-mkk.de\/tr\/wp-json\/wp\/v2\/comments?post=780"}],"version-history":[{"count":1,"href":"https:\/\/www.gruene-mkk.de\/tr\/wp-json\/wp\/v2\/posts\/780\/revisions"}],"predecessor-version":[{"id":781,"href":"https:\/\/www.gruene-mkk.de\/tr\/wp-json\/wp\/v2\/posts\/780\/revisions\/781"}],"wp:attachment":[{"href":"https:\/\/www.gruene-mkk.de\/tr\/wp-json\/wp\/v2\/media?parent=780"}],"wp:term":[{"taxonomy":"category","embeddable":true,"href":"https:\/\/www.gruene-mkk.de\/tr\/wp-json\/wp\/v2\/categories?post=780"},{"taxonomy":"post_tag","embeddable":true,"href":"https:\/\/www.gruene-mkk.de\/tr\/wp-json\/wp\/v2\/tags?post=780"}],"curies":[{"name":"wp","href":"https:\/\/api.w.org\/{rel}","templated":true}]}}