{"id":774,"date":"2021-11-26T17:40:00","date_gmt":"2021-11-26T16:40:00","guid":{"rendered":"https:\/\/www.alles-bleibt-anders.org\/?p=774"},"modified":"2021-12-09T17:44:40","modified_gmt":"2021-12-09T16:44:40","slug":"aenderungsantrag-zum-haushalt-mehr-mittel-fuer-das-lernfeld-landwirtschaft","status":"publish","type":"post","link":"https:\/\/www.gruene-mkk.de\/tr\/aenderungsantrag-zum-haushalt-mehr-mittel-fuer-das-lernfeld-landwirtschaft\/","title":{"rendered":"B\u00fct\u00e7ede de\u011fi\u015fiklik: Tar\u0131msal \u00f6\u011frenme alan\u0131 i\u00e7in daha fazla finansman"},"content":{"rendered":"<p><strong>B\u00f6lge meclisi karar verir:&nbsp;&nbsp;&nbsp;&nbsp;&nbsp; &nbsp;&nbsp;&nbsp;&nbsp;&nbsp;<\/strong><\/p>\n\n\n\n<p>1.\u00a0\u00a0\u00a0\u00a0\u00a0\u00a0 \u2047 Agriculture Learning Field \u2047  i\u00e7in ayr\u0131lan b\u00fct\u00e7e 20.000 EUR art\u0131r\u0131lacakt\u0131r.<\/p>\n\n\n\n<p>2.\u00a0\u00a0\u00a0\u00a0\u00a0\u00a0 B\u00f6lge komitesi, bir tan\u0131t\u0131m kampanyas\u0131 arac\u0131l\u0131\u011f\u0131yla  \u2047 Agriculture Learning Field \u2047  projesi hakk\u0131nda fark\u0131ndal\u0131k yaratmakla g\u00f6revlidir. Bu ama\u00e7la il\u00e7e b\u00f6lgesindeki okullar hedeflenmelidir.<\/p>\n\n\n\n<p><strong>A\u00e7\u0131klay\u0131c\u0131 muht\u0131ra:<\/strong><\/p>\n\n\n\n<p>\u00d6\u011frenme Tarlas\u0131 Tar\u0131m projesi, okul gruplar\u0131n\u0131n ve okul \u00f6ncesi gruplar\u0131n g\u0131dalar\u0131n\u0131n \u00fcretimi hakk\u0131nda bilgi edinmelerini sa\u011flar. Bu beslenme e\u011fitimi, g\u0131da \u00fcretimi ve arkas\u0131ndaki \u00e7al\u0131\u015fmalar hakk\u0131nda fark\u0131ndal\u0131k kazanmak i\u00e7in erken ya\u015flardan itibaren \u00f6nemlidir.<\/p>\n\n\n\n<p>\u00d6zellikle, daha fazla \u00e7ocuk ve ergende art\u0131k ya da sadece marjinal olarak bulunmayan b\u00f6lgesel ve y\u00fcksek kaliteli g\u0131da fark\u0131ndal\u0131\u011f\u0131 yarat\u0131lmaktad\u0131r.<\/p>\n\n\n\n<p>Bu ama\u00e7la ayr\u0131lan b\u00fct\u00e7e yetersizdir. Projenin uygulanmas\u0131nda \u00e7iftliklerin g\u00fc\u00e7lendirilmesinin yan\u0131 s\u0131ra, b\u00fct\u00e7edeki art\u0131\u015f da projenin fark\u0131ndal\u0131\u011f\u0131n\u0131 art\u0131rmak i\u00e7in bir tan\u0131t\u0131m kampanyas\u0131 i\u00e7in f\u0131rsatlar yaratmal\u0131d\u0131r.<\/p>","protected":false},"excerpt":{"rendered":"<p>B\u00f6lge meclisi karar verir:\u00a0\u00a0\u00a0\u00a0\u00a0 \u00a0\u00a0\u00a0\u00a0\u00a0 1.\u00a0\u00a0\u00a0\u00a0\u00a0\u00a0 \u2047 Agriculture Learning Field \u2047  i\u00e7in ayr\u0131lan b\u00fct\u00e7e 20.000 EUR art\u0131r\u0131lacakt\u0131r. 2.\u00a0\u00a0\u00a0\u00a0\u00a0\u00a0 B\u00f6lge komitesi, \"\u00d6\u011frenme Tarlas\u0131 Tar\u0131m\u0131\" projesinde bir tan\u0131t\u0131m kampanyas\u0131 ba\u015flatmakla g\u00f6revlendirildi [...]<\/p>","protected":false},"author":-1,"featured_media":0,"comment_status":"open","ping_status":"open","sticky":false,"template":"","format":"standard","meta":{"footnotes":""},"categories":[9],"tags":[],"class_list":["post-774","post","type-post","status-publish","format-standard","hentry","category-antraege-und-anfragen"],"_links":{"self":[{"href":"https:\/\/www.gruene-mkk.de\/tr\/wp-json\/wp\/v2\/posts\/774","targetHints":{"allow":["GET"]}}],"collection":[{"href":"https:\/\/www.gruene-mkk.de\/tr\/wp-json\/wp\/v2\/posts"}],"about":[{"href":"https:\/\/www.gruene-mkk.de\/tr\/wp-json\/wp\/v2\/types\/post"}],"author":[{"embeddable":true,"href":"https:\/\/www.gruene-mkk.de\/tr\/wp-json\/wp\/v2\/users\/2"}],"replies":[{"embeddable":true,"href":"https:\/\/www.gruene-mkk.de\/tr\/wp-json\/wp\/v2\/comments?post=774"}],"version-history":[{"count":1,"href":"https:\/\/www.gruene-mkk.de\/tr\/wp-json\/wp\/v2\/posts\/774\/revisions"}],"predecessor-version":[{"id":779,"href":"https:\/\/www.gruene-mkk.de\/tr\/wp-json\/wp\/v2\/posts\/774\/revisions\/779"}],"wp:attachment":[{"href":"https:\/\/www.gruene-mkk.de\/tr\/wp-json\/wp\/v2\/media?parent=774"}],"wp:term":[{"taxonomy":"category","embeddable":true,"href":"https:\/\/www.gruene-mkk.de\/tr\/wp-json\/wp\/v2\/categories?post=774"},{"taxonomy":"post_tag","embeddable":true,"href":"https:\/\/www.gruene-mkk.de\/tr\/wp-json\/wp\/v2\/tags?post=774"}],"curies":[{"name":"wp","href":"https:\/\/api.w.org\/{rel}","templated":true}]}}