{"id":766,"date":"2021-12-03T17:29:00","date_gmt":"2021-12-03T16:29:00","guid":{"rendered":"https:\/\/www.alles-bleibt-anders.org\/?p=766"},"modified":"2021-12-09T17:30:29","modified_gmt":"2021-12-09T16:30:29","slug":"antraege-zum-haushalt-umweltbildung-tierwohl-und-landwirtschaft","status":"publish","type":"post","link":"https:\/\/www.gruene-mkk.de\/tr\/antraege-zum-haushalt-umweltbildung-tierwohl-und-landwirtschaft\/","title":{"rendered":"B\u00fct\u00e7e talepleri: \u00c7evre e\u011fitimi, hayvan refah\u0131 ve tar\u0131m"},"content":{"rendered":"<p><strong>Ye\u015fil meclis grubu bir sonraki yuvarlak masa toplant\u0131s\u0131 i\u00e7in b\u00fct\u00e7e \u00f6nerileri sundu<\/strong><\/p>\n\n\n\n<!--more-->\n\n\n\n<p>B\u00f6lge meclisindeki Ye\u015fil Grup'un tar\u0131m politikas\u0131 s\u00f6zc\u00fcs\u00fc Rainer Vogel, grubunun bir sonraki b\u00f6lge meclisi toplant\u0131s\u0131 i\u00e7in yapt\u0131\u011f\u0131 on \u00f6nergeden \u00fc\u00e7\u00fcn\u00fc a\u00e7\u0131klayarak, \"Gelecek b\u00fct\u00e7ede \u00e7evre e\u011fitimi, hayvan refah\u0131 ve tar\u0131ma odaklanmak istiyoruz\" dedi: \u2047 Bunu, Veteriner Ofisi alan\u0131ndaki giri\u015fimlerle, ayn\u0131 zamanda  \u2047 Tar\u0131m \u00d6\u011frenme Alan\u0131 i\u00e7in finansman\u0131 art\u0131rarak ve b\u00f6lgesel bir mezbaha i\u00e7in fizibilite \u00e7al\u0131\u015fmas\u0131 yaparak ba\u015farmak istiyoruz. \u2047<\/p>\n\n\n\n<p>\u2047 Tar\u0131m \u00d6\u011frenme Alan\u0131 \u2047 , okul gruplar\u0131n\u0131n ve okul \u00f6ncesi gruplar\u0131n MKK'daki \u00e7iftlikleri ziyaret ederek g\u0131dalar\u0131n\u0131n \u00fcretimi hakk\u0131nda fikir edinmelerini sa\u011flar: Vogel, \"Bu g\u0131da ve \u00e7evre e\u011fitimi, b\u00f6lgesel olarak \u00fcretilen g\u0131dalar\u0131n k\u00f6keni ve arkas\u0131ndaki \u00e7al\u0131\u015fmalar hakk\u0131nda fark\u0131ndal\u0131k yaratmak i\u00e7in erken ya\u015flardan itibaren \u00f6nemlidir\" diyor. Sonu\u00e7ta, b\u00f6lgesel ve kaliteli g\u0131da \u00fcretimi \u00f6n plana geri getirilmelidir. Belirlenen b\u00fct\u00e7e, \u00f6\u011frencilere ve gen\u00e7lere geni\u015f bilgi verilmesi i\u00e7in yeterli de\u011fildir. Bu nedenle, bunun 2022 b\u00fct\u00e7esinden itibaren 20.000 avro art\u0131r\u0131lmas\u0131 \u00e7a\u011fr\u0131s\u0131nda bulunuyoruz. Buna ek olarak, \u00e7evre \"\u00f6rne\u011fin eko-model b\u00f6lge ba\u011flam\u0131nda bir tan\u0131t\u0131m kampanyas\u0131 yoluyla \u00e7ift\u00e7ilerin \u00f6nemli \u00e7al\u0131\u015fmalar\u0131na daha fazla odaklanmal\u0131d\u0131r.\"<\/p>\n\n\n\n<p>Son yuvarlak masa toplant\u0131s\u0131nda, Main-Kinzig b\u00f6lgesi b\u00f6lgesel katliamla ilgili bir yuvarlak masa toplant\u0131s\u0131 d\u00fczenlemeye karar verdi: B\u00fcdingen'deki mezbahan\u0131n kapat\u0131lmas\u0131ndan sonra, Main-Kinzig b\u00f6lgesinden kasaplar ve do\u011frudan pazarlamac\u0131lar i\u00e7in merkezi bir mezbaha ortadan kayboldu. Tar\u0131m politikas\u0131 s\u00f6zc\u00fcs\u00fc, \"Hayvan ta\u015f\u0131mac\u0131l\u0131\u011f\u0131 kontrolleri s\u0131ras\u0131nda, \u00f6rne\u011fin otoyoldaki kontrollerden sonra bo\u015faltma olas\u0131l\u0131\u011f\u0131 da tamamen ortadan kald\u0131r\u0131lm\u0131\u015ft\u0131r\" dedi. B\u00f6lge meclisi grubu, bir taleple sorunu a\u00e7\u0131k\u00e7a ortaya koydu: \u2047 Bu nedenle, il\u00e7enin b\u00fct\u00e7ede bir fizibilite \u00e7al\u0131\u015fmas\u0131 yapmak i\u00e7in gerekli kaynaklar\u0131 tahsis etmesini ve b\u00f6ylece b\u00f6lgesel bir mezbahan\u0131n i\u015fletilip i\u015fletilemeyece\u011fini ve hangi \u00f6nlemler alt\u0131nda i\u015fletilebilece\u011fini incelemesini talep ediyoruz. \u2047  Main-Kinzig ve Wetterau'nun eko-model b\u00f6lgelerinin ortak bir mezbahas\u0131n\u0131n korunmas\u0131 veya in\u015fas\u0131 incelenmelidir. Ayn\u0131 zamanda Ye\u015filler, yuvarlak masa toplant\u0131s\u0131n\u0131n m\u00fcmk\u00fcn olan en k\u0131sa s\u00fcrede toplanmas\u0131n\u0131 ve ayr\u0131ca Tar\u0131m Komitesi'ne bir rapor sunulmas\u0131n\u0131 talep ediyor: \u2047 Bu konunun zaman\u0131nda ele al\u0131nmas\u0131 gerekmektedir. \u2047<\/p>\n\n\n\n<p>Hayvan refah\u0131, gerekli e\u011fitim \u00e7al\u0131\u015fmalar\u0131na ve b\u00f6lgesel bir mezbahaya ek olarak, veterinerlik ofisi taraf\u0131ndan gerekli kontrolleri de i\u00e7erir: Vogel, \"Regierungspr\u00e4sidium Darmstadt'a g\u00f6re, \u015fu anda bu alanda gerekli kontrollerin sadece y\u00fczde 32'si ger\u00e7ekle\u015ftiriliyor\" diyor. Yeni bir AB kontrol y\u00f6netmeli\u011fi kontrol gerekliliklerini daha da geni\u015fletirken, ayn\u0131 zamanda Veterinerlik Ofisinde bir personel yetersizli\u011fi var  \u2047 En erken 2022'nin sonuna kadar tam kadroya ula\u015f\u0131lacakt\u0131r. Personel eksikli\u011fi ve artan kontrol ihtiyac\u0131 nedeniyle, hayvan denet\u00e7ileri alan\u0131nda 2022 i\u00e7in iki ek g\u00f6rev olu\u015fturulmas\u0131 \u00e7a\u011fr\u0131s\u0131nda bulunuyoruz: \u2047 Bu, kontrollere uyum seviyesini daha da artt\u0131rmay\u0131 ama\u00e7lamaktad\u0131r \u2047 , diye bitiriyor Vogel.<\/p>\n\n\n\n<p>Sorular i\u00e7in:<\/p>\n\n\n\n<p>Jakob M\u00e4hler<br>Grup genel m\u00fcd\u00fcr\u00fc<br>\u0130ttifak 90 \/ Ye\u015filler Main-Kinzig'de<br>06181\/61596<br>0176\/46763336<br>fraktion@gruene-mkk.deKategoriler:<a href=\"https:\/\/gruene-main-kinzig.de\/kreistagsfraktion\/pressemitteilungen-aktuell\/presse-volltext\/kategorie\/fraktion-41\/article\/antraege-zum-haushalt-umweltbildung-tierwohl-und-landwirtschaft\/\">Kategori: Hizipler<\/a><\/p>","protected":false},"excerpt":{"rendered":"<p>Ye\u015fil meclis grubu bir sonraki yuvarlak masa toplant\u0131s\u0131 i\u00e7in b\u00fct\u00e7e \u00f6nerileri sundu<\/p>","protected":false},"author":-1,"featured_media":0,"comment_status":"open","ping_status":"open","sticky":false,"template":"","format":"standard","meta":{"footnotes":""},"categories":[2],"tags":[],"class_list":["post-766","post","type-post","status-publish","format-standard","hentry","category-newskreistagsfraktion"],"_links":{"self":[{"href":"https:\/\/www.gruene-mkk.de\/tr\/wp-json\/wp\/v2\/posts\/766","targetHints":{"allow":["GET"]}}],"collection":[{"href":"https:\/\/www.gruene-mkk.de\/tr\/wp-json\/wp\/v2\/posts"}],"about":[{"href":"https:\/\/www.gruene-mkk.de\/tr\/wp-json\/wp\/v2\/types\/post"}],"author":[{"embeddable":true,"href":"https:\/\/www.gruene-mkk.de\/tr\/wp-json\/wp\/v2\/users\/2"}],"replies":[{"embeddable":true,"href":"https:\/\/www.gruene-mkk.de\/tr\/wp-json\/wp\/v2\/comments?post=766"}],"version-history":[{"count":1,"href":"https:\/\/www.gruene-mkk.de\/tr\/wp-json\/wp\/v2\/posts\/766\/revisions"}],"predecessor-version":[{"id":768,"href":"https:\/\/www.gruene-mkk.de\/tr\/wp-json\/wp\/v2\/posts\/766\/revisions\/768"}],"wp:attachment":[{"href":"https:\/\/www.gruene-mkk.de\/tr\/wp-json\/wp\/v2\/media?parent=766"}],"wp:term":[{"taxonomy":"category","embeddable":true,"href":"https:\/\/www.gruene-mkk.de\/tr\/wp-json\/wp\/v2\/categories?post=766"},{"taxonomy":"post_tag","embeddable":true,"href":"https:\/\/www.gruene-mkk.de\/tr\/wp-json\/wp\/v2\/tags?post=766"}],"curies":[{"name":"wp","href":"https:\/\/api.w.org\/{rel}","templated":true}]}}