{"id":68,"date":"2021-07-12T10:00:00","date_gmt":"2021-07-12T08:00:00","guid":{"rendered":"https:\/\/www.alles-bleibt-anders.org\/?p=68"},"modified":"2021-11-09T14:39:43","modified_gmt":"2021-11-09T13:39:43","slug":"groko-im-mkk-zeichen-der-zeit-nicht-erkannt","status":"publish","type":"post","link":"https:\/\/www.gruene-mkk.de\/tr\/groko-im-mkk-zeichen-der-zeit-nicht-erkannt\/","title":{"rendered":"MKK'da GroKo: \u2047 Tan\u0131nmayan zaman i\u015faretleri  \u2047"},"content":{"rendered":"<p><strong>Main-Kinzig-Kreis i\u00e7in gerileme<\/strong><\/p>\n\n\n\n<p>\"B\u00fcy\u00fck Koalisyon'un devam\u0131, Main-Kinzig b\u00f6lgesi ve vatanda\u015flar i\u00e7in geriye do\u011fru bir ad\u0131md\u0131r\" diyor b\u00f6lge konseyindeki Ye\u015fil Grup lideri Reiner Bousonville. <\/p>\n\n\n\n<!--more-->\n\n\n\n<p>Koalisyon anla\u015fmas\u0131 fikri, \u00f6n\u00fcm\u00fczdeki be\u015f y\u0131l i\u00e7inde il\u00e7enin yaln\u0131zca yenilik\u00e7i fikirler olmadan ve her \u015feyden \u00f6nce iklim koruma alan\u0131nda ve Maintal'dan Sinntal'a e\u015fit ya\u015fam ko\u015fullar\u0131n\u0131n yarat\u0131lmas\u0131nda bir k\u0131l\u0131\u00e7 i\u015fareti olmadan y\u00f6netilece\u011fini g\u00f6steriyor. Bu uygun olsa da, zaman\u0131m\u0131z\u0131n zorluklar\u0131n\u0131 ve se\u00e7menlerin yetkisini kar\u015f\u0131lam\u0131yor.<\/p>\n\n\n\n<p>Ye\u015filler ve FDP ile iptal edilen koalisyon m\u00fczakereleri, \u00e7evredeki insanlar\u0131 harekete ge\u00e7iren konularda taze r\u00fczgarlar\u0131n ve yeni fikirlerin istenmedi\u011fini zaten g\u00f6stermi\u015ftir: B\u00fcy\u00fck Koalisyon'un son y\u0131llardaki sonu\u00e7lar\u0131 y\u0131k\u0131c\u0131 olmu\u015ftur. 90 \u00f6nlemin hi\u00e7biri d\u00f6ng\u00fc yolu konsepti taraf\u0131ndan uygulanmad\u0131, bunun yerine yeni bir konsept haz\u0131rland\u0131, okul geli\u015ftirme plan\u0131 say\u0131s\u0131z hata nedeniyle komiteye geri d\u00f6nmek zorunda kald\u0131, Sa\u011fl\u0131k ve Bak\u0131m Akademisi hala ayakta de\u011fil ve 1997'den beri gecikmi\u015f bir Co2 bilan\u00e7osu hala eksik\", Bousonville \u00f6zetliyor. \u00a0B\u00f6lge, Hessen Eyaleti'nin eko-model b\u00f6lgelerine kat\u0131lan son b\u00f6lgelerden biridir, ancak Hessen'deki organik \u00e7iftliklerin en b\u00fcy\u00fck pay\u0131na sahiptir. Geni\u015f bant geni\u015flemesi bir\u00e7ok yerde yava\u015fl\u0131yor ve b\u00f6lgedeki \u00f6nemli personel pozisyonlar\u0131, \u00f6rne\u011fin iklim korumas\u0131, d\u00f6ng\u00fc yolu geni\u015flemesi, entegrasyon ve g\u00f6\u00e7 i\u00e7in eksik.<\/p>\n\n\n\n<p>Ye\u015fillerin sa\u011fl\u0131k ofisindeki g\u00f6rev say\u0131s\u0131n\u0131 art\u0131rma talebi 2019'un sonunda reddedildi, \"Hanau sald\u0131r\u0131s\u0131ndan sonra daha g\u00fc\u00e7l\u00fc silah yasalar\u0131 \u00e7a\u011fr\u0131s\u0131nda bulunuldu\u011funda, tek seferlik bir toplant\u0131dan sonra tekrar toplanmayan bir yuvarlak masa kuruldu. Ba\u015fkan yard\u0131mc\u0131lar\u0131 Viola Ha\u00dfdenteufel ve Jakob M\u00e4hler,  \u2047 Hessen aktiv \u2047 'ye kat\u0131ld\u0131ktan d\u00f6rt y\u0131l sonra, yeniden kullan\u0131labilir mevduat kupas\u0131  \u2047 Main-Kinzig-Krug \u2047  veya  \u2047 MKK-L\u00e4dchen \u2047 'deki plastik feragat gibi b\u00f6lge meclis \u00fcyesi Susanne Simmler'in \u00f6v\u00fcnd\u00fc\u011f\u00fc hi\u00e7bir \u00f6nlem katalo\u011fu haz\u0131rlanmad\u0131 ve giri\u015fimler ekledi. \u00c7i\u00e7ekli \u00e7ay\u0131rlar\u0131n yan\u0131nda foto\u011fraflanmak bir ba\u015flang\u0131\u00e7t\u0131r, ancak b\u00f6lge d\u00fczeyinde iklim krizi ve t\u00fcrlerin neslinin t\u00fckenmesiyle m\u00fccadeleye yeterli bir katk\u0131y\u0131 garanti etmez.<\/p>\n\n\n\n<p>Bousonville, \"B\u00fcy\u00fck koalisyon \u015fimdi bu \u00e7al\u0131\u015fmaya devam etmek istedi\u011fini duyurursa, korkmu\u015f ve endi\u015feli olabilirsiniz\" diyor. SPD ve CDU'nun zaman\u0131n i\u015faretlerini tan\u0131mad\u0131\u011f\u0131 ve se\u00e7menlerin \u00e7evre ve iklim korumas\u0131n\u0131 art\u0131rma iradesini g\u00f6rmezden geldi\u011fi a\u00e7\u0131kt\u0131r. Bu GroKo'nun MKK'daki en d\u00fc\u015f\u00fck ortak paydas\u0131, h\u0131rss\u0131z ve endi\u015fe duymadan y\u00f6netebilmek i\u00e7in g\u00fcvenli \u00e7o\u011funluktur.<\/p>\n\n\n\n<p>Ye\u015filler i\u00e7in bu, uygulamalar ve taleplerle ger\u00e7ek iklim koruma ve sosyal politika i\u00e7in sava\u015fmaya devam etmek i\u00e7in bir f\u0131rsatt\u0131r. \u2047 Kurs sadece yanl\u0131\u015f y\u00f6ne gidiyor \u2047 , Bousonville sonucuna var\u0131yor.<\/p>\n\n\n\n<p>Sorular i\u00e7in:<\/p>\n\n\n\n<p>Jakob M\u00e4hler<br>Grup genel m\u00fcd\u00fcr\u00fc<br>\u0130ttifak 90 \/ Ye\u015filler Main-Kinzig'de<br>06181\/61596<br>0176\/46763336<br>fraktion@gruene-mkk.de<\/p>","protected":false},"excerpt":{"rendered":"<p>B\u00f6lge konseyindeki Ye\u015fil Grubun lideri Reiner Bousonville, \"B\u00fcy\u00fck Koalisyonun devam\u0131, Main-Kinzig b\u00f6lgesi ve vatanda\u015flar i\u00e7in bir gerilemedir\" diyor.<\/p>","protected":false},"author":-1,"featured_media":0,"comment_status":"open","ping_status":"open","sticky":false,"template":"","format":"standard","meta":{"footnotes":""},"categories":[2],"tags":[],"class_list":["post-68","post","type-post","status-publish","format-standard","hentry","category-newskreistagsfraktion"],"_links":{"self":[{"href":"https:\/\/www.gruene-mkk.de\/tr\/wp-json\/wp\/v2\/posts\/68","targetHints":{"allow":["GET"]}}],"collection":[{"href":"https:\/\/www.gruene-mkk.de\/tr\/wp-json\/wp\/v2\/posts"}],"about":[{"href":"https:\/\/www.gruene-mkk.de\/tr\/wp-json\/wp\/v2\/types\/post"}],"author":[{"embeddable":true,"href":"https:\/\/www.gruene-mkk.de\/tr\/wp-json\/wp\/v2\/users\/2"}],"replies":[{"embeddable":true,"href":"https:\/\/www.gruene-mkk.de\/tr\/wp-json\/wp\/v2\/comments?post=68"}],"version-history":[{"count":2,"href":"https:\/\/www.gruene-mkk.de\/tr\/wp-json\/wp\/v2\/posts\/68\/revisions"}],"predecessor-version":[{"id":70,"href":"https:\/\/www.gruene-mkk.de\/tr\/wp-json\/wp\/v2\/posts\/68\/revisions\/70"}],"wp:attachment":[{"href":"https:\/\/www.gruene-mkk.de\/tr\/wp-json\/wp\/v2\/media?parent=68"}],"wp:term":[{"taxonomy":"category","embeddable":true,"href":"https:\/\/www.gruene-mkk.de\/tr\/wp-json\/wp\/v2\/categories?post=68"},{"taxonomy":"post_tag","embeddable":true,"href":"https:\/\/www.gruene-mkk.de\/tr\/wp-json\/wp\/v2\/tags?post=68"}],"curies":[{"name":"wp","href":"https:\/\/api.w.org\/{rel}","templated":true}]}}