{"id":525,"date":"2021-10-28T12:40:00","date_gmt":"2021-10-28T10:40:00","guid":{"rendered":"https:\/\/www.alles-bleibt-anders.org\/?p=525"},"modified":"2021-11-25T12:47:13","modified_gmt":"2021-11-25T11:47:13","slug":"unsere-antraege-zum-kreistag-am-29-oktober","status":"publish","type":"post","link":"https:\/\/www.gruene-mkk.de\/tr\/unsere-antraege-zum-kreistag-am-29-oktober\/","title":{"rendered":"29 Ekim'de il\u00e7e meclisi i\u00e7in ba\u015fvurular\u0131m\u0131z"},"content":{"rendered":"<p><strong>MKK g\u00fcvenli liman olacak<\/strong><\/p>\n\n\n\n<p>2019'da B\u00fcy\u00fck Koalisyon, Ye\u015filler ve Sol'un Main-Kinzig b\u00f6lgesini g\u00fcvenli bir s\u0131\u011f\u0131nak ilan etme \u00f6nerisini reddetti: \u015eimdi talebi yeniden g\u00f6nderiyoruz. Afganistan'daki son olaylar, m\u00fclteci alman\u0131n ne kadar \u00f6nemli oldu\u011funu g\u00f6steriyor \"diyor Mahwish Iftikhar.<\/p>\n\n\n\n<p><a href=\"https:\/\/www.alles-bleibt-anders.org\/antrag-mkk-soll-sicherer-hafen-werden\/\">Talebimiz<\/a><\/p>\n\n\n\n<p><a href=\"https:\/\/www.alles-bleibt-anders.org\/main-kinzig-kreis-soll-sicherer-hafen-werden\/\">Bas\u0131n b\u00fcltenimiz<\/a><\/p>\n\n\n\n<p><strong>Turuncu d\u00fcnya<\/strong><\/p>\n\n\n\n<p>25 Kas\u0131m'da Main-Kinzig Forumu, \u015fiddete maruz kalan kad\u0131nlarla dayan\u0131\u015fmay\u0131 ifade etmek i\u00e7in turuncu renkte ayd\u0131nlat\u0131lacak.<\/p>\n\n\n\n<p><a href=\"https:\/\/www.alles-bleibt-anders.org\/antrag-orange-the-world\/\">Talebimiz<\/a><\/p>\n\n\n\n<p><strong>\u00d6\u011frenci biletinde de\u011fi\u015fiklik<\/strong><\/p>\n\n\n\n<p>Bir de\u011fi\u015fiklikle, hangi s\u0131n\u0131fa gittiklerine ve okula ne kadar yak\u0131n ya\u015fad\u0131klar\u0131na bak\u0131lmaks\u0131z\u0131n, 2022 gibi erken bir tarihte t\u00fcm \u00f6\u011frenciler i\u00e7in bir \u00f6\u011frenci biletinin tan\u0131t\u0131lmas\u0131n\u0131 sa\u011flamak istiyoruz.<\/p>\n\n\n\n<p><a href=\"https:\/\/www.alles-bleibt-anders.org\/aenderungsantrag-zum-schuelerticket\/\">Talebimiz<\/a><\/p>\n\n\n\n<p><strong>De\u011fi\u015fiklik yapmak i\u00e7in: \u00d6\u011fleden sonra i\u00e7in pakt\u0131n uygulanmas\u0131<\/strong><\/p>\n\n\n\n<p>Di\u011fer \u015feylerin yan\u0131 s\u0131ra, de\u011fi\u015fikli\u011fimizle, \u00f6\u011fleden sonra i\u00e7in pakt\u0131n bir par\u00e7as\u0131 olarak okul \u00e7ocuk bak\u0131m\u0131 sunan bak\u0131m derneklerinin yeterince finanse edilmesini sa\u011flamak istiyoruz. Bu nedenle \u00e7ocuk ba\u015f\u0131na y\u0131ll\u0131k ba\u011f\u0131\u015flar\u0131 700 \u20ac'dan 1400 \u20ac'ya \u00e7\u0131karmak istiyoruz.<\/p>\n\n\n\n<p><a href=\"https:\/\/www.alles-bleibt-anders.org\/aenderungsantrag-umsetzung-des-paktes-fuer-den-nachmittag\/\">Talebimiz<\/a><\/p>\n\n\n\n<p><strong>Kreissparkasse i\u00e7in ge\u00e7erli saat<\/strong><\/p>\n\n\n\n<p>Landrat Thorsten Stolz, Gelnhausen'deki Kreissparkasse'nin in\u015faat projesi hakk\u0131nda hangi bilgilere sahipti? B\u00f6lge i\u00e7in ne kadar masraf yap\u0131ld\u0131 ve ba\u015far\u0131s\u0131zl\u0131ktan b\u00f6lge konseyi ne kadar sorumlu? Bu sorular\u0131n daire taraf\u0131ndan cevaplanmas\u0131n\u0131 istiyoruz ve bu nedenle ge\u00e7erli bir saat kaydettik.<\/p>\n\n\n\n<p><a href=\"https:\/\/www.alles-bleibt-anders.org\/gruene-fraktion-meldet-aktuelle-stunde-zur-kreissparkasse-an\/\">Bas\u0131n b\u00fcltenimiz<\/a><\/p>","protected":false},"excerpt":{"rendered":"<p>2019'da B\u00fcy\u00fck Koalisyon, Ye\u015filler ve Sol'un Main-Kinzig b\u00f6lgesini g\u00fcvenli bir s\u0131\u011f\u0131nak ilan etme \u00f6nerisini reddetti: \u015eimdi talebi getiriyoruz [...]<\/p>","protected":false},"author":-1,"featured_media":0,"comment_status":"open","ping_status":"open","sticky":false,"template":"","format":"standard","meta":{"footnotes":""},"categories":[9],"tags":[],"class_list":["post-525","post","type-post","status-publish","format-standard","hentry","category-antraege-und-anfragen"],"_links":{"self":[{"href":"https:\/\/www.gruene-mkk.de\/tr\/wp-json\/wp\/v2\/posts\/525","targetHints":{"allow":["GET"]}}],"collection":[{"href":"https:\/\/www.gruene-mkk.de\/tr\/wp-json\/wp\/v2\/posts"}],"about":[{"href":"https:\/\/www.gruene-mkk.de\/tr\/wp-json\/wp\/v2\/types\/post"}],"author":[{"embeddable":true,"href":"https:\/\/www.gruene-mkk.de\/tr\/wp-json\/wp\/v2\/users\/2"}],"replies":[{"embeddable":true,"href":"https:\/\/www.gruene-mkk.de\/tr\/wp-json\/wp\/v2\/comments?post=525"}],"version-history":[{"count":1,"href":"https:\/\/www.gruene-mkk.de\/tr\/wp-json\/wp\/v2\/posts\/525\/revisions"}],"predecessor-version":[{"id":527,"href":"https:\/\/www.gruene-mkk.de\/tr\/wp-json\/wp\/v2\/posts\/525\/revisions\/527"}],"wp:attachment":[{"href":"https:\/\/www.gruene-mkk.de\/tr\/wp-json\/wp\/v2\/media?parent=525"}],"wp:term":[{"taxonomy":"category","embeddable":true,"href":"https:\/\/www.gruene-mkk.de\/tr\/wp-json\/wp\/v2\/categories?post=525"},{"taxonomy":"post_tag","embeddable":true,"href":"https:\/\/www.gruene-mkk.de\/tr\/wp-json\/wp\/v2\/tags?post=525"}],"curies":[{"name":"wp","href":"https:\/\/api.w.org\/{rel}","templated":true}]}}