{"id":520,"date":"2021-10-25T12:37:00","date_gmt":"2021-10-25T10:37:00","guid":{"rendered":"https:\/\/www.alles-bleibt-anders.org\/?p=520"},"modified":"2021-11-25T12:39:01","modified_gmt":"2021-11-25T11:39:01","slug":"aenderungsantrag-zum-schuelerticket","status":"publish","type":"post","link":"https:\/\/www.gruene-mkk.de\/tr\/aenderungsantrag-zum-schuelerticket\/","title":{"rendered":"\u00d6\u011frenci biletinde de\u011fi\u015fiklik"},"content":{"rendered":"<p><strong>Karar \u015fu \u015fekilde:&nbsp;<\/strong><\/p>\n\n\n\n<p>1.\u00a0\u00a0\u00a0\u00a0\u00a0\u00a0B\u00f6lge komitesine, t\u00fcm \u00f6\u011frencilerin ve bak\u0131c\u0131lar\u0131n, \u00f6\u011frenci bileti tutup tutmad\u0131klar\u0131na bak\u0131lmaks\u0131z\u0131n, okul gezilerinde ve okul gezilerinde Hessen'deki toplu ta\u015f\u0131ma ara\u00e7lar\u0131n\u0131 \u00fccretsiz olarak kullanabilmelerini sa\u011flamak i\u00e7in Hessen eyaleti ile birlikte \u00e7al\u0131\u015fmas\u0131 talimat\u0131 verilir.<\/p>\n\n\n\n<p>2.\u00a0\u00a0\u00a0\u00a0\u00a0\u00a0Main-Kinzig il\u00e7e meclisi, devlet h\u00fck\u00fcmetini, Hessen'deki ula\u015f\u0131m dernekleriyle birlikte, ilkokullar ve SEK II de dahil olmak \u00fczere t\u00fcm \u00f6\u011frencilere 1 Ocak 2022'den itibaren bir \u00f6\u011frenci bileti sa\u011flamaya \u00e7a\u011f\u0131r\u0131yor. \u0130lgili telafi fonlar\u0131 2022 b\u00fct\u00e7esinde kullan\u0131ma sunulacakt\u0131r.<\/p>\n\n\n\n<p>3.\u00a0\u00a0\u00a0\u00a0\u00a0\u00a0Main-Kinzig il\u00e7e meclisi, eyalet h\u00fck\u00fcmetini \u00a7161 HSchG'yi de\u011fi\u015ftirmeye ve \u00f6\u011frenciler i\u00e7in \u00fccretsiz \u00f6\u011frenci biletinin kullan\u0131m\u0131 i\u00e7in oradaki mesafelerdeki s\u0131n\u0131rlar\u0131 kald\u0131rmaya \u00e7a\u011f\u0131r\u0131yor.<\/p>\n\n\n\n<p>4.\u00a0\u00a0\u00a0\u00a0\u00a0\u00a01 Ocak 2022'de \u00f6\u011frenci biletinin getirilmesi m\u00fcmk\u00fcn de\u011filse, il\u00e7e meclisi \u00f6n finansmana girecek ve Hessen eyaletinden masraflar\u0131 geriye d\u00f6n\u00fck olarak \u00fcstlenmesini ve geri \u00f6demesini veya dengelemesini isteyecektir.<\/p>\n\n\n\n<p><strong>A\u00e7\u0131klay\u0131c\u0131 muht\u0131ra:<\/strong><\/p>\n\n\n\n<p>\u015euna g\u00f6re:<em>&nbsp;<\/em>Mevcut yasal d\u00fczenlemeler, \u00f6\u011frencilerin \u00fccretsiz bir \u00f6\u011frenci y\u0131l\u0131 bileti al\u0131p almad\u0131klar\u0131na bak\u0131lmaks\u0131z\u0131n, ikamet yeri ile okul veya tan\u0131mlanm\u0131\u015f \u00f6zellikle tehlikeli bir okul yolu aras\u0131ndaki mesafeyi belirler. Bu bilet sadece okul seyahati i\u00e7in kullan\u0131lamaz, ayn\u0131 zamanda Hessen genelinde bo\u015f zamanlar\u0131nda da ge\u00e7erlidir ve bu nedenle \u00e7ok \u00e7ekicidir. B\u00f6ylece gen\u00e7ler, yerel toplu ta\u015f\u0131ma ara\u00e7lar\u0131n\u0131n kullan\u0131m\u0131na erken bir a\u015famada tan\u0131t\u0131lacak ve bu da gelece\u011fin karayolu trafi\u011fi i\u00e7in bir rahatlama olarak kar\u015f\u0131l\u0131k gelen tekliflerle sonu\u00e7lanacakt\u0131r.<\/p>\n\n\n\n<p>Bizim a\u00e7\u0131m\u0131zdan, yasal d\u00fczenlemeler art\u0131k g\u00fcncel de\u011fil ve hem okula giderken hem de \u00f6tesinde (\u00f6rne\u011fin bo\u015f zaman etkinlikleri, spor vb.) Adaletsizliklere neden oluyor. Bu, devlet d\u00fczeyindeki milletvekilleri taraf\u0131ndan ele al\u0131nabilir. Bu nedenle b\u00f6lge konseyi, devlet h\u00fck\u00fcmetini bu adaletsizli\u011fi derhal ortadan kald\u0131rmaya \u00e7a\u011f\u0131r\u0131yor.<\/p>\n\n\n\n<p>Model bir proje gerekli de\u011fildir, ancak 2022 devlet b\u00fct\u00e7esinde finansman art\u0131k sabitlenemiyorsa, daire \u00f6nceden gitmelidir.<\/p>","protected":false},"excerpt":{"rendered":"<p>Karar \u015fu \u015fekilde:\u00a0 1.\u00a0\u00a0\u00a0\u00a0\u00a0\u00a0B\u00f6lge komitesi, t\u00fcm \u00f6\u011frencilerin ve bak\u0131c\u0131lar\u0131n okul gezilerinde ve okul gezilerinde toplu ta\u015f\u0131ma ara\u00e7lar\u0131n\u0131 \u00fccretsiz olarak kullanabilmelerini sa\u011flamak i\u00e7in Hessen eyaleti taraf\u0131ndan g\u00f6revlendirilmi\u015ftir.<\/p>","protected":false},"author":-1,"featured_media":0,"comment_status":"open","ping_status":"open","sticky":false,"template":"","format":"standard","meta":{"footnotes":""},"categories":[9],"tags":[],"class_list":["post-520","post","type-post","status-publish","format-standard","hentry","category-antraege-und-anfragen"],"_links":{"self":[{"href":"https:\/\/www.gruene-mkk.de\/tr\/wp-json\/wp\/v2\/posts\/520","targetHints":{"allow":["GET"]}}],"collection":[{"href":"https:\/\/www.gruene-mkk.de\/tr\/wp-json\/wp\/v2\/posts"}],"about":[{"href":"https:\/\/www.gruene-mkk.de\/tr\/wp-json\/wp\/v2\/types\/post"}],"author":[{"embeddable":true,"href":"https:\/\/www.gruene-mkk.de\/tr\/wp-json\/wp\/v2\/users\/2"}],"replies":[{"embeddable":true,"href":"https:\/\/www.gruene-mkk.de\/tr\/wp-json\/wp\/v2\/comments?post=520"}],"version-history":[{"count":1,"href":"https:\/\/www.gruene-mkk.de\/tr\/wp-json\/wp\/v2\/posts\/520\/revisions"}],"predecessor-version":[{"id":522,"href":"https:\/\/www.gruene-mkk.de\/tr\/wp-json\/wp\/v2\/posts\/520\/revisions\/522"}],"wp:attachment":[{"href":"https:\/\/www.gruene-mkk.de\/tr\/wp-json\/wp\/v2\/media?parent=520"}],"wp:term":[{"taxonomy":"category","embeddable":true,"href":"https:\/\/www.gruene-mkk.de\/tr\/wp-json\/wp\/v2\/categories?post=520"},{"taxonomy":"post_tag","embeddable":true,"href":"https:\/\/www.gruene-mkk.de\/tr\/wp-json\/wp\/v2\/tags?post=520"}],"curies":[{"name":"wp","href":"https:\/\/api.w.org\/{rel}","templated":true}]}}