{"id":515,"date":"2021-10-05T12:27:00","date_gmt":"2021-10-05T10:27:00","guid":{"rendered":"https:\/\/www.alles-bleibt-anders.org\/?p=515"},"modified":"2021-11-25T12:29:28","modified_gmt":"2021-11-25T11:29:28","slug":"antrag-orange-the-world","status":"publish","type":"post","link":"https:\/\/www.gruene-mkk.de\/tr\/antrag-orange-the-world\/","title":{"rendered":"Orange'\u0131 D\u00fcnyaya \u0130steyin"},"content":{"rendered":"<p><strong>Karar \u015fu \u015fekilde:<\/strong><\/p>\n\n\n\n<p>Main-Kinzig b\u00f6lgesi, UN \u2047 s  \u2047 Orange the World \u2047  kampanyas\u0131na kat\u0131l\u0131yor ve \u015fiddet g\u00f6ren kad\u0131nlarla dayan\u0131\u015fmas\u0131n\u0131 yeniden teyit ediyor. Main-Kinzig-Forum, 25 Kas\u0131m'da saat 17.00'den itibaren turuncu renkte ayd\u0131nlat\u0131lacak. Hangi il\u00e7eye ait binalar\u0131n ayd\u0131nlat\u0131labilece\u011fini kontrol etmek gerekir.<\/p>\n\n\n\n<p>B\u00f6lge komitesi, b\u00f6lgedeki medya kanallar\u0131nda hedeflenen bir bilgi kampanyas\u0131 arac\u0131l\u0131\u011f\u0131yla \u015fiddetten etkilenen insanlara yard\u0131m tekliflerine dikkat \u00e7ekmek i\u00e7in kad\u0131n sorunlar\u0131 ve f\u0131rsat e\u015fitli\u011fi birimine talimat veriyor.<\/p>\n\n\n\n<p><strong>A\u00e7\u0131klay\u0131c\u0131 muht\u0131ra:<\/strong><\/p>\n\n\n\n<p>Kampanyan\u0131n amac\u0131 toplumsal cinsiyete dayal\u0131 \u015fiddet konusunda toplumsal fark\u0131ndal\u0131\u011f\u0131 art\u0131rmakt\u0131r. 25 Kas\u0131m Kad\u0131na Y\u00f6nelik \u015eiddete Kar\u015f\u0131 Uluslararas\u0131 M\u00fccadele G\u00fcn\u00fc Bu anma ve eylem g\u00fcn\u00fc, kad\u0131nlara ve k\u0131z \u00e7ocuklar\u0131na y\u00f6nelik ayr\u0131mc\u0131l\u0131k ve \u015fiddetle m\u00fccadeleye adanm\u0131\u015ft\u0131r. 1981'den beri turuncu renk, kad\u0131nlar i\u00e7in \u015fiddet i\u00e7ermeyen bir gelece\u011fin sembol\u00fc olmu\u015ftur.<\/p>\n\n\n\n<p>Kad\u0131n haklar\u0131n\u0131n g\u00fc\u00e7lendirilmesinde cinsel istismar, tecav\u00fcz, kad\u0131n s\u00fcnneti, aile i\u00e7i \u015fiddet, kad\u0131n cinayetleri ve \u00e7ok daha fazlas\u0131 gibi konular bu g\u00fcn vurgulanacak. T\u00fcm kad\u0131nlar\u0131n yakla\u015f\u0131k \u00fc\u00e7te biri, ya\u015famlar\u0131n\u0131n 15. y\u0131l\u0131ndan bu yana fiziksel ve \/ veya cinsel \u015fiddete maruz kalm\u0131\u015ft\u0131r. Bu tabu bir konu olmamal\u0131!<\/p>\n\n\n\n<p>AB'de her hafta yakla\u015f\u0131k 50 kad\u0131n aile i\u00e7i \u015fiddetten \u00f6l\u00fcyor. Alman h\u00fck\u00fcmeti taraf\u0131ndan 2018 y\u0131l\u0131nda yap\u0131lan bir ara\u015ft\u0131rma, Almanya'da 114.000'den fazla kad\u0131n\u0131n \u015fiddete maruz kald\u0131\u011f\u0131n\u0131 ortaya koydu. \u00d6ld\u00fcrme giri\u015fimleri her g\u00fcn ger\u00e7ekle\u015fti ve her saat tehlikeli bir bedensel yaralanma meydana geldi.<\/p>\n\n\n\n<p>\u00d6zellikle koronavir\u00fcs pandemisi durumu daha da k\u00f6t\u00fcle\u015ftirdi ve \u015fiddet artt\u0131. Ev ofisi ve okul kapan\u0131\u015flar\u0131n\u0131n pandemi ile ilgili h\u00fck\u00fcmlerinden burada bahsedilecektir. \u0130lk a\u015fama tersine \u00e7evrilebilir.<\/p>\n\n\n\n<p>Main-Kinzig-Forum'u turuncu renkte ayd\u0131nlatan Main-Kinzig-Kreis, \u015fiddetten etkilenen t\u00fcm kad\u0131nlarla dayan\u0131\u015fma i\u00e7inde. Bunun nedeni: 40'tan az% D\u00fcnyan\u0131n d\u00f6rt bir yan\u0131nda \u015fiddete maruz kalan kad\u0131nlar yard\u0131m istiyor. \"Turuncu d\u00fcnya\" eylemi ayn\u0131 zamanda bir bilgi kampanyas\u0131 yoluyla kamuoyuna bildirilecek olan olas\u0131 yard\u0131m tekliflerine dikkat \u00e7ekmeyi ama\u00e7lamaktad\u0131r.<\/p>","protected":false},"excerpt":{"rendered":"<p>Karar \u015fu \u015fekilde: Main-Kinzig b\u00f6lgesi, UN \u2047 s  \u2047 Orange the World \u2047  kampanyas\u0131na kat\u0131l\u0131yor ve \u015fiddet g\u00f6ren kad\u0131nlarla dayan\u0131\u015fmas\u0131n\u0131 yeniden teyit ediyor. 25 Kas\u0131m, 17 [...]<\/p>","protected":false},"author":-1,"featured_media":0,"comment_status":"open","ping_status":"open","sticky":false,"template":"","format":"standard","meta":{"footnotes":""},"categories":[9],"tags":[],"class_list":["post-515","post","type-post","status-publish","format-standard","hentry","category-antraege-und-anfragen"],"_links":{"self":[{"href":"https:\/\/www.gruene-mkk.de\/tr\/wp-json\/wp\/v2\/posts\/515","targetHints":{"allow":["GET"]}}],"collection":[{"href":"https:\/\/www.gruene-mkk.de\/tr\/wp-json\/wp\/v2\/posts"}],"about":[{"href":"https:\/\/www.gruene-mkk.de\/tr\/wp-json\/wp\/v2\/types\/post"}],"author":[{"embeddable":true,"href":"https:\/\/www.gruene-mkk.de\/tr\/wp-json\/wp\/v2\/users\/2"}],"replies":[{"embeddable":true,"href":"https:\/\/www.gruene-mkk.de\/tr\/wp-json\/wp\/v2\/comments?post=515"}],"version-history":[{"count":1,"href":"https:\/\/www.gruene-mkk.de\/tr\/wp-json\/wp\/v2\/posts\/515\/revisions"}],"predecessor-version":[{"id":517,"href":"https:\/\/www.gruene-mkk.de\/tr\/wp-json\/wp\/v2\/posts\/515\/revisions\/517"}],"wp:attachment":[{"href":"https:\/\/www.gruene-mkk.de\/tr\/wp-json\/wp\/v2\/media?parent=515"}],"wp:term":[{"taxonomy":"category","embeddable":true,"href":"https:\/\/www.gruene-mkk.de\/tr\/wp-json\/wp\/v2\/categories?post=515"},{"taxonomy":"post_tag","embeddable":true,"href":"https:\/\/www.gruene-mkk.de\/tr\/wp-json\/wp\/v2\/tags?post=515"}],"curies":[{"name":"wp","href":"https:\/\/api.w.org\/{rel}","templated":true}]}}