{"id":513,"date":"2021-09-09T12:25:00","date_gmt":"2021-09-09T10:25:00","guid":{"rendered":"https:\/\/www.alles-bleibt-anders.org\/?p=513"},"modified":"2024-09-05T14:43:15","modified_gmt":"2024-09-05T12:43:15","slug":"anfrage-zu-schlachtstaetten-im-mkk","status":"publish","type":"post","link":"https:\/\/www.gruene-mkk.de\/tr\/anfrage-zu-schlachtstaetten-im-mkk\/","title":{"rendered":"MKK'daki mezbahalar hakk\u0131nda soru\u015fturma"},"content":{"rendered":"<p><strong>Sorunun konusu:<\/strong><\/p>\n\n\n\n<p>Main-Kinzig b\u00f6lgesi 2021'den beri eko-model bir b\u00f6lgedir. Organik ve her \u015feyden \u00f6nce b\u00f6lgesel g\u0131da \u00fcretimi te\u015fvik edilecek ve Hessen'in en kalabal\u0131k b\u00f6lgesi i\u00e7in \u00f6zel bir zorlu\u011fu temsil ediyor. Her \u015feyden \u00f6nce, Main-Kinzig b\u00f6lgesinde \u00fcretilen \u00e7iftlik hayvanlar\u0131n\u0131n kesimi ve i\u015flenmesi, t\u00fcketiciye yak\u0131n ve uzun ta\u015f\u0131ma yollar\u0131 olmadan yap\u0131lmal\u0131d\u0131r. Hayvan ta\u015f\u0131mac\u0131l\u0131\u011f\u0131 hayvanlar i\u00e7in b\u00fcy\u00fck bir y\u00fckt\u00fcr.<\/p>\n\n\n\n<p>B\u00f6lgesel ve h\u0131zl\u0131 bir \u015fekilde eri\u015filebilen mezbahalar sayesinde, hayvan ta\u015f\u0131mac\u0131l\u0131\u011f\u0131 b\u00fcy\u00fck \u00f6l\u00e7\u00fcde k\u0131salt\u0131labilir, hatta mobil bir mezbaha kullan\u0131m\u0131yla tamamen \u00f6nlenebilir.<\/p>\n\n\n\n<p><strong>Sorular ve cevaplar:<\/strong><\/p>\n\n\n\n<p><strong>Main-Kinzig-Kreis'te ka\u00e7 onayl\u0131 mezbaha var?<\/strong><\/p>\n\n\n\n<p><strong>Cevap olarak:<\/strong><\/p>\n\n\n\n<p>\u015eu anda Main-Kinzig b\u00f6lgesinde 25 onayl\u0131 mezbaha bulunmaktad\u0131r (eskiden 27'de 2020). Ticari kesimin yap\u0131labilmesi i\u00e7in ilgili kesimhanenin AB onay\u0131 gerekmektedir.<\/p>\n\n\n\n<p><strong>a.&nbsp;&nbsp;&nbsp;&nbsp;&nbsp;&nbsp;&nbsp;<\/strong><strong>Bunlar hangi mezbahalar ve y\u0131lda ka\u00e7 hayvan kesiliyor?<\/strong><\/p>\n\n\n\n<p><strong>Cevap olarak:<\/strong><\/p>\n\n\n\n<p>Main-Kinzig-Kreis'teki mezbahalar s\u00fcrekli olarak i\u015f\u00e7ilikle yap\u0131land\u0131r\u0131lm\u0131\u015ft\u0131r. Aile \u015firketleriydiler ve olmaya da devam ediyorlar. Bu holdinglerde ger\u00e7ekle\u015ftirilen y\u0131ll\u0131k katliamlar\u0131n say\u0131s\u0131, pazarlama rotas\u0131na ba\u011fl\u0131 olarak \u00f6nemli \u00f6l\u00e7\u00fcde de\u011fi\u015fmektedir. 2020'de yap\u0131lan kesimlerin analizi, holding ba\u015f\u0131na bir ila 2093 aras\u0131nda kesim oldu\u011funu g\u00f6sterdi. Bu nedenle, ortalama olarak, holding \/ y\u0131l ba\u015f\u0131na (2020'de) yakla\u015f\u0131k 467 katliam varsay\u0131labilir.<\/p>\n\n\n\n<p><strong>b.&nbsp;&nbsp;&nbsp;&nbsp;&nbsp;&nbsp;<\/strong><strong>Bu mezbahalardan ka\u00e7 tanesi organik sertifikal\u0131?<\/strong><\/p>\n\n\n\n<p><strong>Cevap olarak:<\/strong><\/p>\n\n\n\n<p>Resmi bilgilere g\u00f6re, Main-Kinzig-Kreis'te bulunan mezbahalar\u0131n hi\u00e7biri organik sertifikal\u0131 de\u011fildir, ancak kendi a\u00e7\u0131klamalar\u0131na g\u00f6re, Main-Kinzig-Kreis'teki mezbahalardan en az biri organik \u00e7ift\u00e7ilerin hayvanlar\u0131n\u0131 b\u00f6lgesel olarak kesmektedir.<\/p>\n\n\n\n<p><strong>c.&nbsp;&nbsp;&nbsp;&nbsp;&nbsp;&nbsp;&nbsp;<\/strong><strong>Bu mezbahalardan ka\u00e7 tanesi ayn\u0131 zamanda bitkileri de kesiyor?<\/strong><\/p>\n\n\n\n<p><strong>Cevap olarak:<\/strong><\/p>\n\n\n\n<p>25 mezbahan\u0131n 12'sinin de kesim i\u00e7in AB onay\u0131 var.<\/p>\n\n\n\n<p><strong>\u0130darenin tahminlerine g\u00f6re: Main-Kinzig-Kreis'teki \u00e7iftliklerde hayvanlar\u0131n kesiminin y\u00fczde ka\u00e7\u0131 kesimhaneler eksik oldu\u011fu i\u00e7in il\u00e7ede ger\u00e7ekle\u015ftirilemez?<\/strong><\/p>\n\n\n\n<p><strong>Cevap olarak:<\/strong><\/p>\n\n\n\n<p>\u00d8 k\u00fcmes hayvanlar\u0131:\u00a0\u00a0\u00a0\u00a0\u00a0\u00a0\u00a0\u00a0\u00a0\u00a0\u00a0\u00a0\u00a0\u00a0\u00a0\u00a0\u00a0\u00a0\u00a0\u00a0\u00a0\u00a090%<\/p>\n\n\n\n<p>\u00d8 S\u0131\u011f\u0131r eti:\u00a0\u00a0\u00a0\u00a0\u00a0\u00a0\u00a0\u00a0\u00a0\u00a0\u00a0\u00a0\u00a0\u00a0\u00a0\u00a0\u00a0\u00a0\u00a0\u00a0\u00a0\u00a0\u00a0\u00a0\u00a0\u00a0\u00a0\u00a0\u00a090%<\/p>\n\n\n\n<p>\u00d8 Domuz eti:\u00a0\u00a0\u00a0\u00a0\u00a0\u00a0\u00a0\u00a0\u00a0\u00a0\u00a0\u00a0\u00a0\u00a0\u00a0\u00a0\u00a0\u00a0\u00a0\u00a0\u00a0\u00a080%<\/p>\n\n\n\n<p>\u00d8 Koyun\/ke\u00e7i:\u00a0\u00a0\u00a0\u00a0\u00a0\u00a0\u00a0\u00a0\u00a0\u00a0\u00a0\u00a0\u00a0\u00a0\u00a050%<\/p>\n\n\n\n<p>\u00d8 Solipeds i\u00e7in:\u00a0\u00a0\u00a0\u00a0\u00a0\u00a0\u00a0\u00a0\u00a0\u00a0\u00a0\u00a0\u00a0\u00a0\u00a0\u00a0\u00a0\u00a0\u00a0100%<\/p>\n\n\n\n<p>\u00d8 \u00c7iftlik oyunu:\u00a0\u00a0\u00a0\u00a0\u00a0\u00a0\u00a0\u00a0\u00a0\u00a0\u00a0\u00a0\u00a0\u00a0\u00a0\u00a0\u00a0\u00a0\u00a0\u00a0\u00a085%<\/p>\n\n\n\n<p>Bu tahminler saf kesim kapasitesine i\u015faret etmektedir. \u0130kinci \u00f6nemli husus, arkas\u0131ndaki gerekli de\u011fer zinciridir. Kesilen etin g\u00fcvenilir bir \u015fekilde azalt\u0131lmas\u0131 olmadan, kesim kapasitelerinin geli\u015ftirilmesi uygun de\u011fildir.<\/p>\n\n\n\n<p><strong>2020 Y\u0131l\u0131nda Ka\u00e7 Ki\u015fiye \u0130zin Verildi<\/strong><\/p>\n\n\n\n<p><strong>a.&nbsp;&nbsp;&nbsp;&nbsp;&nbsp;&nbsp;&nbsp;<\/strong><strong>mera at\u0131\u015f?<\/strong><\/p>\n\n\n\n<p><strong>Cevap olarak:<\/strong><\/p>\n\n\n\n<p>2020 y\u0131l\u0131nda, Veteriner \u0130\u015fleri ve T\u00fcketiciyi Koruma Ofisi, talep \u00fczerine meradaki at\u0131\u015f i\u00e7in toplam 22 derogasyon verdi.<\/p>\n\n\n\n<p><strong>b.&nbsp;&nbsp;&nbsp;&nbsp;&nbsp;&nbsp;<\/strong><strong>Seyyar mezbaha kullan\u0131m\u0131 m\u0131?<\/strong><\/p>\n\n\n\n<p><strong>Cevap olarak:<\/strong><\/p>\n\n\n\n<p>Veteriner \u0130\u015fleri ve T\u00fcketiciyi Koruma Ofisi'ne b\u00f6yle bir ba\u015fvuru yap\u0131lmad\u0131\u011f\u0131 i\u00e7in 2020'de mobil kesimhane kullan\u0131m\u0131 i\u00e7in herhangi bir izin verilmedi.<\/p>\n\n\n\n<p><strong>Main-Kinzig-Kreis, hayvan ta\u015f\u0131mac\u0131l\u0131\u011f\u0131n\u0131 \u00f6nlemek veya k\u0131saltmak i\u00e7in b\u00f6lgedeki b\u00f6lgesel mezbahalar\u0131 te\u015fvik etmek i\u00e7in ne gibi \u00e7abalar sarf ediyor?<\/strong><\/p>\n\n\n\n<p><strong>Cevap olarak:<\/strong><\/p>\n\n\n\n<p>Main-Kinzig-Kreis (Main-Kinzig-Kreis), tar\u0131m i\u00e7in bireysel \u00e7iftlik yat\u0131r\u0131m\u0131 te\u015fvik program\u0131 i\u00e7in yetkili organd\u0131r. Bu program, di\u011ferlerinin yan\u0131 s\u0131ra, \u00e7iftliklerin ek gelir kaynaklar\u0131 olu\u015fturmas\u0131na izin vermek i\u00e7in \u00e7e\u015fitlendirme yat\u0131r\u0131mlar\u0131n\u0131n te\u015fvik edilmesini i\u00e7erir. Bunlara mahkeme kasaplar\u0131 ve mezbahalar dahildir.<\/p>\n\n\n\n<p>Buna ek olarak, Main-Kinzig-Kreis, 01.01.2021'den beri eko-model bir b\u00f6lge olmu\u015ftur ve bu nedenle, tar\u0131msal \u00fcr\u00fcnlerin b\u00f6lgesel \u00fcretimini, i\u015flenmesini ve pazarlanmas\u0131n\u0131 te\u015fvik etme ve geni\u015fletme hedefini belirlemi\u015ftir.<\/p>\n\n\n\n<p>Hayvanc\u0131l\u0131k alan\u0131nda il\u00e7e, Hessen'in di\u011fer model b\u00f6lgeleriyle yak\u0131n temas halindedir ve  \u2047 Bio-Weiderind \u2047  projesini desteklemektedir. Bu projede, Hessen organik \u00e7iftliklerinin otlatma s\u0131\u011f\u0131rlar\u0131n\u0131n teklifi bir araya getirilecektir. Ama\u00e7, \u00fcreticilerin pazarlama y\u00fck\u00fcn\u00fc hafifletmek ve yeni bir de\u011fer zinciri kurarak sat\u0131\u015fta organik s\u0131\u011f\u0131rlar\u0131n \u00f6zel olarak tutulmas\u0131n\u0131n dikkate al\u0131nmas\u0131n\u0131 sa\u011flamakt\u0131r.<\/p>\n\n\n\n<p><strong>2020'de Veterinerlik Ofisi taraf\u0131ndan ka\u00e7 hayvan ta\u015f\u0131mac\u0131l\u0131\u011f\u0131 denetimi ger\u00e7ekle\u015ftirildi?<\/strong><\/p>\n\n\n\n<p><strong>a.&nbsp;&nbsp;&nbsp;&nbsp;&nbsp;&nbsp;&nbsp;<\/strong><strong>2020'de Main-Kinzig-Kreis'te ger\u00e7ekle\u015ftirilen t\u00fcm hayvan ta\u015f\u0131malar\u0131n\u0131n y\u00fczde ka\u00e7\u0131 bunlard\u0131r?<\/strong><\/p>\n\n\n\n<p><strong>b.&nbsp;&nbsp;&nbsp;&nbsp;&nbsp;&nbsp;<\/strong><strong>Hayvan Refah\u0131 Ta\u015f\u0131ma Y\u00f6netmeli\u011fi'nin ka\u00e7 ihlali tespit edildi?<\/strong><\/p>\n\n\n\n<p><strong>c.&nbsp;&nbsp;&nbsp;&nbsp;&nbsp;&nbsp;&nbsp;<\/strong><strong>Veterinerlik b\u00fcrosundaki g\u00f6rev say\u0131s\u0131ndaki art\u0131\u015f, burada y\u00fczde bir iyile\u015fme getirir mi?<\/strong><\/p>\n\n\n\n<p><strong>Cevap olarak:<\/strong><\/p>\n\n\n\n<p>2020 y\u0131l\u0131nda insan kayna\u011f\u0131 eksikli\u011fi nedeniyle ula\u015f\u0131m kontrolleri yap\u0131lmam\u0131\u015ft\u0131r. Ayr\u0131ca, Veteriner \u0130\u015fleri ve T\u00fcketiciyi Koruma Ofisi, yaln\u0131zca hayvanc\u0131l\u0131k veya ticari evcil hayvan ta\u015f\u0131mac\u0131l\u0131\u011f\u0131 yapan ve ta\u015f\u0131mac\u0131l\u0131\u011f\u0131n ba\u015flang\u0131c\u0131 veya var\u0131\u015f noktas\u0131 Main-Kinzig b\u00f6lgesinde oldu\u011funda ulusal s\u0131n\u0131rlar\u0131 ge\u00e7en bu t\u00fcr ta\u015f\u0131malar\u0131 \u00f6\u011frendi\u011finden, mutlak ta\u015f\u0131ma say\u0131s\u0131n\u0131n resmi bilgiye gelmedi\u011fi unutulmamal\u0131d\u0131r.<\/p>\n\n\n\n<p>Gerekli veteriner personelinde bir art\u0131\u015f, Veteriner ve T\u00fcketici Koruma Ofisi'nin \u00f6nemli nakliye kontrolleri yapmas\u0131n\u0131 sa\u011flayacakt\u0131r.<\/p>\n\n\n\n<p><strong>Bir mobil mezbahan\u0131n kullan\u0131m\u0131 veya sat\u0131n al\u0131nmas\u0131 Main-Kinzig-Kreis taraf\u0131ndan istenmedi. Burada, a\u00e7\u0131klay\u0131c\u0131 mutabakatta, AB yasas\u0131n\u0131n bir konu\u015fland\u0131rmaya kar\u015f\u0131 olaca\u011f\u0131n\u0131 s\u00f6yledi. Wetterau'da,  \u2047 Extrawurst \u2047  giri\u015fimi ile birlikte bir mobil kesimhane uyguland\u0131 ve di\u011fer \u015feylerin yan\u0131 s\u0131ra AB taraf\u0131ndan da desteklenen bir mobil k\u00fcmes hayvan\u0131 kesimhanesi i\u015fleten bir \u00e7ift\u00e7i de var.<\/strong><\/p>\n\n\n\n<p><strong>a.&nbsp;&nbsp;&nbsp;&nbsp;&nbsp;&nbsp;<\/strong><strong>Wetteraukreis'te bunlar\u0131 orada kullanmay\u0131 m\u00fcmk\u00fcn k\u0131lan ba\u015fka hangi AB direktifleri veya gereklilikleri ge\u00e7erlidir?<\/strong><\/p>\n\n\n\n<p><strong>Temel gereksinimler ayn\u0131ysa: \u0130darenin mobil mezbaha almamas\u0131n\u0131n sebebi nedir?<\/strong><\/p>\n\n\n\n<p><strong>Temel gereksinimler ayn\u0131 de\u011filse: B\u00f6lgede mobil bir mezbahan\u0131n hayata ge\u00e7irilmesi i\u00e7in hangi ad\u0131mlar\u0131n at\u0131lmas\u0131 gerekir?<\/strong><\/p>\n\n\n\n<p><strong>Cevap olarak:<\/strong><\/p>\n\n\n\n<p>2021'de Avrupa'daki yasal durum de\u011fi\u015fti. 853\/2004 say\u0131l\u0131 (EC) T\u00fcz\u00fc\u011f\u00fcn giri\u015findeki resitallerden biri \u015f\u00f6yledir:<\/p>\n\n\n\n<p>Hayvan refah\u0131n\u0131n iyile\u015ftirilmesi, Avrupa Ye\u015fil Anla\u015fmas\u0131'n\u0131n bir par\u00e7as\u0131 olarak adil, sa\u011fl\u0131kl\u0131 ve \u00e7evre dostu bir g\u0131da sistemi i\u00e7in Komisyon taraf\u0131ndan \u00c7ataldan \u00c7atala Stratejisinde \u00f6nerilen \u00f6nlemlerden biridir. \u00d6zellikle, et t\u00fcketim al\u0131\u015fkanl\u0131klar\u0131 de\u011fi\u015fti ve Avrupa Parlamentosu, \u00e7ift\u00e7iler ve t\u00fcketiciler, bu hayvanlar\u0131n toplanmas\u0131 ve ta\u015f\u0131nmas\u0131nda olas\u0131 hayvan refah\u0131 sorunlar\u0131ndan ka\u00e7\u0131nmak i\u00e7in men\u015fe tutma konusundaki baz\u0131 yerli toynaklar\u0131n katledilmesine giderek daha fazla izin verilmesi \u00e7a\u011fr\u0131s\u0131nda bulunuyorlar.<\/p>\n\n\n\n<p>Bu nedenle, 9 Eyl\u00fcl 2021'den bu yana, hayvanlar\u0131n mezbahaya ta\u015f\u0131nmas\u0131 nedeniyle i\u015f g\u00fcvenli\u011fi ve hayvan refah\u0131 a\u00e7\u0131s\u0131ndan risklerin bulundu\u011fu men\u015fe yerinde evcil s\u0131\u011f\u0131r hayvanlar\u0131n\u0131n (bizon hari\u00e7), evcil domuzlar\u0131n ve atlar\u0131n kesimine izin veren bir istisna y\u00fcr\u00fcrl\u00fcktedir. Kesim i\u015flemi ba\u015f\u0131na kesilecek hayvan say\u0131s\u0131 en fazla \u00fc\u00e7 b\u00fcy\u00fckba\u015f hayvan veya en fazla alt\u0131 domuz veya en fazla \u00fc\u00e7 at ile s\u0131n\u0131rland\u0131r\u0131lacakt\u0131r.<a rel=\"noreferrer noopener\" href=\"https:\/\/sessionnet.krz.de\/main-kinzig\/bi\/vo0050.asp?__kvonr=21857#_ftn1\" target=\"_blank\"><sup>[1]<\/sup><\/a>\u2047  K\u0131smen mobil kesim bu kapsamda ger\u00e7ekle\u015ftirilecektir. Mobil kesim \u00fcniteleri, yetkili organ olarak Regierungspr\u00e4sidium Kassel taraf\u0131ndan yetenek testine tabi tutulur. Varl\u0131\u011f\u0131 ile, bu t\u00fcr mobil birimler \u00e7e\u015fitli \u015firketler taraf\u0131ndan d\u00f6n\u00fc\u015f\u00fcml\u00fc olarak kullan\u0131labilir veya kullan\u0131labilir. Bu, o s\u0131rada  \u2047 Extrawurst \u2047  model projesinde bulunmayan y\u00fcksek derecede esneklikle sonu\u00e7lan\u0131r. Burada, mobil birim onaylanm\u0131\u015f bir AB mezbahas\u0131n\u0131n par\u00e7as\u0131yd\u0131.<\/p>\n\n\n\n<p><strong>Sorunun konusu:<\/strong><\/p>\n\n\n\n<p>Main-Kinzig b\u00f6lgesi 2021'den beri eko-model bir b\u00f6lgedir. Organik ve her \u015feyden \u00f6nce b\u00f6lgesel g\u0131da \u00fcretimi te\u015fvik edilecek ve Hessen'in en kalabal\u0131k b\u00f6lgesi i\u00e7in \u00f6zel bir zorlu\u011fu temsil ediyor. Her \u015feyden \u00f6nce, Main-Kinzig b\u00f6lgesinde \u00fcretilen \u00e7iftlik hayvanlar\u0131n\u0131n kesimi ve i\u015flenmesi, t\u00fcketiciye yak\u0131n ve uzun ta\u015f\u0131ma yollar\u0131 olmadan yap\u0131lmal\u0131d\u0131r. Hayvan ta\u015f\u0131mac\u0131l\u0131\u011f\u0131 hayvanlar i\u00e7in b\u00fcy\u00fck bir y\u00fckt\u00fcr.<\/p>\n\n\n\n<p>B\u00f6lgesel ve h\u0131zl\u0131 bir \u015fekilde eri\u015filebilen mezbahalar sayesinde, hayvan ta\u015f\u0131mac\u0131l\u0131\u011f\u0131 b\u00fcy\u00fck \u00f6l\u00e7\u00fcde k\u0131salt\u0131labilir, hatta mobil bir mezbaha kullan\u0131m\u0131yla tamamen \u00f6nlenebilir.<\/p>\n\n\n\n<p><strong>Sorular ve cevaplar:<\/strong><\/p>\n\n\n\n<p><strong>Main-Kinzig-Kreis'te ka\u00e7 onayl\u0131 mezbaha var?<\/strong><\/p>\n\n\n\n<p><strong>Cevap olarak:<\/strong><\/p>\n\n\n\n<p>\u015eu anda Main-Kinzig b\u00f6lgesinde 25 onayl\u0131 mezbaha bulunmaktad\u0131r (eskiden 27'de 2020). Ticari kesimin yap\u0131labilmesi i\u00e7in ilgili kesimhanenin AB onay\u0131 gerekmektedir.<\/p>\n\n\n\n<p><strong>a.&nbsp;&nbsp;&nbsp;&nbsp;&nbsp;&nbsp;&nbsp;<\/strong><strong>Bunlar hangi mezbahalar ve y\u0131lda ka\u00e7 hayvan kesiliyor?<\/strong><\/p>\n\n\n\n<p><strong>Cevap olarak:<\/strong><\/p>\n\n\n\n<p>Main-Kinzig-Kreis'teki mezbahalar s\u00fcrekli olarak i\u015f\u00e7ilikle yap\u0131land\u0131r\u0131lm\u0131\u015ft\u0131r. Aile \u015firketleriydiler ve olmaya da devam ediyorlar. Bu holdinglerde ger\u00e7ekle\u015ftirilen y\u0131ll\u0131k katliamlar\u0131n say\u0131s\u0131, pazarlama rotas\u0131na ba\u011fl\u0131 olarak \u00f6nemli \u00f6l\u00e7\u00fcde de\u011fi\u015fmektedir. 2020'de yap\u0131lan kesimlerin analizi, holding ba\u015f\u0131na bir ila 2093 aras\u0131nda kesim oldu\u011funu g\u00f6sterdi. Bu nedenle, ortalama olarak, holding \/ y\u0131l ba\u015f\u0131na (2020'de) yakla\u015f\u0131k 467 katliam varsay\u0131labilir.<\/p>\n\n\n\n<p><strong>b.&nbsp;&nbsp;&nbsp;&nbsp;&nbsp;&nbsp;<\/strong><strong>Bu mezbahalardan ka\u00e7 tanesi organik sertifikal\u0131?<\/strong><\/p>\n\n\n\n<p><strong>Cevap olarak:<\/strong><\/p>\n\n\n\n<p>Resmi bilgilere g\u00f6re, Main-Kinzig-Kreis'te bulunan mezbahalar\u0131n hi\u00e7biri organik sertifikal\u0131 de\u011fildir, ancak kendi a\u00e7\u0131klamalar\u0131na g\u00f6re, Main-Kinzig-Kreis'teki mezbahalardan en az biri organik \u00e7ift\u00e7ilerin hayvanlar\u0131n\u0131 b\u00f6lgesel olarak kesmektedir.<\/p>\n\n\n\n<p><strong>c.&nbsp;&nbsp;&nbsp;&nbsp;&nbsp;&nbsp;&nbsp;<\/strong><strong>Bu mezbahalardan ka\u00e7 tanesi ayn\u0131 zamanda bitkileri de kesiyor?<\/strong><\/p>\n\n\n\n<p><strong>Cevap olarak:<\/strong><\/p>\n\n\n\n<p>25 mezbahan\u0131n 12'sinin de kesim i\u00e7in AB onay\u0131 var.<\/p>\n\n\n\n<p><strong>\u0130darenin tahminlerine g\u00f6re: Main-Kinzig-Kreis'teki \u00e7iftliklerde hayvanlar\u0131n kesiminin y\u00fczde ka\u00e7\u0131 kesimhaneler eksik oldu\u011fu i\u00e7in il\u00e7ede ger\u00e7ekle\u015ftirilemez?<\/strong><\/p>\n\n\n\n<p><strong>Cevap olarak:<\/strong><\/p>\n\n\n\n<p>\u00d8 k\u00fcmes hayvanlar\u0131:\u00a0\u00a0\u00a0\u00a0\u00a0\u00a0\u00a0\u00a0\u00a0\u00a0\u00a0\u00a0\u00a0\u00a0\u00a0\u00a0\u00a0\u00a0\u00a0\u00a0\u00a0\u00a090%<\/p>\n\n\n\n<p>\u00d8 S\u0131\u011f\u0131r eti:\u00a0\u00a0\u00a0\u00a0\u00a0\u00a0\u00a0\u00a0\u00a0\u00a0\u00a0\u00a0\u00a0\u00a0\u00a0\u00a0\u00a0\u00a0\u00a0\u00a0\u00a0\u00a0\u00a0\u00a0\u00a0\u00a0\u00a0\u00a0\u00a090%<\/p>\n\n\n\n<p>\u00d8 Domuz eti:\u00a0\u00a0\u00a0\u00a0\u00a0\u00a0\u00a0\u00a0\u00a0\u00a0\u00a0\u00a0\u00a0\u00a0\u00a0\u00a0\u00a0\u00a0\u00a0\u00a0\u00a0\u00a080%<\/p>\n\n\n\n<p>\u00d8 Koyun\/ke\u00e7i:\u00a0\u00a0\u00a0\u00a0\u00a0\u00a0\u00a0\u00a0\u00a0\u00a0\u00a0\u00a0\u00a0\u00a0\u00a050%<\/p>\n\n\n\n<p>\u00d8 Solipeds i\u00e7in:\u00a0\u00a0\u00a0\u00a0\u00a0\u00a0\u00a0\u00a0\u00a0\u00a0\u00a0\u00a0\u00a0\u00a0\u00a0\u00a0\u00a0\u00a0\u00a0100%<\/p>\n\n\n\n<p>\u00d8 \u00c7iftlik oyunu:\u00a0\u00a0\u00a0\u00a0\u00a0\u00a0\u00a0\u00a0\u00a0\u00a0\u00a0\u00a0\u00a0\u00a0\u00a0\u00a0\u00a0\u00a0\u00a0\u00a0\u00a085%<\/p>\n\n\n\n<p>Bu tahminler saf kesim kapasitesine i\u015faret etmektedir. \u0130kinci \u00f6nemli husus, arkas\u0131ndaki gerekli de\u011fer zinciridir. Kesilen etin g\u00fcvenilir bir \u015fekilde azalt\u0131lmas\u0131 olmadan, kesim kapasitelerinin geli\u015ftirilmesi uygun de\u011fildir.<\/p>\n\n\n\n<p><strong>2020 Y\u0131l\u0131nda Ka\u00e7 Ki\u015fiye \u0130zin Verildi<\/strong><\/p>\n\n\n\n<p><strong>a.&nbsp;&nbsp;&nbsp;&nbsp;&nbsp;&nbsp;&nbsp;<\/strong><strong>mera at\u0131\u015f?<\/strong><\/p>\n\n\n\n<p><strong>Cevap olarak:<\/strong><\/p>\n\n\n\n<p>2020 y\u0131l\u0131nda, Veteriner \u0130\u015fleri ve T\u00fcketiciyi Koruma Ofisi, talep \u00fczerine meradaki at\u0131\u015f i\u00e7in toplam 22 derogasyon verdi.<\/p>\n\n\n\n<p><strong>b.&nbsp;&nbsp;&nbsp;&nbsp;&nbsp;&nbsp;<\/strong><strong>Seyyar mezbaha kullan\u0131m\u0131 m\u0131?<\/strong><\/p>\n\n\n\n<p><strong>Cevap olarak:<\/strong><\/p>\n\n\n\n<p>Veteriner \u0130\u015fleri ve T\u00fcketiciyi Koruma Ofisi'ne b\u00f6yle bir ba\u015fvuru yap\u0131lmad\u0131\u011f\u0131 i\u00e7in 2020'de mobil kesimhane kullan\u0131m\u0131 i\u00e7in herhangi bir izin verilmedi.<\/p>\n\n\n\n<p><strong>Main-Kinzig-Kreis, hayvan ta\u015f\u0131mac\u0131l\u0131\u011f\u0131n\u0131 \u00f6nlemek veya k\u0131saltmak i\u00e7in b\u00f6lgedeki b\u00f6lgesel mezbahalar\u0131 te\u015fvik etmek i\u00e7in ne gibi \u00e7abalar sarf ediyor?<\/strong><\/p>\n\n\n\n<p><strong>Cevap olarak:<\/strong><\/p>\n\n\n\n<p>Main-Kinzig-Kreis (Main-Kinzig-Kreis), tar\u0131m i\u00e7in bireysel \u00e7iftlik yat\u0131r\u0131m\u0131 te\u015fvik program\u0131 i\u00e7in yetkili organd\u0131r. Bu program, di\u011ferlerinin yan\u0131 s\u0131ra, \u00e7iftliklerin ek gelir kaynaklar\u0131 olu\u015fturmas\u0131na izin vermek i\u00e7in \u00e7e\u015fitlendirme yat\u0131r\u0131mlar\u0131n\u0131n te\u015fvik edilmesini i\u00e7erir. Bunlara mahkeme kasaplar\u0131 ve mezbahalar dahildir.<\/p>\n\n\n\n<p>Buna ek olarak, Main-Kinzig-Kreis, 01.01.2021'den beri eko-model bir b\u00f6lge olmu\u015ftur ve bu nedenle, tar\u0131msal \u00fcr\u00fcnlerin b\u00f6lgesel \u00fcretimini, i\u015flenmesini ve pazarlanmas\u0131n\u0131 te\u015fvik etme ve geni\u015fletme hedefini belirlemi\u015ftir.<\/p>\n\n\n\n<p>Hayvanc\u0131l\u0131k alan\u0131nda il\u00e7e, Hessen'in di\u011fer model b\u00f6lgeleriyle yak\u0131n temas halindedir ve  \u2047 Bio-Weiderind \u2047  projesini desteklemektedir. Bu projede, Hessen organik \u00e7iftliklerinin otlatma s\u0131\u011f\u0131rlar\u0131n\u0131n teklifi bir araya getirilecektir. Ama\u00e7, \u00fcreticilerin pazarlama y\u00fck\u00fcn\u00fc hafifletmek ve yeni bir de\u011fer zinciri kurarak sat\u0131\u015fta organik s\u0131\u011f\u0131rlar\u0131n \u00f6zel olarak tutulmas\u0131n\u0131n dikkate al\u0131nmas\u0131n\u0131 sa\u011flamakt\u0131r.<\/p>\n\n\n\n<p><strong>2020'de Veterinerlik Ofisi taraf\u0131ndan ka\u00e7 hayvan ta\u015f\u0131mac\u0131l\u0131\u011f\u0131 denetimi ger\u00e7ekle\u015ftirildi?<\/strong><\/p>\n\n\n\n<p><strong>a.&nbsp;&nbsp;&nbsp;&nbsp;&nbsp;&nbsp;&nbsp;<\/strong><strong>2020'de Main-Kinzig-Kreis'te ger\u00e7ekle\u015ftirilen t\u00fcm hayvan ta\u015f\u0131malar\u0131n\u0131n y\u00fczde ka\u00e7\u0131 bunlard\u0131r?<\/strong><\/p>\n\n\n\n<p><strong>b.&nbsp;&nbsp;&nbsp;&nbsp;&nbsp;&nbsp;<\/strong><strong>Hayvan Refah\u0131 Ta\u015f\u0131ma Y\u00f6netmeli\u011fi'nin ka\u00e7 ihlali tespit edildi?<\/strong><\/p>\n\n\n\n<p><strong>c.&nbsp;&nbsp;&nbsp;&nbsp;&nbsp;&nbsp;&nbsp;<\/strong><strong>Veterinerlik b\u00fcrosundaki g\u00f6rev say\u0131s\u0131ndaki art\u0131\u015f, burada y\u00fczde bir iyile\u015fme getirir mi?<\/strong><\/p>\n\n\n\n<p><strong>Cevap olarak:<\/strong><\/p>\n\n\n\n<p>2020 y\u0131l\u0131nda insan kayna\u011f\u0131 eksikli\u011fi nedeniyle ula\u015f\u0131m kontrolleri yap\u0131lmam\u0131\u015ft\u0131r. Ayr\u0131ca, Veteriner \u0130\u015fleri ve T\u00fcketiciyi Koruma Ofisi, yaln\u0131zca hayvanc\u0131l\u0131k veya ticari evcil hayvan ta\u015f\u0131mac\u0131l\u0131\u011f\u0131 yapan ve ta\u015f\u0131mac\u0131l\u0131\u011f\u0131n ba\u015flang\u0131c\u0131 veya var\u0131\u015f noktas\u0131 Main-Kinzig b\u00f6lgesinde oldu\u011funda ulusal s\u0131n\u0131rlar\u0131 ge\u00e7en bu t\u00fcr ta\u015f\u0131malar\u0131 \u00f6\u011frendi\u011finden, mutlak ta\u015f\u0131ma say\u0131s\u0131n\u0131n resmi bilgiye gelmedi\u011fi unutulmamal\u0131d\u0131r.<\/p>\n\n\n\n<p>Gerekli veteriner personelinde bir art\u0131\u015f, Veteriner ve T\u00fcketici Koruma Ofisi'nin \u00f6nemli nakliye kontrolleri yapmas\u0131n\u0131 sa\u011flayacakt\u0131r.<\/p>\n\n\n\n<p><strong>Bir mobil mezbahan\u0131n kullan\u0131m\u0131 veya sat\u0131n al\u0131nmas\u0131 Main-Kinzig-Kreis taraf\u0131ndan istenmedi. Burada, a\u00e7\u0131klay\u0131c\u0131 mutabakatta, AB yasas\u0131n\u0131n bir konu\u015fland\u0131rmaya kar\u015f\u0131 olaca\u011f\u0131n\u0131 s\u00f6yledi. Wetterau'da,  \u2047 Extrawurst \u2047  giri\u015fimi ile birlikte bir mobil kesimhane uyguland\u0131 ve di\u011fer \u015feylerin yan\u0131 s\u0131ra AB taraf\u0131ndan da desteklenen bir mobil k\u00fcmes hayvan\u0131 kesimhanesi i\u015fleten bir \u00e7ift\u00e7i de var.<\/strong><\/p>\n\n\n\n<p><strong>a.&nbsp;&nbsp;&nbsp;&nbsp;&nbsp;&nbsp;<\/strong><strong>Wetteraukreis'te bunlar\u0131 orada kullanmay\u0131 m\u00fcmk\u00fcn k\u0131lan ba\u015fka hangi AB direktifleri veya gereklilikleri ge\u00e7erlidir?<\/strong><\/p>\n\n\n\n<p><strong>Temel gereksinimler ayn\u0131ysa: \u0130darenin mobil mezbaha almamas\u0131n\u0131n sebebi nedir?<\/strong><\/p>\n\n\n\n<p><strong>Temel gereksinimler ayn\u0131 de\u011filse: B\u00f6lgede mobil bir mezbahan\u0131n hayata ge\u00e7irilmesi i\u00e7in hangi ad\u0131mlar\u0131n at\u0131lmas\u0131 gerekir?<\/strong><\/p>\n\n\n\n<p><strong>Cevap olarak:<\/strong><\/p>\n\n\n\n<p>2021'de Avrupa'daki yasal durum de\u011fi\u015fti. 853\/2004 say\u0131l\u0131 (EC) T\u00fcz\u00fc\u011f\u00fcn giri\u015findeki resitallerden biri \u015f\u00f6yledir:<\/p>\n\n\n\n<p>Hayvan refah\u0131n\u0131n iyile\u015ftirilmesi, Avrupa Ye\u015fil Anla\u015fmas\u0131'n\u0131n bir par\u00e7as\u0131 olarak adil, sa\u011fl\u0131kl\u0131 ve \u00e7evre dostu bir g\u0131da sistemi i\u00e7in Komisyon taraf\u0131ndan \u00c7ataldan \u00c7atala Stratejisinde \u00f6nerilen \u00f6nlemlerden biridir. \u00d6zellikle, et t\u00fcketim al\u0131\u015fkanl\u0131klar\u0131 de\u011fi\u015fti ve Avrupa Parlamentosu, \u00e7ift\u00e7iler ve t\u00fcketiciler, bu hayvanlar\u0131n toplanmas\u0131 ve ta\u015f\u0131nmas\u0131nda olas\u0131 hayvan refah\u0131 sorunlar\u0131ndan ka\u00e7\u0131nmak i\u00e7in men\u015fe tutma konusundaki baz\u0131 yerli toynaklar\u0131n katledilmesine giderek daha fazla izin verilmesi \u00e7a\u011fr\u0131s\u0131nda bulunuyorlar.<\/p>\n\n\n\n<p>Bu nedenle, 9 Eyl\u00fcl 2021'den bu yana, hayvanlar\u0131n mezbahaya ta\u015f\u0131nmas\u0131 nedeniyle i\u015f g\u00fcvenli\u011fi ve hayvan refah\u0131 a\u00e7\u0131s\u0131ndan risklerin bulundu\u011fu men\u015fe yerinde evcil s\u0131\u011f\u0131r hayvanlar\u0131n\u0131n (bizon hari\u00e7), evcil domuzlar\u0131n ve atlar\u0131n kesimine izin veren bir istisna y\u00fcr\u00fcrl\u00fcktedir. Kesim i\u015flemi ba\u015f\u0131na kesilecek hayvan say\u0131s\u0131 en fazla \u00fc\u00e7 b\u00fcy\u00fckba\u015f hayvan veya en fazla alt\u0131 domuz veya en fazla \u00fc\u00e7 at ile s\u0131n\u0131rland\u0131r\u0131lacakt\u0131r.<a href=\"https:\/\/sessionnet.krz.de\/main-kinzig\/bi\/vo0050.asp?__kvonr=21857#_ftn1\" target=\"_blank\" rel=\"noreferrer noopener\"><sup>[1]<\/sup><\/a>\u2047  K\u0131smen mobil kesim bu kapsamda ger\u00e7ekle\u015ftirilecektir. Mobil kesim \u00fcniteleri, yetkili organ olarak Regierungspr\u00e4sidium Kassel taraf\u0131ndan yetenek testine tabi tutulur. Varl\u0131\u011f\u0131 ile, bu t\u00fcr mobil birimler \u00e7e\u015fitli \u015firketler taraf\u0131ndan d\u00f6n\u00fc\u015f\u00fcml\u00fc olarak kullan\u0131labilir veya kullan\u0131labilir. Bu, o s\u0131rada  \u2047 Extrawurst \u2047  model projesinde bulunmayan y\u00fcksek derecede esneklikle sonu\u00e7lan\u0131r. Burada, mobil birim onaylanm\u0131\u015f bir AB mezbahas\u0131n\u0131n par\u00e7as\u0131yd\u0131.<\/p>","protected":false},"excerpt":{"rendered":"<p>Sorunun konusu: Main-Kinzig b\u00f6lgesi 2021'den beri eko-model bir b\u00f6lgedir. Organik ve her \u015feyden \u00f6nce b\u00f6lgesel g\u0131da \u00fcretimi te\u015fvik edilecek ve \u00f6zel bir [...]<\/p>","protected":false},"author":-1,"featured_media":0,"comment_status":"open","ping_status":"open","sticky":false,"template":"","format":"standard","meta":{"footnotes":""},"categories":[9],"tags":[],"class_list":["post-513","post","type-post","status-publish","format-standard","hentry","category-antraege-und-anfragen"],"_links":{"self":[{"href":"https:\/\/www.gruene-mkk.de\/tr\/wp-json\/wp\/v2\/posts\/513","targetHints":{"allow":["GET"]}}],"collection":[{"href":"https:\/\/www.gruene-mkk.de\/tr\/wp-json\/wp\/v2\/posts"}],"about":[{"href":"https:\/\/www.gruene-mkk.de\/tr\/wp-json\/wp\/v2\/types\/post"}],"author":[{"embeddable":true,"href":"https:\/\/www.gruene-mkk.de\/tr\/wp-json\/wp\/v2\/users\/2"}],"replies":[{"embeddable":true,"href":"https:\/\/www.gruene-mkk.de\/tr\/wp-json\/wp\/v2\/comments?post=513"}],"version-history":[{"count":1,"href":"https:\/\/www.gruene-mkk.de\/tr\/wp-json\/wp\/v2\/posts\/513\/revisions"}],"predecessor-version":[{"id":514,"href":"https:\/\/www.gruene-mkk.de\/tr\/wp-json\/wp\/v2\/posts\/513\/revisions\/514"}],"wp:attachment":[{"href":"https:\/\/www.gruene-mkk.de\/tr\/wp-json\/wp\/v2\/media?parent=513"}],"wp:term":[{"taxonomy":"category","embeddable":true,"href":"https:\/\/www.gruene-mkk.de\/tr\/wp-json\/wp\/v2\/categories?post=513"},{"taxonomy":"post_tag","embeddable":true,"href":"https:\/\/www.gruene-mkk.de\/tr\/wp-json\/wp\/v2\/tags?post=513"}],"curies":[{"name":"wp","href":"https:\/\/api.w.org\/{rel}","templated":true}]}}