{"id":508,"date":"2021-09-06T13:59:00","date_gmt":"2021-09-06T11:59:00","guid":{"rendered":"https:\/\/www.alles-bleibt-anders.org\/?p=508"},"modified":"2021-11-24T14:02:13","modified_gmt":"2021-11-24T13:02:13","slug":"antrag-mkk-soll-sicherer-hafen-werden","status":"publish","type":"post","link":"https:\/\/www.gruene-mkk.de\/tr\/antrag-mkk-soll-sicherer-hafen-werden\/","title":{"rendered":"\u0130stek \u00fczerine: MKK g\u00fcvenli liman olacak"},"content":{"rendered":"<p><strong>B\u00f6lge meclisi karar verir:&nbsp;&nbsp;&nbsp;&nbsp;&nbsp; &nbsp;&nbsp;&nbsp;&nbsp;&nbsp;<\/strong><\/p>\n\n\n\n<p>1. Main-Kinzig b\u00f6lgesi kendisini g\u00fcvenli bir s\u0131\u011f\u0131nak ilan ediyor ve ka\u00e7an insanlarla dayan\u0131\u015fmas\u0131n\u0131 yeniden teyit ediyor.<\/p>\n\n\n\n<p>2. Main-Kinzig-Kreis, Denizcilik K\u00f6pr\u00fcs\u00fc  \u2047  G\u00fcvenli Limanlar Yaratma giri\u015fiminin sekiz talebini uygulamaya kararl\u0131d\u0131r. Bu ama\u00e7la, grup talepleri uygulama yollar\u0131n\u0131 tart\u0131\u015fmak i\u00e7in giri\u015fimle temasa ge\u00e7iyor.<\/p>\n\n\n\n<p><strong>A\u00e7\u0131klay\u0131c\u0131 muht\u0131ra:<\/strong><\/p>\n\n\n\n<p>Afganistan'daki son olaylar m\u00fcltecilerin kabul\u00fcn\u00fcn ne kadar \u00f6nemli oldu\u011funu g\u00f6steriyor. ABD gibi devletler bir\u00e7ok insan\u0131 tahliye edebilse de, Almanya kendi b\u00fcrokrasisi arac\u0131l\u0131\u011f\u0131yla kendisini engelledi ve liderler 2015'in tekrarlanmamas\u0131 gerekti\u011fini vurgulad\u0131. \u0130nsani felaketleri de\u011fil, Almanya'da koruma arayan m\u00fcltecileri kastediyorlard\u0131.<\/p>\n\n\n\n<p>Haciz, ihtiya\u00e7 zamanlar\u0131nda me\u015fru bir siyasi ara\u00e7 de\u011fildir. Bu nedenle il\u00e7e, 267 belediye ve il\u00e7enin daha \u00f6nce yapt\u0131\u011f\u0131 gibi (25 A\u011fustos 2021 itibar\u0131yla) \u00f6zellikle savunmas\u0131z insanlar\u0131 g\u00f6n\u00fcll\u00fc olarak almay\u0131 ve il\u00e7eyi g\u00fcvenli bir s\u0131\u011f\u0131nak olarak ilan etmeyi kabul etmelidir.<\/p>\n\n\n\n<p>Main-Kinzig b\u00f6lgesi, 2019'da zaten g\u00fcvenli bir cennet olma f\u0131rsat\u0131na sahipti. Sol ve Ye\u015filler'in buna kar\u015f\u0131l\u0131k gelen bir \u00f6nergesi SPD ve CDU taraf\u0131ndan reddedildi ve bunun yerine bir de\u011fi\u015fiklik kabul edildi. \u0130\u00e7inde, daire m\u00fcltecileri almak i\u00e7in yasal ve insani y\u00fck\u00fcml\u00fcl\u00fc\u011f\u00fcne kendini adam\u0131\u015ft\u0131r. B\u00fcy\u00fck Koalisyon, Afganistan'daki insani felaket nedeniyle bu de\u011fi\u015fiklikle ba\u011fl\u0131 hissediyorsa, \u015fimdi savunmas\u0131z insanlar\u0131 kar\u015f\u0131lama taahh\u00fcd\u00fcnde bulunmal\u0131 ve buna g\u00f6re Ana-Kinzig b\u00f6lgesini g\u00fcvenli bir s\u0131\u011f\u0131nak ilan etmelidir.<\/p>\n\n\n\n<p>\u015eu anda Afganistan'da ya\u015fanan insani felaket, y\u0131llard\u0131r Avrupa d\u0131\u015f s\u0131n\u0131r\u0131nda da ya\u015fan\u0131yor. A\u00e7l\u0131ktan ve sava\u015ftan ka\u00e7an insanlar, basit \u015fi\u015fme botlarla Akdeniz'de y\u00fczlerce kilometre seyahat ediyorlar. Bunu yaparken, kendilerini s\u0131k s\u0131k denizde s\u0131k\u0131nt\u0131 i\u00e7inde bulurlar ve \u00f6zel deniz kurtar\u0131c\u0131lar\u0131n\u0131n kurtar\u0131lmas\u0131na ba\u011f\u0131ml\u0131d\u0131rlar, \u00e7\u00fcnk\u00fc Avrupa devletleri onlar\u0131 kurtarmaz. 2014'ten bu yana tahminen 21.800 ki\u015fi Akdeniz'den ka\u00e7arken bo\u011fuldu.<\/p>\n\n\n\n<p>Ka\u00e7\u0131\u015f yine de ba\u015far\u0131l\u0131 olursa, bir\u00e7o\u011fu makul olmayan hijyenik ko\u015fullar alt\u0131nda ve yeterli temel bak\u0131m olmadan g\u00f6zalt\u0131 kamplar\u0131nda ya\u015famak zorundad\u0131r. Bunun \u00f6rnekleri Malta ve Lesvos'taki kamplard\u0131r.<\/p>\n\n\n\n<p>AB \u00fcye \u00fclkeleri d\u0131\u015f s\u0131n\u0131rlardaki m\u00fclteci kamplar\u0131ndaki durumun uzun s\u00fcredir fark\u0131nda olsalar da, kamplardaki ko\u015fullar felaket olmaya devam ediyor. Uygun hava ko\u015fullar\u0131na uygun elektrik, akan su ve bar\u0131nak eksikli\u011fi vard\u0131r. Kamplarda ya\u015famak zorunda kalan \u00e7ocuklar i\u00e7in genellikle okula gitmenin bir yolu yoktur.<\/p>\n\n\n\n<p>Ge\u00e7en y\u0131l ve 2021 ba\u015f\u0131ndaki rakamlar, m\u00fclteci kamplar\u0131n\u0131n sakinlerinin de mekansal darl\u0131k ve k\u00f6t\u00fc hijyenik ko\u015fullar nedeniyle g\u00fc\u00e7l\u00fc bir \u015fekilde yay\u0131lan koronavir\u00fcse s\u0131kl\u0131kla maruz kald\u0131\u011f\u0131n\u0131 g\u00f6steriyor.<\/p>\n\n\n\n<p>G\u00fcvenli Limanlar giri\u015fimi, ka\u00e7an insanlarla dayan\u0131\u015fma i\u00e7indedir, g\u00fcvenli ka\u00e7\u0131\u015f yollar\u0131n\u0131 savunur ve m\u00fcltecilerin Almanya'ya ula\u015fmas\u0131n\u0131 ve kalmas\u0131n\u0131 sa\u011flamay\u0131 ama\u00e7lar.<\/p>\n\n\n\n<p>\u00c7emberin bu giri\u015fime kat\u0131l\u0131m\u0131, dayan\u0131\u015fman\u0131n \u00f6nemli bir i\u015fareti olacakt\u0131r. Ayn\u0131 zamanda, daire giri\u015fimin ilgili sekiz talebini uygulamay\u0131 ve giri\u015fimin web sitesindeki ilerlemeyi d\u00fczenli olarak g\u00fcncellemeyi taahh\u00fct eder (https:\/\/seebruecke.org\/sichere-haefen\/haefen).<\/p>\n\n\n\n<p>Giri\u015fimin talepleri:<\/p>\n\n\n\n<p>\u2047  Dayan\u0131\u015fma Bildirgesi<\/p>\n\n\n\n<p>\u2047  Deniz kurtarma i\u00e7in aktif destek<\/p>\n\n\n\n<p>\u2047  Kotaya ek olarak dahil etme<\/p>\n\n\n\n<p>\u2047  Destek al\u0131m programlar\u0131<\/p>\n\n\n\n<p>\u2047  Yerel var\u0131\u015flar\u0131n sa\u011flanmas\u0131<\/p>\n\n\n\n<p>\u2047  Ulusal ve Avrupa a\u011f\u0131<\/p>\n\n\n\n<p>\u2047  G\u00fcvenli Limanlar \u0130ttifak\u0131<\/p>\n\n\n\n<p>\u2047  \u015feffafl\u0131k<\/p>\n\n\n\n<p>Bu hedeflere ula\u015fmak i\u00e7in daire, olas\u0131l\u0131klar\u0131 birlikte tart\u0131\u015fmak i\u00e7in giri\u015fimle temasa ge\u00e7er.<\/p>","protected":false},"excerpt":{"rendered":"<p>B\u00f6lge meclisi karar verir:\u00a0\u00a0\u00a0\u00a0\u00a0 \u00a0\u00a0\u00a0\u00a0\u00a0 1. Main-Kinzig b\u00f6lgesi kendisini g\u00fcvenli bir s\u0131\u011f\u0131nak ilan ediyor ve ka\u00e7an insanlarla dayan\u0131\u015fmas\u0131n\u0131 yeniden teyit ediyor. 2. Main-Kinzig-Kreis sekiz taleplerini kar\u015f\u0131lamaya kararl\u0131d\u0131r [...]<\/p>","protected":false},"author":-1,"featured_media":0,"comment_status":"open","ping_status":"open","sticky":false,"template":"","format":"standard","meta":{"footnotes":""},"categories":[9],"tags":[],"class_list":["post-508","post","type-post","status-publish","format-standard","hentry","category-antraege-und-anfragen"],"_links":{"self":[{"href":"https:\/\/www.gruene-mkk.de\/tr\/wp-json\/wp\/v2\/posts\/508","targetHints":{"allow":["GET"]}}],"collection":[{"href":"https:\/\/www.gruene-mkk.de\/tr\/wp-json\/wp\/v2\/posts"}],"about":[{"href":"https:\/\/www.gruene-mkk.de\/tr\/wp-json\/wp\/v2\/types\/post"}],"author":[{"embeddable":true,"href":"https:\/\/www.gruene-mkk.de\/tr\/wp-json\/wp\/v2\/users\/2"}],"replies":[{"embeddable":true,"href":"https:\/\/www.gruene-mkk.de\/tr\/wp-json\/wp\/v2\/comments?post=508"}],"version-history":[{"count":1,"href":"https:\/\/www.gruene-mkk.de\/tr\/wp-json\/wp\/v2\/posts\/508\/revisions"}],"predecessor-version":[{"id":510,"href":"https:\/\/www.gruene-mkk.de\/tr\/wp-json\/wp\/v2\/posts\/508\/revisions\/510"}],"wp:attachment":[{"href":"https:\/\/www.gruene-mkk.de\/tr\/wp-json\/wp\/v2\/media?parent=508"}],"wp:term":[{"taxonomy":"category","embeddable":true,"href":"https:\/\/www.gruene-mkk.de\/tr\/wp-json\/wp\/v2\/categories?post=508"},{"taxonomy":"post_tag","embeddable":true,"href":"https:\/\/www.gruene-mkk.de\/tr\/wp-json\/wp\/v2\/tags?post=508"}],"curies":[{"name":"wp","href":"https:\/\/api.w.org\/{rel}","templated":true}]}}