{"id":484,"date":"2021-06-11T13:33:00","date_gmt":"2021-06-11T11:33:00","guid":{"rendered":"https:\/\/www.alles-bleibt-anders.org\/?p=484"},"modified":"2024-09-05T14:42:06","modified_gmt":"2024-09-05T12:42:06","slug":"anfrage-zur-akademie-fuer-gesundheit-und-pflege","status":"publish","type":"post","link":"https:\/\/www.gruene-mkk.de\/tr\/anfrage-zur-akademie-fuer-gesundheit-und-pflege\/","title":{"rendered":"Sa\u011fl\u0131k ve Bak\u0131m Akademisi'ne Soru\u015fturma"},"content":{"rendered":"<p><strong>Sorunun konusu:<\/strong><\/p>\n\n\n\n<p>25 Eyl\u00fcl 2020'de il\u00e7e meclisi, Gelnhausen'deki Sa\u011fl\u0131k ve Bak\u0131m Akademisi i\u00e7in e\u011fitim ortaklar\u0131 Main-Kinzig'in e\u011fitim binas\u0131nda ayr\u0131 bir yer in\u015fa edilmesine karar verdi.<\/p>\n\n\n\n<p><strong>Sorular ve cevaplar:<\/strong><\/p>\n\n\n\n<p>1. B\u00f6lge meclisinin karar\u0131ndan bu yana ne gibi ad\u0131mlar at\u0131ld\u0131?<\/p>\n\n\n\n<p>Gelnhausen sahas\u0131ndaki b\u00f6lge meclisi karar\u0131ndan bu yana, Bildungshaus'ta bir uzatma i\u00e7in ilk taslak haz\u0131rland\u0131. Gerekli mekansal planlama \u015fu anda tamamlanmaktad\u0131r. Ayn\u0131 zamanda, Main-Kinzig-Akademie'nin \u00e7al\u0131\u015fmas\u0131 i\u00e7in gerekli olan ortak bir BT \u00e7\u00f6z\u00fcm\u00fc \u00fczerinde \u00e7al\u0131\u015f\u0131l\u0131yor. Yeni ortak e\u011fitimin uygulanmas\u0131 i\u00e7in ge\u00e7en y\u0131ldan bu yana bilimsel g\u00f6zetim alt\u0131nda ortak bir m\u00fcfredat haz\u0131rlanm\u0131\u015ft\u0131r. Pratik e\u011fitimin karma\u015f\u0131kl\u0131\u011f\u0131na ra\u011fmen, bir\u00e7ok ortakla geni\u015f bir e\u011fitim a\u011f\u0131 ge\u00e7en y\u0131l zaten ger\u00e7ekle\u015ftirilebilirdi.<\/p>\n\n\n\n<p><br>2. Sa\u011fl\u0131k ve Bak\u0131m Akademisi'nin ne zaman tamamlanmas\u0131 bekleniyor?<\/p>\n\n\n\n<p>A\u00e7\u0131k finansman sorusu ve yasal \u00e7er\u00e7eve nedeniyle, bir tamamlanma tarihi \u015fu anda kesin olarak belirlenmemektedir.<\/p>\n\n\n\n<p><br>3. Bu ama\u00e7 i\u00e7in ba\u015flang\u0131\u00e7ta tahmin edilen toplam maliyet neydi?<\/p>\n\n\n\n<p>Tasar\u0131m i\u00e7in mimarl\u0131k firmas\u0131 Rack \/ Gelnhausen taraf\u0131ndan maliyet tahmini, maliyet harcamas\u0131 i\u00e7in bir referans g\u00f6revi g\u00f6r\u00fcr. Maliyetler \u015fu anda arazi olmadan yakla\u015f\u0131k 16,5 milyon \u20ac tutar\u0131ndad\u0131r.<\/p>\n\n\n\n<p>a. Toplam maliyetlerin tahmini miktardan daha y\u00fcksek olmas\u0131 beklenir mi?<\/p>\n\n\n\n<p>i. E\u011fer \u00f6yleyse, y\u00f6netim ne gibi ek maliyetler bekliyor?<\/p>\n\n\n\n<p>2023'te in\u015faat ba\u015flad\u0131\u011f\u0131nda, tahmini fiyat art\u0131\u015f\u0131 3-6% Y\u0131ll\u0131k 17,5 ila 18,5 milyon Euro.<\/p>\n\n\n\n<p><br>\u0130kinci olarak. E\u011fer \u00f6yleyse, neden bu ek maliyetler ortaya \u00e7\u0131k\u0131yor?<\/p>\n\n\n\n<p>Mevcut u\u00e7ucu ko\u015fullar nedeniyle (\u00f6rn. Hammadde k\u0131tl\u0131\u011f\u0131) in\u015faat sekt\u00f6r\u00fcnde, bu tahmin sadece kabaca yap\u0131labilir.<\/p>\n\n\n\n<p><br>4. M\u00fcd\u00fcrl\u00fck g\u00f6revin bitti mi?<\/p>\n\n\n\n<p>Hat 01.04.2021 tarihinden itibaren yeniden i\u015fgal edilmi\u015ftir. \u0130\u015f sahibi Reinhard Baum, birka\u00e7 on y\u0131ld\u0131r mesleki hem\u015firelik e\u011fitiminde y\u00f6netici olarak \u00e7al\u0131\u015fmaktad\u0131r. Bir dipl olarak. \u015eirket e\u011fitimcisi ve cand. Liderlik ve Ko\u00e7luk Y\u00fcksek Lisans\u0131, bu pozisyon i\u00e7in iyi donan\u0131ml\u0131d\u0131r.<\/p>","protected":false},"excerpt":{"rendered":"<p>Sorunun konusu: 25 Eyl\u00fcl 2020'de b\u00f6lge konseyi, Sa\u011fl\u0131k ve Bak\u0131m Akademisi'nin Gelnhausen'de e\u011fitim ortaklar\u0131 Main-Kinzig'in e\u011fitim binas\u0131nda kendi yerini in\u015fa etmesine karar verdi.<\/p>","protected":false},"author":-1,"featured_media":0,"comment_status":"open","ping_status":"open","sticky":false,"template":"","format":"standard","meta":{"footnotes":""},"categories":[9],"tags":[],"class_list":["post-484","post","type-post","status-publish","format-standard","hentry","category-antraege-und-anfragen"],"_links":{"self":[{"href":"https:\/\/www.gruene-mkk.de\/tr\/wp-json\/wp\/v2\/posts\/484","targetHints":{"allow":["GET"]}}],"collection":[{"href":"https:\/\/www.gruene-mkk.de\/tr\/wp-json\/wp\/v2\/posts"}],"about":[{"href":"https:\/\/www.gruene-mkk.de\/tr\/wp-json\/wp\/v2\/types\/post"}],"author":[{"embeddable":true,"href":"https:\/\/www.gruene-mkk.de\/tr\/wp-json\/wp\/v2\/users\/2"}],"replies":[{"embeddable":true,"href":"https:\/\/www.gruene-mkk.de\/tr\/wp-json\/wp\/v2\/comments?post=484"}],"version-history":[{"count":1,"href":"https:\/\/www.gruene-mkk.de\/tr\/wp-json\/wp\/v2\/posts\/484\/revisions"}],"predecessor-version":[{"id":485,"href":"https:\/\/www.gruene-mkk.de\/tr\/wp-json\/wp\/v2\/posts\/484\/revisions\/485"}],"wp:attachment":[{"href":"https:\/\/www.gruene-mkk.de\/tr\/wp-json\/wp\/v2\/media?parent=484"}],"wp:term":[{"taxonomy":"category","embeddable":true,"href":"https:\/\/www.gruene-mkk.de\/tr\/wp-json\/wp\/v2\/categories?post=484"},{"taxonomy":"post_tag","embeddable":true,"href":"https:\/\/www.gruene-mkk.de\/tr\/wp-json\/wp\/v2\/tags?post=484"}],"curies":[{"name":"wp","href":"https:\/\/api.w.org\/{rel}","templated":true}]}}