{"id":481,"date":"2021-06-06T13:30:00","date_gmt":"2021-06-06T11:30:00","guid":{"rendered":"https:\/\/www.alles-bleibt-anders.org\/?p=481"},"modified":"2021-11-24T13:33:12","modified_gmt":"2021-11-24T12:33:12","slug":"anfrage-zum-schulentwicklungsplan","status":"publish","type":"post","link":"https:\/\/www.gruene-mkk.de\/tr\/anfrage-zum-schulentwicklungsplan\/","title":{"rendered":"Okul geli\u015fim plan\u0131 hakk\u0131nda bilgi"},"content":{"rendered":"<p><strong>Sorunun konusu:<\/strong><\/p>\n\n\n\n<p>Ay\u0131n 4'\u00fcnde b\u00f6lge toplant\u0131s\u0131nda. Aral\u0131k 2020'de okul geli\u015ftirme plan\u0131 kabul edilmedi, ancak daha fazla tavsiye i\u00e7in E\u011fitim Komitesine y\u00f6nlendirildi. Bor\u00e7lunun orada yeni bir taslak sunaca\u011f\u0131 varsay\u0131labilir.<\/p>\n\n\n\n<p><strong>Sorular ve cevaplar:<\/strong><\/p>\n\n\n\n<p>1. O zamandan beri okul geli\u015ftirme plan\u0131nda hangi iyile\u015ftirmeler\/de\u011fi\u015fiklikler yap\u0131ld\u0131?<\/p>\n\n\n\n<p>25 Kas\u0131m 2020'de BKSP'de tart\u0131\u015f\u0131ld\u0131\u011f\u0131 gibi, okul geli\u015ftirme plan\u0131na ek olarak tek tek okullar\u0131n \u00f6\u011frenci numaralar\u0131n\u0131n ve tahminlerinin bulundu\u011fu tablo b\u00f6l\u00fcm\u00fc revize edildi.<\/p>\n\n\n\n<p>Westkreis'teki lise durumuna bir \u00e7\u00f6z\u00fcm \u00f6nerisi olacak.<br>&nbsp;<\/p>\n\n\n\n<p>2. Bor\u00e7lunun yeni tasla\u011f\u0131n\u0131 E\u011fitim Komitesine ne zaman sunabilmesi muhtemeldir?<\/p>\n\n\n\n<p>Halihaz\u0131rda, BKSP'nin 29 Haziran 2021'de kurulmas\u0131 bekleniyor.<\/p>\n\n\n\n<p>Ek okul geli\u015ftirme plan\u0131, okul komisyonuna dan\u0131\u015f\u0131ld\u0131ktan sonra m\u00fcmk\u00fcn olan en k\u0131sa s\u00fcrede BKSP'ye sunulacakt\u0131r.<\/p>","protected":false},"excerpt":{"rendered":"<p>Sorunun konusu: Ay\u0131n 4'\u00fcnde b\u00f6lge toplant\u0131s\u0131nda. Aral\u0131k 2020'de okul geli\u015ftirme plan\u0131 kabul edilmedi, ancak daha fazla tavsiye i\u00e7in E\u011fitim Komitesine y\u00f6nlendirildi. Su\u00e7lu taraf olarak kabul edilebilir [...]<\/p>","protected":false},"author":-1,"featured_media":0,"comment_status":"open","ping_status":"open","sticky":false,"template":"","format":"standard","meta":{"footnotes":""},"categories":[9],"tags":[],"class_list":["post-481","post","type-post","status-publish","format-standard","hentry","category-antraege-und-anfragen"],"_links":{"self":[{"href":"https:\/\/www.gruene-mkk.de\/tr\/wp-json\/wp\/v2\/posts\/481","targetHints":{"allow":["GET"]}}],"collection":[{"href":"https:\/\/www.gruene-mkk.de\/tr\/wp-json\/wp\/v2\/posts"}],"about":[{"href":"https:\/\/www.gruene-mkk.de\/tr\/wp-json\/wp\/v2\/types\/post"}],"author":[{"embeddable":true,"href":"https:\/\/www.gruene-mkk.de\/tr\/wp-json\/wp\/v2\/users\/2"}],"replies":[{"embeddable":true,"href":"https:\/\/www.gruene-mkk.de\/tr\/wp-json\/wp\/v2\/comments?post=481"}],"version-history":[{"count":1,"href":"https:\/\/www.gruene-mkk.de\/tr\/wp-json\/wp\/v2\/posts\/481\/revisions"}],"predecessor-version":[{"id":483,"href":"https:\/\/www.gruene-mkk.de\/tr\/wp-json\/wp\/v2\/posts\/481\/revisions\/483"}],"wp:attachment":[{"href":"https:\/\/www.gruene-mkk.de\/tr\/wp-json\/wp\/v2\/media?parent=481"}],"wp:term":[{"taxonomy":"category","embeddable":true,"href":"https:\/\/www.gruene-mkk.de\/tr\/wp-json\/wp\/v2\/categories?post=481"},{"taxonomy":"post_tag","embeddable":true,"href":"https:\/\/www.gruene-mkk.de\/tr\/wp-json\/wp\/v2\/tags?post=481"}],"curies":[{"name":"wp","href":"https:\/\/api.w.org\/{rel}","templated":true}]}}