{"id":478,"date":"2021-11-24T13:29:45","date_gmt":"2021-11-24T12:29:45","guid":{"rendered":"https:\/\/www.alles-bleibt-anders.org\/?p=478"},"modified":"2021-11-24T13:29:46","modified_gmt":"2021-11-24T12:29:46","slug":"gruene-kreistagsfraktion-bespricht-bei-haushaltsklausur-schwerpunkte-fuer-das-jahr-2022","status":"publish","type":"post","link":"https:\/\/www.gruene-mkk.de\/tr\/gruene-kreistagsfraktion-bespricht-bei-haushaltsklausur-schwerpunkte-fuer-das-jahr-2022\/","title":{"rendered":"Ye\u015fil meclis grubu, b\u00fct\u00e7e m\u00fczakerelerinde 2022 i\u00e7in \u00f6ncelikleri tart\u0131\u015f\u0131yor"},"content":{"rendered":"<h2 class=\"wp-block-heading\"><strong>Main-Kinzig-Kreis i\u00e7in yenilik\u00e7i fikirler<\/strong><\/h2>\n\n\n\n<p>Ye\u015filler parlamento grubunun lideri Reiner Bousonville, \"\u00d6n\u00fcm\u00fczdeki y\u0131llar i\u00e7in iyi bir konumday\u0131z\" diyor. Grup, \u00f6n\u00fcm\u00fczdeki b\u00fct\u00e7eye odaklanan bir hafta sonu i\u00e7in Bad Soden-Salm\u00fcnster'de 2g art\u0131 ko\u015fullar alt\u0131nda \u00e7evrenin rakamlar\u0131n\u0131 ve tematik \u00f6nceliklerini tart\u0131\u015fmak \u00fczere bir araya geldi.<\/p>\n\n\n\n<p>Grup Ba\u015fkan\u0131, \"17 temsilcimizle, Main-Kinzig b\u00f6lgesindeki siyasi ba\u015flang\u0131c\u0131m\u0131zdan bu yana en b\u00fcy\u00fck Ye\u015fil Grup olabiliriz\" dedi: Bu nedenle, \u00e7emberin mevcut siyasi olaylar\u0131n\u0131 d\u00fczenli, yo\u011fun de\u011fi\u015fimlerde tart\u0131\u015fmam\u0131z ve de\u011ferlendirmemiz daha da \u00f6nemlidir. Bu, b\u00f6lgemizi b\u00fcy\u00fck bir motivasyonla ilerletmek ve geli\u015ftirmek istedi\u011fimizi bir kez daha g\u00f6sterdi.<\/p>\n\n\n\n<p>Burada \u00f6nemli bir fakt\u00f6r, 2022 b\u00fct\u00e7esinde d\u00f6ng\u00fcsel fonlar\u0131n kullan\u0131lmas\u0131d\u0131r: En b\u00fcy\u00fck muhalefet partisi olarak, ayr\u0131nt\u0131l\u0131 olarak sunulan rakamlar\u0131 analiz etmemiz gerekiyor. Bu, iki g\u00fcnl\u00fck geri \u00e7ekilmemizin odak noktas\u0131yd\u0131.  \u2047<\/p>\n\n\n\n<p>B\u00f6lgenin odac\u0131s\u0131 ve yard\u0131mc\u0131s\u0131 ile yap\u0131lan g\u00f6r\u00fc\u015fmede ve gruptaki m\u00fcteakip tart\u0131\u015fmada, ana yetkililerin ve b\u00fcy\u00fck koalisyonun \u00f6n\u00fcm\u00fczdeki y\u0131llarda il\u00e7e i\u00e7in ba\u015fka \u00f6ncelikler belirledi\u011fi ortaya \u00e7\u0131kt\u0131: Bousonville, \"B\u00fct\u00e7e, \u00f6n\u00fcm\u00fczdeki d\u00f6nemin \u00f6nemli sorunlar\u0131 i\u00e7in herhangi bir ivme sa\u011flamayan tamamen idari bir b\u00fct\u00e7edir\" dedi. Sadece yeni Dijitalle\u015fme Ofisi gelecekteki konulara odaklan\u0131yor: D\u00f6ng\u00fc yollar\u0131 veya iklim korumas\u0131 gibi konulara \u00e7ok az veya hi\u00e7 odaklanma yoktur. Yol yap\u0131m\u0131 ve bisiklet yollar\u0131 i\u00e7in y\u0131lda 300.000 \u20ac, dairenin konseptler olu\u015fturmaktan ba\u015fka bisiklet\u00e7ileri te\u015fvik etmek istemedi\u011fini a\u00e7\u0131k\u00e7a g\u00f6stermektedir.<\/p>\n\n\n\n<p>Hareketlilik konusu sadece Kreisspitze taraf\u0131ndan \u00fcrkek bir \u015fekilde ele al\u0131nmaktad\u0131r: \u2047 Ayn\u0131 zamanda, belediyelerin il\u00e7e vergisini iki puan art\u0131rarak ve b\u00f6ylece neredeyse 2020'nin orijinal de\u011ferine kadar art\u0131rarak ceplerine daha derine inmeleri beklenirken, il\u00e7e \u00e7ok say\u0131da yeni memur i\u015fe alarak kendi b\u00fct\u00e7esinde a\u011f\u0131r bir y\u00fckten sorumludur. \u2047  Ayr\u0131ca, sa\u011fl\u0131k akademisinin planlanmas\u0131 ve uygulanmas\u0131 i\u00e7in para eksik: S\u0131k\u0131 hesaplanan b\u00fct\u00e7ede, beklenmedik y\u00fckler nedeniyle ek maliyetler dahil edilmez. \u2047 saving \u2047  fakt\u00f6r\u00fc burada arka plana ta\u015f\u0131nd\u0131. \u2047<\/p>\n\n\n\n<p>Bu nedenle Kreistag Group, 2022 mali y\u0131l\u0131 i\u00e7in kendi taleplerine odaklanacakt\u0131r: B\u00fcy\u00fck Koalisyon, yenilik\u00e7i fikirlerle de\u011fil, yaln\u0131zca mevcut olan\u0131n saf y\u00f6netimiyle karakterize edilir. En b\u00fcy\u00fck Hessen b\u00f6lgesi i\u00e7in bu, B\u00fcy\u00fck Koalisyonun 2022'de her zaman yoluna devam etmeyi planlad\u0131\u011f\u0131n\u0131n \u00f6l\u00fcmc\u00fcl bir i\u015faretidir. Ye\u015fil Grup olarak, bu yerel se\u00e7im i\u00e7in il\u00e7eyi ilerletmek ve il\u00e7emizdeki insanlar\u0131n ya\u015fam ko\u015fullar\u0131n\u0131 iyile\u015ftirmek i\u00e7in \u00e7ok say\u0131da fikir bulduk. Bunu b\u00fct\u00e7e tart\u0131\u015fmas\u0131 s\u0131ras\u0131nda da a\u00e7\u0131kl\u0131\u011fa kavu\u015fturaca\u011f\u0131z.<\/p>\n\n\n\n<p>Bu nedenle Bousonville, Ye\u015filler meclis grubunun iki g\u00fcnl\u00fck yo\u011fun isti\u015faresinin sonu\u00e7lar\u0131n\u0131n b\u00f6lgedeki siyasi liderlere de hitap etmesini umuyor: Bousonville, \"Son y\u0131llarda, muhalefetin b\u00fct\u00e7e teklifleri her zaman para eksikli\u011fi nedeniyle reddedilirken, bu y\u0131l, \u00f6rne\u011fin, b\u00f6lge, il\u00e7e vergisini azaltarak yerel se\u00e7imlerden hemen \u00f6nce ek bir b\u00fct\u00e7e yoluyla belediyelere milyonlarca fazla da\u011f\u0131tt\u0131\" dedi.<\/p>\n\n\n\n<p>Sorular i\u00e7in:<\/p>\n\n\n\n<p>Jakob M\u00e4hler<br>Grup genel m\u00fcd\u00fcr\u00fc<br>\u0130ttifak 90 \/ Ye\u015filler Main-Kinzig'de<br>06181\/61596<br>0176\/46763336<br>fraktion@gruene-mkk.deKategoriler:<a href=\"https:\/\/gruene-main-kinzig.de\/kreistagsfraktion\/pressemitteilungen-aktuell\/presse-volltext\/kategorie\/fraktion-41\/article\/gruene-kreistagsfraktion-bespricht-bei-haushaltsklausur-schwerpunkte-fuer-das-jahr-2022\/\">Kategori: Hizipler<\/a><a href=\"https:\/\/gruene-main-kinzig.de\/kreistagsfraktion\/pressemitteilungen-aktuell\/\">\u00d6nceki<\/a><\/p>","protected":false},"excerpt":{"rendered":"<p>Ye\u015filler meclis grubunun lideri Reiner Bousonville, Main-Kinzig b\u00f6lgesi i\u00e7in yenilik\u00e7i fikirler \"Gelecek y\u0131llar i\u00e7in iyi bir konumday\u0131z\" diyor. Yakla\u015fan b\u00fct\u00e7enin odak noktas\u0131 ile bir hafta sonu i\u00e7in bir araya geldi [...]<\/p>","protected":false},"author":-1,"featured_media":479,"comment_status":"open","ping_status":"open","sticky":false,"template":"","format":"standard","meta":{"footnotes":""},"categories":[2],"tags":[],"class_list":["post-478","post","type-post","status-publish","format-standard","has-post-thumbnail","hentry","category-newskreistagsfraktion"],"_links":{"self":[{"href":"https:\/\/www.gruene-mkk.de\/tr\/wp-json\/wp\/v2\/posts\/478","targetHints":{"allow":["GET"]}}],"collection":[{"href":"https:\/\/www.gruene-mkk.de\/tr\/wp-json\/wp\/v2\/posts"}],"about":[{"href":"https:\/\/www.gruene-mkk.de\/tr\/wp-json\/wp\/v2\/types\/post"}],"author":[{"embeddable":true,"href":"https:\/\/www.gruene-mkk.de\/tr\/wp-json\/wp\/v2\/users\/2"}],"replies":[{"embeddable":true,"href":"https:\/\/www.gruene-mkk.de\/tr\/wp-json\/wp\/v2\/comments?post=478"}],"version-history":[{"count":1,"href":"https:\/\/www.gruene-mkk.de\/tr\/wp-json\/wp\/v2\/posts\/478\/revisions"}],"predecessor-version":[{"id":480,"href":"https:\/\/www.gruene-mkk.de\/tr\/wp-json\/wp\/v2\/posts\/478\/revisions\/480"}],"wp:featuredmedia":[{"embeddable":true,"href":"https:\/\/www.gruene-mkk.de\/tr\/wp-json\/wp\/v2\/media\/479"}],"wp:attachment":[{"href":"https:\/\/www.gruene-mkk.de\/tr\/wp-json\/wp\/v2\/media?parent=478"}],"wp:term":[{"taxonomy":"category","embeddable":true,"href":"https:\/\/www.gruene-mkk.de\/tr\/wp-json\/wp\/v2\/categories?post=478"},{"taxonomy":"post_tag","embeddable":true,"href":"https:\/\/www.gruene-mkk.de\/tr\/wp-json\/wp\/v2\/tags?post=478"}],"curies":[{"name":"wp","href":"https:\/\/api.w.org\/{rel}","templated":true}]}}