{"id":473,"date":"2021-06-09T17:38:00","date_gmt":"2021-06-09T15:38:00","guid":{"rendered":"https:\/\/www.alles-bleibt-anders.org\/?p=473"},"modified":"2021-11-23T17:42:25","modified_gmt":"2021-11-23T16:42:25","slug":"anfrage-co2-bilanz-des-main-kinzig-kreises","status":"publish","type":"post","link":"https:\/\/www.gruene-mkk.de\/tr\/anfrage-co2-bilanz-des-main-kinzig-kreises\/","title":{"rendered":"soru\u015fturma: Main-Kinzig-Kreis'in CO2 dengesi"},"content":{"rendered":"<p><strong>Sorunun konusu:<\/strong><\/p>\n\n\n\n<p>Main-Kinzig-Kreis,  \u2047 Hessen Aktiv giri\u015fimi alt\u0131nda 13 Kas\u0131m 2017'de faaliyet g\u00f6stermektedir: \u0130klim belediyeleri. Yirmi y\u0131l \u00f6nce, 1997'de Main-Kinzig b\u00f6lgesi \u0130klim \u0130ttifak\u0131'na \u00fcye oldu. Bunu yaparken, \u00e7evre CO2 emisyonlar\u0131n\u0131 her be\u015f y\u0131lda bir y\u00fczde on oran\u0131nda azaltmay\u0131 taahh\u00fct ediyor.<\/p>\n\n\n\n<p><strong>Parlamento grubu B\u00fcndnis 90\/Die Gr\u00fcnen (\u0130ttifak 90\/Ye\u015filler) cevap istiyor&nbsp;<\/strong><strong>A\u015fa\u011f\u0131daki soru(lar):&nbsp;&nbsp;&nbsp;&nbsp;&nbsp;&nbsp;&nbsp;&nbsp;&nbsp;&nbsp;&nbsp;&nbsp;&nbsp;&nbsp;&nbsp;&nbsp;&nbsp;&nbsp;&nbsp;&nbsp;&nbsp;&nbsp;&nbsp;&nbsp;&nbsp;&nbsp;&nbsp;&nbsp;&nbsp;&nbsp;&nbsp;&nbsp;&nbsp;&nbsp;&nbsp;&nbsp;&nbsp;&nbsp;&nbsp;<\/strong><\/p>\n\n\n\n<p>1. Main-Kinzig-Kreis, \u0130klim \u0130ttifak\u0131'na kat\u0131ld\u0131ktan 24 y\u0131l sonra karbon ayak izi \u00fcretti mi?<\/p>\n\n\n\n<p>Cevap olarak: Hay\u0131r, hay\u0131r, hay\u0131r.<\/p>\n\n\n\n<p>2. E\u011fer \u00f6yleyse, \u00e7emberin CO2 emisyonlar\u0131 nedir?<\/p>\n\n\n\n<p>Cevap olarak: Uygulanamaz  \u2047  bkz. 1.<\/p>\n\n\n\n<p>3. De\u011filse, neden hen\u00fcz bir karbon ayak izi yarat\u0131lmad\u0131?<\/p>\n\n\n\n<p>Cevap olarak: \u015eu anda Main-Kinzig-Kreis'te iklim koruma y\u00f6netimi pozisyonu bulunmamaktad\u0131r.<br>Odak noktas\u0131 \u015fu anda b\u00f6lgenin kendi m\u00fclklerinin enerji kontrol\u00fc ve enerji y\u00f6netiminin yan\u0131 s\u0131ra enerji tadilatlar\u0131, ayd\u0131nlatma tadilatlar\u0131 ve iklim adaptasyon \u00f6nlemleri \u015feklinde iklim koruma \u00f6nlemleridir.<\/p>\n\n\n\n<p>4. De\u011filse, bir karbon ayak izi olu\u015fturmak i\u00e7in planlan\u0131yor mu?<\/p>\n\n\n\n<p>Cevap olarak: Evet, yarat\u0131l\u0131\u015f \u00fczerinde \u00e7al\u0131\u015f\u0131yoruz.<\/p>","protected":false},"excerpt":{"rendered":"<p>Sorunun konusu: Main-Kinzig-Kreis,  \u2047 Hessen Aktiv giri\u015fimi alt\u0131nda 13 Kas\u0131m 2017'de faaliyet g\u00f6stermektedir: \u0130klim belediyeleri. Yirmi y\u0131l \u00f6nce, 1997'de Main-Kinzig b\u00f6lgesi \u0130klim \u0130ttifak\u0131'na \u00fcye oldu. Amac\u0131yla [...]<\/p>","protected":false},"author":-1,"featured_media":0,"comment_status":"open","ping_status":"open","sticky":false,"template":"","format":"standard","meta":{"footnotes":""},"categories":[9],"tags":[],"class_list":["post-473","post","type-post","status-publish","format-standard","hentry","category-antraege-und-anfragen"],"_links":{"self":[{"href":"https:\/\/www.gruene-mkk.de\/tr\/wp-json\/wp\/v2\/posts\/473","targetHints":{"allow":["GET"]}}],"collection":[{"href":"https:\/\/www.gruene-mkk.de\/tr\/wp-json\/wp\/v2\/posts"}],"about":[{"href":"https:\/\/www.gruene-mkk.de\/tr\/wp-json\/wp\/v2\/types\/post"}],"author":[{"embeddable":true,"href":"https:\/\/www.gruene-mkk.de\/tr\/wp-json\/wp\/v2\/users\/2"}],"replies":[{"embeddable":true,"href":"https:\/\/www.gruene-mkk.de\/tr\/wp-json\/wp\/v2\/comments?post=473"}],"version-history":[{"count":1,"href":"https:\/\/www.gruene-mkk.de\/tr\/wp-json\/wp\/v2\/posts\/473\/revisions"}],"predecessor-version":[{"id":475,"href":"https:\/\/www.gruene-mkk.de\/tr\/wp-json\/wp\/v2\/posts\/473\/revisions\/475"}],"wp:attachment":[{"href":"https:\/\/www.gruene-mkk.de\/tr\/wp-json\/wp\/v2\/media?parent=473"}],"wp:term":[{"taxonomy":"category","embeddable":true,"href":"https:\/\/www.gruene-mkk.de\/tr\/wp-json\/wp\/v2\/categories?post=473"},{"taxonomy":"post_tag","embeddable":true,"href":"https:\/\/www.gruene-mkk.de\/tr\/wp-json\/wp\/v2\/tags?post=473"}],"curies":[{"name":"wp","href":"https:\/\/api.w.org\/{rel}","templated":true}]}}