{"id":46,"date":"2021-06-10T10:00:00","date_gmt":"2021-06-10T08:00:00","guid":{"rendered":"https:\/\/www.alles-bleibt-anders.org\/?p=46"},"modified":"2021-11-09T14:15:04","modified_gmt":"2021-11-09T13:15:04","slug":"gruene-fraktion-waehlt-abgeordnete-in-die-fachausschuesse","status":"publish","type":"post","link":"https:\/\/www.gruene-mkk.de\/tr\/gruene-fraktion-waehlt-abgeordnete-in-die-fachausschuesse\/","title":{"rendered":"Green Group, MEP'leri uzman komitelere se\u00e7iyor"},"content":{"rendered":"<p><em>B\u00fcy\u00fck zorluklarla yasama d\u00f6nemi \/  \u2047 Sorunlara yo\u011fun yans\u0131ma  \u2047<\/em><\/p>\n\n\n\n<p>\"G\u00fc\u00e7l\u00fc se\u00e7im sonu\u00e7lar\u0131m\u0131z sayesinde, b\u00f6lge konseyinin uzman komitelerini her biri iki milletvekiliyle doldurabiliriz\", diyor Reiner Bousonville, Viola Ha\u00dfdenteufel ve b\u00f6lge konseyindeki Ye\u015fil meclis grubunun y\u00f6netim kurulu \u00fcyesi Jakob M\u00e4hler: Komitelerde \u00e7al\u0131\u015fmak, \u00e7e\u015fitli konulara daha fazla \u0131\u015f\u0131k tutmay\u0131 veya uzman tavsiyesi almay\u0131 m\u00fcmk\u00fcn k\u0131lar. Bu, m\u00fcmk\u00fcn olan en iyi sonucu elde etmek i\u00e7in konular\u0131n \u00e7ok daha yo\u011fun ve kapsaml\u0131 bir \u015fekilde ele al\u0131nmas\u0131n\u0131 sa\u011flar.<\/p>\n\n\n\n<!--more-->\n\n\n\n<p>Mevcut yasama organ\u0131nda milletvekillerinin \u00f6n\u00fcnde bir\u00e7ok zorluk var: Grup B\u00fcrosu, \"Komitelerde \u00e7al\u0131\u015fmak burada \u00e7ok \u00f6nemli olacak, bu y\u00fczden \u00f6nceki parlamento d\u00f6neminde oldu\u011fu gibi iki kat daha fazla \u00dcye ile temsil edilmekten memnuniyet duyuyoruz\" dedi.<\/p>\n\n\n\n<p>Ana ve finans komitesinde, grup ba\u015fkan\u0131 Reiner Bousonville, ayn\u0131 zamanda mali politika s\u00f6zc\u00fcs\u00fc ve eski b\u00f6lge yard\u0131mc\u0131s\u0131 Matthias Zach Ye\u015filleri temsil ediyor. Bousonville, \"Bu, her \u015feyden \u00f6nce, koronavir\u00fcs pandemisinin neden oldu\u011fu \u00f6n\u00fcm\u00fczdeki mali y\u00fcklerde zorluklar\u0131m\u0131z\u0131n yatt\u0131\u011f\u0131 yer\" dedi. Ancak Hanau'nun d\u00f6ng\u00fcselli\u011fi de \u00e7al\u0131\u015fmalar\u0131m\u0131zda \u00f6nemli bir konu olacakt\u0131r.<\/p>\n\n\n\n<p>E\u011fitim politikas\u0131 ba\u015fkan yard\u0131mc\u0131s\u0131 ve s\u00f6zc\u00fcs\u00fc Jakob M\u00e4hler, \"E\u011fitim alan\u0131nda gelece\u011fe haz\u0131rl\u0131kl\u0131 olmal\u0131y\u0131z,\" dedi: E\u011fitim, K\u00fclt\u00fcr, Spor ve Ortakl\u0131klar Komitesi'nde Mahwish Iftikhar ile birlikte oturan M\u00e4hler, \"\u00d6zellikle okul geli\u015ftirme plan\u0131 tart\u0131\u015fmas\u0131, siyasi liderlerin \u00f6nlerindeki zorluklarla nas\u0131l ba\u015fa \u00e7\u0131kacaklar\u0131 konusunda hen\u00fcz bir konsepte sahip olmad\u0131klar\u0131n\u0131 g\u00f6sterdi\" dedi. \u2047 S\u00fcrd\u00fcr\u00fclebilir bir okul geli\u015ftirme plan\u0131 i\u00e7in \u00e7al\u0131\u015fmaya devam edece\u011fiz. \u2047<\/p>\n\n\n\n<p>Ekonomik \u0130\u015fler, Enerji, Ula\u015ft\u0131rma, \u00c7evre ve Tar\u0131m Komitesi'nde Celine Bousonville ve Rainer Vogel Ye\u015filleri temsil ediyor: B\u00f6lge meclis grubu \u00e7evre s\u00f6zc\u00fcs\u00fc Bousonville, \"\u00d6n\u00fcm\u00fczdeki y\u0131llarda en \u00f6nemli konu \u00e7evre olacak,\" dedi: \u2047 Eko-model b\u00f6lge veya y\u00f6netimde ve il\u00e7ede s\u00fcrekli ve s\u00fcrekli geni\u015fleyen iklim korumas\u0131 olsun, burada \u00f6nemli konular\u0131 uygulamak \u00f6nemlidir.  \u2047<\/p>\n\n\n\n<p>Parlamento grubu ba\u015fkan yard\u0131mc\u0131s\u0131 ve Ye\u015filler parlamento grubundaki sosyal politika s\u00f6zc\u00fcs\u00fc Viola Ha\u00dfdenteufel, \"\u00d6zellikle koronavir\u00fcs zamanlar\u0131nda, sosyal alanda iyi \u00e7al\u0131\u015fman\u0131n ne kadar \u00f6nemli oldu\u011fu netle\u015fti\" diyor. Mahwish Iftikhar ile birlikte Sosyal \u0130\u015fler, Aile \u0130\u015fleri, Ya\u015fl\u0131lar ve Demografi Komitesi'nde \u00f6nemli vurgular yapmak istiyor: Bunlar koronavir\u00fcs pandemisinden ciddi \u015fekilde etkilenen b\u00f6lgelerdir. Burada cevaplanmas\u0131 gereken acil sorularla kar\u015f\u0131 kar\u015f\u0131yay\u0131z.  \u2047<\/p>\n\n\n\n<p>Sorular i\u00e7in:<\/p>\n\n\n\n<p>Jakob M\u00e4hler<br>Grup genel m\u00fcd\u00fcr\u00fc<br>\u0130ttifak 90 \/ Ye\u015filler Main-Kinzig'de<\/p>\n\n\n\n<p>06181\/61596<br>0176\/46763336<\/p>\n\n\n\n<p>fraktion@gruene-mkk.de<\/p>","protected":false},"excerpt":{"rendered":"<p>\"G\u00fc\u00e7l\u00fc se\u00e7im sonu\u00e7lar\u0131m\u0131z sayesinde, b\u00f6lge konseyinin uzman komitelerini her biri iki milletvekili ile doldurabiliriz\", Ye\u015fil B\u00f6lge Parlamento Grubu kurulu memnuniyetle kar\u015f\u0131l\u0131yor [...]<\/p>","protected":false},"author":-1,"featured_media":0,"comment_status":"open","ping_status":"open","sticky":false,"template":"","format":"standard","meta":{"footnotes":""},"categories":[2],"tags":[],"class_list":["post-46","post","type-post","status-publish","format-standard","hentry","category-newskreistagsfraktion"],"_links":{"self":[{"href":"https:\/\/www.gruene-mkk.de\/tr\/wp-json\/wp\/v2\/posts\/46","targetHints":{"allow":["GET"]}}],"collection":[{"href":"https:\/\/www.gruene-mkk.de\/tr\/wp-json\/wp\/v2\/posts"}],"about":[{"href":"https:\/\/www.gruene-mkk.de\/tr\/wp-json\/wp\/v2\/types\/post"}],"author":[{"embeddable":true,"href":"https:\/\/www.gruene-mkk.de\/tr\/wp-json\/wp\/v2\/users\/2"}],"replies":[{"embeddable":true,"href":"https:\/\/www.gruene-mkk.de\/tr\/wp-json\/wp\/v2\/comments?post=46"}],"version-history":[{"count":1,"href":"https:\/\/www.gruene-mkk.de\/tr\/wp-json\/wp\/v2\/posts\/46\/revisions"}],"predecessor-version":[{"id":47,"href":"https:\/\/www.gruene-mkk.de\/tr\/wp-json\/wp\/v2\/posts\/46\/revisions\/47"}],"wp:attachment":[{"href":"https:\/\/www.gruene-mkk.de\/tr\/wp-json\/wp\/v2\/media?parent=46"}],"wp:term":[{"taxonomy":"category","embeddable":true,"href":"https:\/\/www.gruene-mkk.de\/tr\/wp-json\/wp\/v2\/categories?post=46"},{"taxonomy":"post_tag","embeddable":true,"href":"https:\/\/www.gruene-mkk.de\/tr\/wp-json\/wp\/v2\/tags?post=46"}],"curies":[{"name":"wp","href":"https:\/\/api.w.org\/{rel}","templated":true}]}}