{"id":3343,"date":"2026-03-16T13:16:38","date_gmt":"2026-03-16T12:16:38","guid":{"rendered":"https:\/\/www.gruene-mkk.de\/?p=3343"},"modified":"2026-03-16T13:17:11","modified_gmt":"2026-03-16T12:17:11","slug":"kommunalwahl-gruene-im-main-kinzig-kreis-zufrieden-starke-ergebnisse-fuer-neue-ortsverbaende-in-brachttal-und-jossgrund","status":"publish","type":"post","link":"https:\/\/www.gruene-mkk.de\/tr\/kommunalwahl-gruene-im-main-kinzig-kreis-zufrieden-starke-ergebnisse-fuer-neue-ortsverbaende-in-brachttal-und-jossgrund\/","title":{"rendered":"Yerel se\u00e7imler: Main-Kinzig b\u00f6lgesindeki ye\u015filler memnun - Brachttal ve Jossgrund'daki yeni yerel dernekler i\u00e7in g\u00fc\u00e7l\u00fc sonu\u00e7lar"},"content":{"rendered":"<p>15 Mart 2026 yerel se\u00e7imlerinin \u00f6n e\u011filim sonu\u00e7lar\u0131, Main-Kinzig il\u00e7esindeki B\u00fcndnis 90\/Die Gr\u00fcnen'in se\u00e7imden sa\u011flam bir sonu\u00e7la \u00e7\u0131kt\u0131\u011f\u0131n\u0131 g\u00f6steriyor. \u00d6zellikle ge\u00e7ti\u011fimiz y\u0131l Brachttal ve Jossgrund'da yeni kurulan yerel derneklerin performans\u0131 sevindirici.<\/p>\n\n\n\n<p>Her iki yerel dernek de ilk kez bir belediye se\u00e7imine kat\u0131ld\u0131 ve bak\u0131\u015f a\u00e7\u0131lar\u0131ndan \u00f6nemli bir sonu\u00e7 elde edebildi. Bu, k\u0131rsal alanlarda ye\u015fil politikalara artan ilginin yan\u0131 s\u0131ra kararl\u0131 yerel \u00fcyelerin ba\u015far\u0131l\u0131 kalk\u0131nma \u00e7al\u0131\u015fmalar\u0131n\u0131n alt\u0131n\u0131 \u00e7iziyor.<\/p>\n\n\n\n<p>GR\u00dcNEN Main-Kinzig s\u00f6zc\u00fcs\u00fc Philip Schinkel, \"Brachttal ve Jossgrund'daki yeni yerel derneklerimizin ilk se\u00e7imlerinde do\u011frudan bu kadar iyi bir sonu\u00e7 elde edebilmeleri g\u00fc\u00e7l\u00fc bir i\u015faret\" diye a\u00e7\u0131kl\u0131yor. * \u201cBir\u00e7ok vatanda\u015f, daha k\u00fc\u00e7\u00fck topluluklarda bile iklim eylemini, ya\u015fam kalitesini ve s\u00fcrd\u00fcr\u00fclebilir kalk\u0131nmay\u0131 birle\u015ftiren politikalar istiyor.\u201d<\/p>\n\n\n\n<p>Main-Kinzig b\u00f6lgesindeki Ye\u015filler lideri Mahwish Iftikhar, \"T\u00fcm se\u00e7menlere g\u00fcvenleri i\u00e7in i\u00e7tenlikle te\u015fekk\u00fcr ediyoruz\" diyor. Sonu\u00e7, Main-Kinzig b\u00f6lgesinde tutarl\u0131 iklim korumas\u0131, ya\u015fanabilir topluluklar ve s\u00fcrd\u00fcr\u00fclebilir kalk\u0131nma i\u00e7in \u00e7ok \u00e7al\u0131\u015fmaya devam etmemiz i\u00e7in bir te\u015fviktir. * Hedefimiz, Main-Kinzig b\u00f6lgesindeki t\u00fcm insanlar i\u00e7in adil f\u0131rsatlar, kat\u0131l\u0131m ve iyi ya\u015fam ko\u015fullar\u0131 sa\u011flarken \u00e7evresel sorumluluk \u00fcstlenen bir politika olmaya devam etmektedir.\u201d<\/p>\n\n\n\n<p>Numaraland\u0131rman\u0131n nihai resmi sonu\u00e7lar\u0131 hala beklemede. B\u00fcndnis 90\/Die Gr\u00fcnen Main-Kinzig bunlar\u0131 dikkatle de\u011ferlendirecek ve yeni se\u00e7ilen temsilcilerle birlikte \u00f6n\u00fcm\u00fczdeki y\u0131llar\u0131n yerel siyasi \u00e7al\u0131\u015fmalar\u0131 i\u00e7in bir sonraki ad\u0131mlar\u0131 haz\u0131rlayacakt\u0131r.<\/p>","protected":false},"excerpt":{"rendered":"<p>15 Mart 2026 yerel se\u00e7imlerinin \u00f6n e\u011filim sonu\u00e7lar\u0131, Main-Kinzig il\u00e7esindeki B\u00fcndnis 90\/Die Gr\u00fcnen'in se\u00e7imden sa\u011flam bir sonu\u00e7la \u00e7\u0131kt\u0131\u011f\u0131n\u0131 g\u00f6steriyor. * Performans\u0131 (\u2026)<\/p>","protected":false},"author":-1,"featured_media":0,"comment_status":"closed","ping_status":"open","sticky":true,"template":"","format":"standard","meta":{"footnotes":""},"categories":[1],"tags":[],"class_list":["post-3343","post","type-post","status-publish","format-standard","hentry","category-allgemein"],"_links":{"self":[{"href":"https:\/\/www.gruene-mkk.de\/tr\/wp-json\/wp\/v2\/posts\/3343","targetHints":{"allow":["GET"]}}],"collection":[{"href":"https:\/\/www.gruene-mkk.de\/tr\/wp-json\/wp\/v2\/posts"}],"about":[{"href":"https:\/\/www.gruene-mkk.de\/tr\/wp-json\/wp\/v2\/types\/post"}],"author":[{"embeddable":true,"href":"https:\/\/www.gruene-mkk.de\/tr\/wp-json\/wp\/v2\/users\/2"}],"replies":[{"embeddable":true,"href":"https:\/\/www.gruene-mkk.de\/tr\/wp-json\/wp\/v2\/comments?post=3343"}],"version-history":[{"count":1,"href":"https:\/\/www.gruene-mkk.de\/tr\/wp-json\/wp\/v2\/posts\/3343\/revisions"}],"predecessor-version":[{"id":3344,"href":"https:\/\/www.gruene-mkk.de\/tr\/wp-json\/wp\/v2\/posts\/3343\/revisions\/3344"}],"wp:attachment":[{"href":"https:\/\/www.gruene-mkk.de\/tr\/wp-json\/wp\/v2\/media?parent=3343"}],"wp:term":[{"taxonomy":"category","embeddable":true,"href":"https:\/\/www.gruene-mkk.de\/tr\/wp-json\/wp\/v2\/categories?post=3343"},{"taxonomy":"post_tag","embeddable":true,"href":"https:\/\/www.gruene-mkk.de\/tr\/wp-json\/wp\/v2\/tags?post=3343"}],"curies":[{"name":"wp","href":"https:\/\/api.w.org\/{rel}","templated":true}]}}