{"id":3338,"date":"2026-03-11T11:25:47","date_gmt":"2026-03-11T10:25:47","guid":{"rendered":"https:\/\/www.gruene-mkk.de\/?p=3338"},"modified":"2026-03-11T11:26:09","modified_gmt":"2026-03-11T10:26:09","slug":"mehr-schutz-fuer-frauen-gruene-podiumsdiskussion-mit-omid-nouripour-in-hanau","status":"publish","type":"post","link":"https:\/\/www.gruene-mkk.de\/tr\/mehr-schutz-fuer-frauen-gruene-podiumsdiskussion-mit-omid-nouripour-in-hanau\/","title":{"rendered":"Kad\u0131nlar i\u00e7in daha fazla koruma - Hanau'da Omid Nouripour ile YE\u015e\u0130L panel"},"content":{"rendered":"<p>* 7 Mart 2026 Cumartesi ak\u015fam\u0131, 60'tan fazla ilgili taraf B\u00fcndnis 90\/Die Gr\u00fcnen'in davetini Main-Kinzig b\u00f6lgesinde ve Hanau'da \u2018Protecting women \u2013 acting locally, thinking global\u2019 ba\u015fl\u0131kl\u0131 bir panel tart\u0131\u015fmas\u0131 i\u00e7in kabul etti. Bundestag'\u0131n Hessen \u00fcyesi Omid Nouripour, Mahwish Iftikhar b\u00f6lge se\u00e7imlerinin en iyi aday\u0131 Hanau Sascha Feldes'in belediye ba\u015fkan\u0131 aday\u0131 ve Frauenhaus W\u00e4chtersbach'tan Lea Kircher ve Brigitte Machnitzke ile birlikte, kat\u0131l\u0131mc\u0131lar kad\u0131na y\u00f6nelik \u015fiddetle etkili bir \u015fekilde m\u00fccadele etme ve bar\u0131naklar\u0131 iyile\u015ftirme stratejilerini tart\u0131\u015ft\u0131lar.<\/p>\n\n\n\n<p>Odak noktas\u0131 acil zorluklar \u00fczerindeydi: Yeniden kay\u0131t, \u00e7ocuk paras\u0131 veya vatanda\u015f paras\u0131 ba\u015fvurular\u0131nda b\u00fcrokratik engeller, konut yetersizli\u011fi ve \u00e7o\u011fu zaman mevcut kad\u0131n bar\u0131naklar\u0131nda \u00e7ok uzun s\u00fcre kalma. \u00d6zellikle W\u00e4chtersbach gibi k\u0131rsal alanlarda, altyap\u0131 eksikli\u011fi ve s\u0131n\u0131rl\u0131 toplu ta\u015f\u0131ma ara\u00e7lar\u0131 korumaya eri\u015fimi zorla\u015ft\u0131rmaktad\u0131r.<\/p>\n\n\n\n<p>* Omid Nouripour, kad\u0131na y\u00f6nelik \u015fiddetin bir \u2018 sorunu olarak de\u011fil, bir b\u00fct\u00fcn olarak toplum i\u00e7in bir sorumluluk olarak anla\u015f\u0131lmas\u0131 gerekti\u011fini vurgulad\u0131. Hem erkekleri hem de bir b\u00fct\u00fcn olarak toplumu e\u015fitli\u011fi sadece bir kad\u0131n meselesi olarak g\u00f6rmemeye \u00e7a\u011f\u0131rd\u0131 ve \u0130zlanda'daki kad\u0131n grevi gibi uluslararas\u0131 rol modellerine at\u0131fta bulundu.<\/p>\n\n\n\n<p>Sascha Feldes, kad\u0131nlar\u0131 daha iyi korumak i\u00e7in belediyelerdeki kad\u0131n bar\u0131naklar\u0131 i\u00e7in e\u011fitim, \u00f6nleme ve do\u011frudan temaslar\u0131n \u00f6nemini vurgulad\u0131. Mahwish Iftikhar, kad\u0131nlar\u0131n korunmas\u0131n\u0131 ciddiye alman\u0131n ve ayr\u0131ca bar\u0131nma ve kad\u0131n bar\u0131naklar\u0131 i\u00e7in g\u00fcvenli finansman gibi maddi konulara odaklanman\u0131n \u00f6nemini vurgulad\u0131.<\/p>\n\n\n\n<p>Kad\u0131n s\u0131\u011f\u0131nma evi W\u00e4chtersbach'\u0131n temsilcileri, aile i\u00e7i \u015fiddetin t\u00fcm sosyal katmanlardan ge\u00e7en bir b\u00fct\u00fcn olarak toplum i\u00e7in bir sorun oldu\u011funu a\u00e7\u0131k\u00e7a belirtti ve \u00e7ok say\u0131da \u00e7ocu\u011fun da etkilendi\u011fine dikkat \u00e7ekti. Kad\u0131n-erkek e\u015fitli\u011fi s\u00fcrekli olarak uygulanmal\u0131d\u0131r. Tamamen finanse edilen bir kad\u0131n s\u0131\u011f\u0131nma evi, herkes i\u00e7in koruma ve g\u00fcvenli\u011fi sa\u011flamada \u00f6nemli bir ad\u0131md\u0131r.<\/p>\n\n\n\n<p>Tart\u0131\u015fma a\u00e7\u0131k\u00e7a g\u00f6sterdi: Kad\u0131nlar\u0131n e\u015fitli\u011fini ve g\u00fcvenli\u011fini ilerletmek i\u00e7in siyaset, toplum ve y\u00f6netim birlikte \u00e7al\u0131\u015fmal\u0131, fark\u0131ndal\u0131k yaratmal\u0131 ve yap\u0131sal engelleri y\u0131kmal\u0131d\u0131r. * A\u00e7\u0131k politikalar, yap\u0131sal destek ve bilin\u00e7lendirme ile GREEN Main-Kinzig ve Hanau, sahadaki herkes i\u00e7in g\u00fcvenli bir gelecek i\u00e7in \u2013 kad\u0131nlar\u0131n\u0131n korunmas\u0131n\u0131 daha da g\u00fc\u00e7lendirmek istiyor.<\/p>","protected":false},"excerpt":{"rendered":"<p>* 7 Mart 2026 Cumartesi ak\u015fam\u0131, 60'tan fazla ilgili taraf B\u00fcndnis 90\/Die Gr\u00fcnen'in Main-Kinzig-Kreis ve Hanau'daki davetini \u2018Protecting women \u2013 [\u2026] ba\u015fl\u0131kl\u0131 bir panel tart\u0131\u015fmas\u0131 i\u00e7in kabul etti.<\/p>","protected":false},"author":-1,"featured_media":3339,"comment_status":"closed","ping_status":"open","sticky":true,"template":"","format":"standard","meta":{"footnotes":""},"categories":[1],"tags":[],"class_list":["post-3338","post","type-post","status-publish","format-standard","has-post-thumbnail","hentry","category-allgemein"],"_links":{"self":[{"href":"https:\/\/www.gruene-mkk.de\/tr\/wp-json\/wp\/v2\/posts\/3338","targetHints":{"allow":["GET"]}}],"collection":[{"href":"https:\/\/www.gruene-mkk.de\/tr\/wp-json\/wp\/v2\/posts"}],"about":[{"href":"https:\/\/www.gruene-mkk.de\/tr\/wp-json\/wp\/v2\/types\/post"}],"author":[{"embeddable":true,"href":"https:\/\/www.gruene-mkk.de\/tr\/wp-json\/wp\/v2\/users\/2"}],"replies":[{"embeddable":true,"href":"https:\/\/www.gruene-mkk.de\/tr\/wp-json\/wp\/v2\/comments?post=3338"}],"version-history":[{"count":1,"href":"https:\/\/www.gruene-mkk.de\/tr\/wp-json\/wp\/v2\/posts\/3338\/revisions"}],"predecessor-version":[{"id":3340,"href":"https:\/\/www.gruene-mkk.de\/tr\/wp-json\/wp\/v2\/posts\/3338\/revisions\/3340"}],"wp:featuredmedia":[{"embeddable":true,"href":"https:\/\/www.gruene-mkk.de\/tr\/wp-json\/wp\/v2\/media\/3339"}],"wp:attachment":[{"href":"https:\/\/www.gruene-mkk.de\/tr\/wp-json\/wp\/v2\/media?parent=3338"}],"wp:term":[{"taxonomy":"category","embeddable":true,"href":"https:\/\/www.gruene-mkk.de\/tr\/wp-json\/wp\/v2\/categories?post=3338"},{"taxonomy":"post_tag","embeddable":true,"href":"https:\/\/www.gruene-mkk.de\/tr\/wp-json\/wp\/v2\/tags?post=3338"}],"curies":[{"name":"wp","href":"https:\/\/api.w.org\/{rel}","templated":true}]}}