{"id":3055,"date":"2025-12-11T11:39:53","date_gmt":"2025-12-11T10:39:53","guid":{"rendered":"https:\/\/www.gruene-mkk.de\/?p=3055"},"modified":"2025-12-11T11:58:34","modified_gmt":"2025-12-11T10:58:34","slug":"gruene-praesentieren-wahlprogramm-gemeinsam-gehts-fuer-einen-main-kinzig-kreis-mit-zusammenhalt-und-perspektive","status":"publish","type":"post","link":"https:\/\/www.gruene-mkk.de\/tr\/gruene-praesentieren-wahlprogramm-gemeinsam-gehts-fuer-einen-main-kinzig-kreis-mit-zusammenhalt-und-perspektive\/","title":{"rendered":"Ye\u015filler mevcut se\u00e7im program\u0131: Bir araya gelmek  \u2047  Uyum ve perspektife sahip bir Main-Kinzig b\u00f6lgesi i\u00e7in"},"content":{"rendered":"<p>\u00d6n\u00fcm\u00fczdeki y\u0131llara y\u00f6nelik kapsaml\u0131 bir se\u00e7im program\u0131 ile Main-Kinzig b\u00f6lgesindeki Ye\u015filler, 2026'da yerel se\u00e7im kampanyas\u0131na ba\u015flayacak. \"Birlikte\" slogan\u0131 alt\u0131nda, iklim koruma, hareketlilik, sosyal altyap\u0131 ve b\u00f6lgesel ekonomik kalk\u0131nma gibi kilit eylem alanlar\u0131n\u0131 ele alan bir \u00f6nlem katalo\u011fu sunarlar.<\/p>\n\n\n\n<p><br><strong>\u00c7apraz kesme g\u00f6revi olarak iklim korumas\u0131<\/strong><\/p>\n\n\n\n<p><br>Ye\u015filler'in Main-Kinzig siyasi grubunun lider aday\u0131 ve lideri Mahwish Iftikhar, \"\u0130klim de\u011fi\u015fikli\u011fi beklemiyor - biz de beklemiyoruz\" dedi. Ama\u00e7, Main-Kinzig b\u00f6lgesini yenilenebilir enerjiler i\u00e7in \u00f6nc\u00fc bir b\u00f6lge haline getirmektir. Planlar aras\u0131nda r\u00fczgar enerjisi ve fotovoltaik sistemlerin h\u0131zland\u0131r\u0131lm\u0131\u015f bir \u015fekilde geni\u015fletilmesi, gelecekteki bir iklim n\u00f6tr b\u00f6lge y\u00f6netimi ve belediyeleri ve \u015firketleri yenilenebilir enerjilere ge\u00e7i\u015flerinde desteklemek i\u00e7in bir yeterlilik merkezi kurulmas\u0131 yer al\u0131yor. Iftikhar, \"\u0130klim korumas\u0131 b\u00f6lgesel katma de\u011ferimizi g\u00fc\u00e7lendiriyor, istihdam yarat\u0131yor ve ba\u011f\u0131ms\u0131zl\u0131\u011f\u0131m\u0131z\u0131 art\u0131r\u0131yor\" diye ekliyor.<br><\/p>\n\n\n\n<p><strong>Kentsel ve k\u0131rsal alanlar i\u00e7in hareketlili\u011fin sa\u011flanmas\u0131<\/strong><\/p>\n\n\n\n<p><br>Ye\u015fillere g\u00f6re, s\u00fcrd\u00fcr\u00fclebilir bir mobilite konsepti, \u00e7evredeki t\u00fcm insanlar i\u00e7in g\u00fcvenilir ve uygun fiyatl\u0131 teklifler sunmal\u0131d\u0131r. \u00c7evrim yolu a\u011f\u0131n\u0131n geni\u015fletilmesi, W\u00e4chtersbach-Bad Orb demiryolu hatt\u0131n\u0131n yeniden etkinle\u015ftirilmesi ve  \u2047 Carlos \u2047  gibi talep odakl\u0131 mobilite hizmetlerinin daha da geli\u015ftirilmesi kilit yap\u0131 ta\u015flar\u0131d\u0131r. Hedef, bireysel ve b\u00f6lgesel ihtiya\u00e7lar\u0131 dikkate alan s\u00fcrd\u00fcr\u00fclebilir, d\u00fc\u015f\u00fck eri\u015fimli hareketliliktir.<\/p>\n\n\n\n<p><br><strong>Sosyal altyap\u0131n\u0131n g\u00fc\u00e7lendirilmesi<\/strong><\/p>\n\n\n\n<p><br>Uygun fiyatl\u0131 konut, y\u00fcksek kaliteli \u00e7ocuk bak\u0131m\u0131 ve g\u00fcvenli sa\u011fl\u0131k hizmetleri, Ye\u015filler i\u00e7in e\u015fit ya\u015fam ko\u015fullar\u0131 i\u00e7in temel \u00f6n ko\u015fullard\u0131r. Bad Orb'daki Ye\u015fil Grubun en iyi aday\u0131 ve ba\u015fkan\u0131 Philip Schinkel, \"Main-Kinzig b\u00f6lgesindeki herkesin gelirleri veya ikamet yerleri ne olursa olsun iyi ya\u015fayabilmesini istiyoruz\" dedi. \u00c7ember, g\u00fcvenilir \u00e7er\u00e7eve ko\u015fullar\u0131, adil finansman ve daha g\u00fc\u00e7l\u00fc belediyeler aras\u0131 i\u015fbirli\u011fi yoluyla belediyeleri desteklemelidir.<\/p>\n\n\n\n<p><br><strong>B\u00f6lgesel ekonomiyi ve el sanatlar\u0131n\u0131 te\u015fvik etmek<\/strong><\/p>\n\n\n\n<p><br>Ye\u015filler, yenilik ve i\u015f\u00e7ili\u011fin birle\u015fiminde b\u00f6lgesel kalk\u0131nma i\u00e7in \u00f6nemli bir potansiyel g\u00f6r\u00fcyorlar. S\u00fcrd\u00fcr\u00fclebilir \u015firketler i\u00e7in finansman programlar\u0131, zanaat ticaretinin hedeflenen \u015fekilde g\u00fc\u00e7lendirilmesi ve kalifiye vas\u0131fl\u0131 i\u015f\u00e7ilerin geni\u015fletilmesi planlanmaktad\u0131r. Planlanan Sa\u011fl\u0131k ve Bak\u0131m Akademisi, \u00e7ok ihtiya\u00e7 duyulan sa\u011fl\u0131k profesyonellerini \u00e7ekmek i\u00e7in merkezi bir katk\u0131 sa\u011flamay\u0131 ama\u00e7lamaktad\u0131r.<\/p>\n\n\n\n<p><br><strong>Demokrasiyi g\u00fc\u00e7lendirmek, ba\u011fl\u0131l\u0131\u011f\u0131 tan\u0131mak<\/strong><\/p>\n\n\n\n<p><br>\"Demokrasimiz kat\u0131l\u0131mla geli\u015fir\", diye vurguluyor Philip Schinkel. Ye\u015filler, dernekler \u00fczerindeki y\u00fck\u00fc hafifletmek ve gen\u00e7lerin belediye karar alma s\u00fcre\u00e7lerine kat\u0131l\u0131m\u0131n\u0131 zorunlu k\u0131lmaktan yana. Ayr\u0131ca, belediye se\u00e7imlerinde oy kullanma ya\u015f\u0131n\u0131n 16 y\u0131la d\u00fc\u015f\u00fcr\u00fclmesini destekliyorlar.<\/p>\n\n\n\n<p><br><strong>Do\u011fal alanlar\u0131n korunmas\u0131 ve iklim direncinin art\u0131r\u0131lmas\u0131<\/strong><\/p>\n\n\n\n<p><br>Ye\u015filler, \"MKK bl\u00fcht\", organik tar\u0131m\u0131n g\u00fc\u00e7lendirilmesi, sular\u0131n ve orman alanlar\u0131n\u0131n korunmas\u0131 gibi projelerle il\u00e7ede biyo\u00e7e\u015fitlili\u011fin sa\u011flanmas\u0131n\u0131 istiyor. Buna ek olarak, s\u00fcnger \u015fehir konseptleri, modernize edilmi\u015f ta\u015fk\u0131n koruma \u00f6nlemleri ve b\u00f6lgesel \u0131s\u0131 eylem planlar\u0131, iklim de\u011fi\u015fikli\u011finin sonu\u00e7lar\u0131na kar\u015f\u0131 direnci art\u0131racakt\u0131r.<\/p>\n\n\n\n<p><br>\u2047 \u00c7al\u0131\u015fan bir program sunuyoruz \u2047 , Mahwish Iftikhar'\u0131 \u00f6zetliyor. A\u00e7\u0131k\u00e7a tan\u0131mlanm\u0131\u015f hedefler, do\u011frulanabilir \u00f6nlemler ve g\u00fcvenilir yap\u0131larla, Main-Kinzig b\u00f6lgesini t\u00fcm insanlar\u0131n bug\u00fcn ve gelecekte iyi ve g\u00fcvenli bir \u015fekilde ya\u015fayabilece\u011fi bir b\u00f6lge haline getirmek istiyoruz.<br><\/p>\n\n\n\n<p>Tam se\u00e7im program\u0131 \u015fu adreste bulunabilir: <a href=\"https:\/\/www.gruene-mkk.de\/wp-content\/uploads\/2025\/12\/Wahlprogramm_Kommunalwahl-2026_GRUeNE-MKK.pdf\">Se\u00e7im Program\u0131_Belediye Se\u00e7imi-2026_GRUeNE-MKK.pdf<\/a><\/p>\n\n\n\n<p><\/p>","protected":false},"excerpt":{"rendered":"<p>\u00d6n\u00fcm\u00fczdeki y\u0131llara y\u00f6nelik kapsaml\u0131 bir se\u00e7im program\u0131 ile Main-Kinzig b\u00f6lgesindeki Ye\u015filler, 2026'da yerel se\u00e7im kampanyas\u0131na ba\u015flayacak. Slogan\u0131 alt\u0131nda  \u2047 Birlikte gitmek \u2047 , bir dizi \u00f6nlem sunarlar [...]<\/p>","protected":false},"author":-1,"featured_media":3076,"comment_status":"closed","ping_status":"open","sticky":true,"template":"","format":"standard","meta":{"footnotes":""},"categories":[1],"tags":[],"class_list":["post-3055","post","type-post","status-publish","format-standard","has-post-thumbnail","hentry","category-allgemein"],"_links":{"self":[{"href":"https:\/\/www.gruene-mkk.de\/tr\/wp-json\/wp\/v2\/posts\/3055","targetHints":{"allow":["GET"]}}],"collection":[{"href":"https:\/\/www.gruene-mkk.de\/tr\/wp-json\/wp\/v2\/posts"}],"about":[{"href":"https:\/\/www.gruene-mkk.de\/tr\/wp-json\/wp\/v2\/types\/post"}],"author":[{"embeddable":true,"href":"https:\/\/www.gruene-mkk.de\/tr\/wp-json\/wp\/v2\/users\/2"}],"replies":[{"embeddable":true,"href":"https:\/\/www.gruene-mkk.de\/tr\/wp-json\/wp\/v2\/comments?post=3055"}],"version-history":[{"count":3,"href":"https:\/\/www.gruene-mkk.de\/tr\/wp-json\/wp\/v2\/posts\/3055\/revisions"}],"predecessor-version":[{"id":3080,"href":"https:\/\/www.gruene-mkk.de\/tr\/wp-json\/wp\/v2\/posts\/3055\/revisions\/3080"}],"wp:featuredmedia":[{"embeddable":true,"href":"https:\/\/www.gruene-mkk.de\/tr\/wp-json\/wp\/v2\/media\/3076"}],"wp:attachment":[{"href":"https:\/\/www.gruene-mkk.de\/tr\/wp-json\/wp\/v2\/media?parent=3055"}],"wp:term":[{"taxonomy":"category","embeddable":true,"href":"https:\/\/www.gruene-mkk.de\/tr\/wp-json\/wp\/v2\/categories?post=3055"},{"taxonomy":"post_tag","embeddable":true,"href":"https:\/\/www.gruene-mkk.de\/tr\/wp-json\/wp\/v2\/tags?post=3055"}],"curies":[{"name":"wp","href":"https:\/\/api.w.org\/{rel}","templated":true}]}}