{"id":2982,"date":"2025-11-04T15:57:11","date_gmt":"2025-11-04T14:57:11","guid":{"rendered":"https:\/\/www.gruene-mkk.de\/?p=2982"},"modified":"2025-11-04T17:36:52","modified_gmt":"2025-11-04T16:36:52","slug":"gruene-wachsen-weiter-im-main-kinzig-kreis","status":"publish","type":"post","link":"https:\/\/www.gruene-mkk.de\/tr\/gruene-wachsen-weiter-im-main-kinzig-kreis\/","title":{"rendered":"Main-Kinzig b\u00f6lgesinde ye\u015fillikler b\u00fcy\u00fcmeye devam ediyor"},"content":{"rendered":"<h2 class=\"wp-block-heading\"><strong>Brachttal'da yeni bir yerel birlik kurulur ve 2026 yerel se\u00e7imlerinin listesini do\u011frudan olu\u015fturur.<\/strong><\/h2>\n\n\n\n<p>Ge\u00e7en hafta sonu Brachttal'da B\u00fcndnis 90\/Die Gr\u00fcnen'in yeni yerel derne\u011fi kuruldu. Bu, \u00e7evre ve iklimin korunmas\u0131, sosyal adalet ve canl\u0131 bir demokrasi i\u00e7in \u00e7al\u0131\u015fmak isteyenler i\u00e7in Brachttal'da art\u0131k kal\u0131c\u0131 bir temas noktas\u0131 oldu\u011fu anlam\u0131na geliyor.<\/p>\n\n\n\n<p>Dr. Anna Leo ve Matthias Kuponiyi-B\u00f6ff e\u015fit \u00e7ifte lider olarak se\u00e7ildiler. Jasmin Schierding kasiyerlik g\u00f6revini devrald\u0131. Herbert Fischer ve Julian Fischer, denet\u00e7i olarak Y\u00f6netim Kurulu'na kat\u0131lacak.<\/p>\n\n\n\n<p>Dr. Anna Leo, \"Politikay\u0131 insanlara yak\u0131n, a\u00e7\u0131k, yap\u0131c\u0131 ve kat\u0131l\u0131mc\u0131 olman\u0131n sevinciyle \u015fekillendirmek istiyoruz\" dedi. Matthias Kuponiyi-B\u00f6ff \u015funlar\u0131 ekledi: Birlikte ele al\u0131rsak Brachttal'\u0131n b\u00fcy\u00fck bir potansiyeli var. Fikirlere, taahh\u00fctlere veya sadece de\u011fi\u015fime ilgi duyan herkese ho\u015f geldiniz diyoruz.<\/p>\n\n\n\n<p>Yerel derne\u011fin kurulu\u015funa ek olarak, Mart 2026'daki yerel se\u00e7imler i\u00e7in 16 \u00fcyeli liste de haz\u0131rland\u0131. Bu liste, B\u00fcndnis 90 \/ Die Gr\u00fcnen \u00fcyelerini ve parti d\u0131\u015f\u0131 vatanda\u015flar\u0131 i\u00e7erir.<\/p>\n\n\n\n<p>Liste, \u00f6nceki partilerden ve derneklerden insanlar\u0131, ilk kez yerel siyasetin temel ta\u015flar\u0131na kadar yerel siyasi sorumluluk almak isteyen ve uzun y\u0131llara dayanan deneyimlerini ta\u015f\u0131yan kararl\u0131 yeni gelenlerle bir araya getiriyor.<\/p>\n\n\n\n<p>B\u00dcNDNIS 90\/DIE GR\u00dcNEN Main-Kinzig b\u00f6lge kurulu, geli\u015fmeyi a\u00e7\u0131k\u00e7a memnuniyetle kar\u015f\u0131lamaktad\u0131r:<br>Jossgrund'dan sonra, yakla\u015fmakta olan yerel se\u00e7imlere de kat\u0131lacak olan do\u011fu Main-Kinzig b\u00f6lgesinde ikinci yerel derne\u011fi kurabildi\u011fimiz i\u00e7in gurur duyuyoruz. Bu, b\u00f6lgedeki ye\u015fil politikan\u0131n b\u00fcy\u00fcmeye ve g\u00fc\u00e7 kazanmaya devam etti\u011fini g\u00f6steriyor. Yeni yerel derne\u011fe gelecek g\u00f6revler i\u00e7in en iyi ve \u00e7ok ba\u015far\u0131lar diliyoruz\", il\u00e7e derne\u011finin s\u00f6zc\u00fcleri s\u00f6yledi.&nbsp;<strong>Anja Zeller ve Philip Schinkel taraf\u0131ndan<\/strong>.<\/p>\n\n\n\n<p>Yerel dernek, \u00f6n\u00fcm\u00fczdeki haftalarda vatanda\u015flarla sohbet etmek i\u00e7in ilk toplant\u0131lar\u0131 ve eylemleri planl\u0131yor.<\/p>","protected":false},"excerpt":{"rendered":"<p>Ge\u00e7en hafta sonu Brachttal'da B\u00fcndnis 90\/Die Gr\u00fcnen'in (Alliance 90\/The Greens) yeni yerel derne\u011fi kuruldu. [...][d\u00fczenle]<\/p>","protected":false},"author":-1,"featured_media":2983,"comment_status":"closed","ping_status":"open","sticky":true,"template":"","format":"standard","meta":{"footnotes":""},"categories":[1],"tags":[],"class_list":["post-2982","post","type-post","status-publish","format-standard","has-post-thumbnail","hentry","category-allgemein"],"_links":{"self":[{"href":"https:\/\/www.gruene-mkk.de\/tr\/wp-json\/wp\/v2\/posts\/2982","targetHints":{"allow":["GET"]}}],"collection":[{"href":"https:\/\/www.gruene-mkk.de\/tr\/wp-json\/wp\/v2\/posts"}],"about":[{"href":"https:\/\/www.gruene-mkk.de\/tr\/wp-json\/wp\/v2\/types\/post"}],"author":[{"embeddable":true,"href":"https:\/\/www.gruene-mkk.de\/tr\/wp-json\/wp\/v2\/users\/2"}],"replies":[{"embeddable":true,"href":"https:\/\/www.gruene-mkk.de\/tr\/wp-json\/wp\/v2\/comments?post=2982"}],"version-history":[{"count":3,"href":"https:\/\/www.gruene-mkk.de\/tr\/wp-json\/wp\/v2\/posts\/2982\/revisions"}],"predecessor-version":[{"id":2986,"href":"https:\/\/www.gruene-mkk.de\/tr\/wp-json\/wp\/v2\/posts\/2982\/revisions\/2986"}],"wp:featuredmedia":[{"embeddable":true,"href":"https:\/\/www.gruene-mkk.de\/tr\/wp-json\/wp\/v2\/media\/2983"}],"wp:attachment":[{"href":"https:\/\/www.gruene-mkk.de\/tr\/wp-json\/wp\/v2\/media?parent=2982"}],"wp:term":[{"taxonomy":"category","embeddable":true,"href":"https:\/\/www.gruene-mkk.de\/tr\/wp-json\/wp\/v2\/categories?post=2982"},{"taxonomy":"post_tag","embeddable":true,"href":"https:\/\/www.gruene-mkk.de\/tr\/wp-json\/wp\/v2\/tags?post=2982"}],"curies":[{"name":"wp","href":"https:\/\/api.w.org\/{rel}","templated":true}]}}