{"id":2980,"date":"2025-09-03T15:46:50","date_gmt":"2025-09-03T13:46:50","guid":{"rendered":"https:\/\/www.gruene-mkk.de\/?p=2980"},"modified":"2025-11-04T15:53:06","modified_gmt":"2025-11-04T14:53:06","slug":"neuer-ortsverband-buendnis-90-die-gruenen-jossgrund-erfolgreich-gegruendet","status":"publish","type":"post","link":"https:\/\/www.gruene-mkk.de\/tr\/neuer-ortsverband-buendnis-90-die-gruenen-jossgrund-erfolgreich-gegruendet\/","title":{"rendered":"Yeni yerel dernek B\u00fcndnis 90 \/ Die Gr\u00fcnen Jossgrund ba\u015far\u0131yla kuruldu"},"content":{"rendered":"<p>29 A\u011fustos 2025'te B\u00fcndnis 90\/Die Gr\u00fcnen Jossgrund yerel derne\u011fi resmi olarak BeilsteinStadl'da (Jossgrund) kuruldu. Y\u00f6netim Kurulu'nun se\u00e7ilmesiyle birlikte  \u2047  Lene Jeckel, J\u00f6rg Sprenger ve Silke von Rahden  \u2047  yeni dernek, b\u00f6lgede gelece\u011fe y\u00f6nelik, ekolojik ve sosyal bir yerel politika i\u00e7in net vurgular yap\u0131yor.<\/p>\n\n\n\n<p>G\u00fc\u00e7lerimizi birle\u015ftirdik \u00e7\u00fcnk\u00fc ikna olduk:\u00a0\u0130klim eylemi, toplum ve demokrasi yerde ya\u015fanmal\u0131\", diye a\u00e7\u0131kl\u0131yor yeni se\u00e7ilen y\u00f6netim kurulu s\u00f6zc\u00fcs\u00fc Lene Jeckel. \u2047  Slogan\u0131m\u0131z\u00a0<em>\u2047 Tabii ki birbirleri ile  \u2047<\/em>\u00a0Bu, birbirimizle ve i\u00e7inde ya\u015famaya de\u011fer bir gelece\u011fin temelini olu\u015fturan do\u011fam\u0131zla sayg\u0131l\u0131 bir ili\u015fki anlam\u0131na gelir.<\/p>\n\n\n\n<p>Kurucu etkinlik, se\u00e7im b\u00f6lgesi i\u00e7in Federal Meclis \u00dcyesi Tarek Al-Wazir taraf\u0131ndan bir selamlama ile desteklendi. May\u0131s 2025'teki bir bilgi etkinli\u011fi, anavatanlar\u0131n\u0131n s\u00fcrd\u00fcr\u00fclebilir bir tasar\u0131m\u0131 i\u00e7in \u00e7al\u0131\u015fmak isteyen vatanda\u015flar aras\u0131nda b\u00fcy\u00fck ilgi uyand\u0131rm\u0131\u015ft\u0131.<\/p>\n\n\n\n<p>OV Jossgrund \/ Fl\u00f6rsbachtal, \u00fcyelik, proje \u00e7al\u0131\u015fmas\u0131 veya yerel zorluklar\u0131n de\u011fi\u015fimi yoluyla ilgili t\u00fcm taraflar\u0131 kat\u0131lmaya davet ediyor.\u00a0\u0130leti\u015fim ve daha fazla bilgi, il\u00e7e derne\u011fi Main-Kinzig'in b\u00f6l\u00fcmleri arac\u0131l\u0131\u011f\u0131yla edinilebilir.<\/p>","protected":false},"excerpt":{"rendered":"<p>29 A\u011fustos 2025'te B\u00fcndnis 90\/Die Gr\u00fcnen Jossgrund yerel derne\u011fi resmi olarak BeilsteinStadl'da (Jossgrund) kuruldu. \u0130cra Kurulu se\u00e7imi ile - Lene Jeckel, J\u00f6rg Sprenger ve Silke von Rahden - yeni dernek net aksan ayarlar [...]<\/p>","protected":false},"author":-1,"featured_media":0,"comment_status":"closed","ping_status":"open","sticky":true,"template":"","format":"standard","meta":{"footnotes":""},"categories":[1],"tags":[],"class_list":["post-2980","post","type-post","status-publish","format-standard","hentry","category-allgemein"],"_links":{"self":[{"href":"https:\/\/www.gruene-mkk.de\/tr\/wp-json\/wp\/v2\/posts\/2980","targetHints":{"allow":["GET"]}}],"collection":[{"href":"https:\/\/www.gruene-mkk.de\/tr\/wp-json\/wp\/v2\/posts"}],"about":[{"href":"https:\/\/www.gruene-mkk.de\/tr\/wp-json\/wp\/v2\/types\/post"}],"author":[{"embeddable":true,"href":"https:\/\/www.gruene-mkk.de\/tr\/wp-json\/wp\/v2\/users\/2"}],"replies":[{"embeddable":true,"href":"https:\/\/www.gruene-mkk.de\/tr\/wp-json\/wp\/v2\/comments?post=2980"}],"version-history":[{"count":1,"href":"https:\/\/www.gruene-mkk.de\/tr\/wp-json\/wp\/v2\/posts\/2980\/revisions"}],"predecessor-version":[{"id":2981,"href":"https:\/\/www.gruene-mkk.de\/tr\/wp-json\/wp\/v2\/posts\/2980\/revisions\/2981"}],"wp:attachment":[{"href":"https:\/\/www.gruene-mkk.de\/tr\/wp-json\/wp\/v2\/media?parent=2980"}],"wp:term":[{"taxonomy":"category","embeddable":true,"href":"https:\/\/www.gruene-mkk.de\/tr\/wp-json\/wp\/v2\/categories?post=2980"},{"taxonomy":"post_tag","embeddable":true,"href":"https:\/\/www.gruene-mkk.de\/tr\/wp-json\/wp\/v2\/tags?post=2980"}],"curies":[{"name":"wp","href":"https:\/\/api.w.org\/{rel}","templated":true}]}}