{"id":2968,"date":"2025-10-24T15:12:58","date_gmt":"2025-10-24T13:12:58","guid":{"rendered":"https:\/\/www.gruene-mkk.de\/?p=2968"},"modified":"2025-10-24T15:13:13","modified_gmt":"2025-10-24T13:13:13","slug":"neuer-vorstand-von-buendnis-90-die-gruenen-main-kinzig-kreis-gewaehlt-startschuss-fuer-den-kommunalwahlkampf-2026","status":"publish","type":"post","link":"https:\/\/www.gruene-mkk.de\/tr\/neuer-vorstand-von-buendnis-90-die-gruenen-main-kinzig-kreis-gewaehlt-startschuss-fuer-den-kommunalwahlkampf-2026\/","title":{"rendered":"B\u00fcndnis 90\/Die Gr\u00fcnen Main-Kinzig-Kreis taraf\u0131ndan se\u00e7ilen yeni kurul  \u2047  2026'daki yerel se\u00e7im kampanyas\u0131 i\u00e7in ba\u015flang\u0131\u00e7 sinyali"},"content":{"rendered":"<p>D\u00fcnk\u00fc toplant\u0131da, <strong>Willi-salzmann-helle (anlam ayr\u0131m\u0131)<\/strong> Nidderau'da odak noktas\u0131 ku\u015fak de\u011fi\u015fimiydi: \u00d6nceki Y\u00f6netim Kurulu <strong>\u0130ttifak 90\/Ye\u015filler Ana-Kinzig-Kreis (MKK)<\/strong> Yeni bir y\u00f6netim kurulu se\u00e7ildi ve yeni bir y\u00f6netim kurulu olu\u015fturuldu. <strong>Yerel Se\u00e7im Kampanyas\u0131 2026<\/strong> ...\u00e7al\u0131\u015f\u0131yor.<\/p>\n\n\n\n<p>\u00d6zel Tan\u0131ma Verildi <strong>Joachim Nikel'in<\/strong>, Yakla\u015f\u0131k 10 y\u0131l sonra oldu\u011fu gibi <strong>Hazinedar (anlam ayr\u0131m\u0131)<\/strong> \u0130l\u00e7e emekli oldu. Her ikisi de <strong>Hessen Devlet Y\u00fcr\u00fctme Kurulu<\/strong> Gidenlerin yan\u0131 s\u0131ra <strong>B\u00f6lge Y\u00f6netim Kurulu<\/strong> Mali istikrara ve yap\u0131n\u0131n yap\u0131sal geli\u015fimine olan ba\u011fl\u0131l\u0131\u011f\u0131n\u0131 \u00f6vd\u00fc. <em>\u2047 Joachim Nickel, bug\u00fcn \u00e7al\u0131\u015fmalar\u0131m\u0131z\u0131n temellerini \u00f6ng\u00f6r\u00fc ve sorumluluk duygusuyla att\u0131  \u2047  ba\u011fl\u0131l\u0131\u011f\u0131 vazge\u00e7ilmezdi \u2047<\/em>, vurgulad\u0131 <strong>B\u00f6lge Ba\u015fkan\u0131 Anja Zeller<\/strong> Konu\u015fmas\u0131nda.<\/p>\n\n\n\n<p>B\u00fcy\u00fck bir \u00e7o\u011funlukla, mevcut \u00fcyeler <strong>yeni Y\u00f6netim Kurulu<\/strong>, \u00d6n\u00fcm\u00fczdeki iki y\u0131l i\u00e7inde il\u00e7e derne\u011finin kaderine rehberlik edecek:<\/p>\n\n\n\n<ul class=\"wp-block-list\">\n<li><strong>Beate boege-sonnek yak\u0131n\u0131ndaki oteller<\/strong>\u00a0Bad Orb'dan (Hazineci)<\/li>\n\n\n\n<li><strong>Anja Zeller<\/strong>\u00a0Hanau Hakk\u0131nda<\/li>\n\n\n\n<li><strong>Philip Schinkel<\/strong>\u00a0Taraf\u0131ndan Bad Orb<\/li>\n\n\n\n<li><strong>Christine Dr\u00f6\u00dfler-Utecht <\/strong>Rodenbach hakk\u0131nda<\/li>\n\n\n\n<li><strong>Steve Euler<\/strong>\u00a0Bad Soden-Salm\u00fcnster hakk\u0131nda<\/li>\n\n\n\n<li><strong>Matthias Kuponiyi B\u00f6ff<\/strong>\u00a0Brachttal hakk\u0131nda<\/li>\n<\/ul>\n\n\n\n<p>B\u00f6lge kurulu Ye\u015filler Main-Kinzig grup ba\u015fkanlar\u0131 taraf\u0131ndan desteklenmektedir<strong> \u0130ftar'\u0131n Mahwish<\/strong> Ye\u015fil Gen\u00e7lik Ana-Kinzig'in s\u00f6zc\u00fcleri, <strong>Luise Schn\u00fcrer ve Lennart H\u00e4ring<\/strong>.&nbsp;<\/p>\n\n\n\n<p>Yeni se\u00e7ilen y\u00f6netim kurulu \u015fu g\u00f6revle kar\u015f\u0131 kar\u015f\u0131yad\u0131r: <strong>\u0130klim ve sosyal konular<\/strong> \u00f6zellikle yakla\u015fan g\u00f6r\u00fcn\u00fcm\u00fcnde kamu tart\u0131\u015fma  \u2047  odak il\u00e7e derne\u011fi koymak <strong>15 Mart 2026 Yerel Se\u00e7imleri<\/strong>. <em>Bug\u00fcn a\u00e7\u0131k bir g\u00f6revle ba\u015fl\u0131yoruz: Main-Kinzig-Kreis'i ekolojik, adil ve s\u00fcrd\u00fcr\u00fclebilir k\u0131lmak. Bunu \u00f6n\u00fcm\u00fczdeki aylarda sahada ye\u015fil \u00e7\u00f6z\u00fcmler i\u00e7in sald\u0131rgan bir kampanya ile tan\u0131taca\u011f\u0131z.<\/em>, a\u00e7\u0131klad\u0131 <strong>Anja Zeller<\/strong> Se\u00e7imden sonra.<\/p>\n\n\n\n<p>Toplant\u0131 ayn\u0131 zamanda bir ba\u015flang\u0131c\u0131n\u0131 i\u015faretler <strong>Stratejik yeniden y\u00f6nlendirme<\/strong>, \u00fczerinde olan <strong>Vatanda\u015f kat\u0131l\u0131m\u0131, iklim koruma ve uygun fiyatl\u0131 konut<\/strong> set olarak ayarlay\u0131n. \u00d6n\u00fcm\u00fczdeki haftalarda, il\u00e7e olacak <strong>Se\u00e7im program\u0131n\u0131n sonu\u00e7land\u0131r\u0131lmas\u0131<\/strong> \u0130lk kampanya formatlar\u0131n\u0131 tan\u0131t\u0131yoruz.<\/p>\n\n\n\n<p><em>Ekteki foto\u011frafta soldan sa\u011fa Steve Euler, Beate Boege-Sonnek, Philip Schinkel, Anja Zeller, Matthias Kuponiyi-B\u00f6ff, Mahwish Iftikhar (eksik: Christine Dr\u00f6\u00dfler-Utecht, Lennart H\u00e4ring, Lusie Schn\u00fcrer).<\/em><\/p>","protected":false},"excerpt":{"rendered":"<p>Nidderau'daki Willi-Salzmann-Halle'deki b\u00f6lge \u00fcyelerinin d\u00fcnk\u00fc toplant\u0131s\u0131nda, odak noktas\u0131 ku\u015faksal bir de\u011fi\u015fimdi: B\u00fcndnis 90\/Die Gr\u00fcnen Main-Kinzig-Kreis'in (MKK) \u00f6nceki kurulu onayland\u0131, yeni bir kurul se\u00e7ildi ve [...]<\/p>","protected":false},"author":-1,"featured_media":2969,"comment_status":"closed","ping_status":"open","sticky":true,"template":"","format":"standard","meta":{"footnotes":""},"categories":[1],"tags":[],"class_list":["post-2968","post","type-post","status-publish","format-standard","has-post-thumbnail","hentry","category-allgemein"],"_links":{"self":[{"href":"https:\/\/www.gruene-mkk.de\/tr\/wp-json\/wp\/v2\/posts\/2968","targetHints":{"allow":["GET"]}}],"collection":[{"href":"https:\/\/www.gruene-mkk.de\/tr\/wp-json\/wp\/v2\/posts"}],"about":[{"href":"https:\/\/www.gruene-mkk.de\/tr\/wp-json\/wp\/v2\/types\/post"}],"author":[{"embeddable":true,"href":"https:\/\/www.gruene-mkk.de\/tr\/wp-json\/wp\/v2\/users\/2"}],"replies":[{"embeddable":true,"href":"https:\/\/www.gruene-mkk.de\/tr\/wp-json\/wp\/v2\/comments?post=2968"}],"version-history":[{"count":1,"href":"https:\/\/www.gruene-mkk.de\/tr\/wp-json\/wp\/v2\/posts\/2968\/revisions"}],"predecessor-version":[{"id":2970,"href":"https:\/\/www.gruene-mkk.de\/tr\/wp-json\/wp\/v2\/posts\/2968\/revisions\/2970"}],"wp:featuredmedia":[{"embeddable":true,"href":"https:\/\/www.gruene-mkk.de\/tr\/wp-json\/wp\/v2\/media\/2969"}],"wp:attachment":[{"href":"https:\/\/www.gruene-mkk.de\/tr\/wp-json\/wp\/v2\/media?parent=2968"}],"wp:term":[{"taxonomy":"category","embeddable":true,"href":"https:\/\/www.gruene-mkk.de\/tr\/wp-json\/wp\/v2\/categories?post=2968"},{"taxonomy":"post_tag","embeddable":true,"href":"https:\/\/www.gruene-mkk.de\/tr\/wp-json\/wp\/v2\/tags?post=2968"}],"curies":[{"name":"wp","href":"https:\/\/api.w.org\/{rel}","templated":true}]}}