{"id":2934,"date":"2025-09-17T11:21:18","date_gmt":"2025-09-17T09:21:18","guid":{"rendered":"https:\/\/www.gruene-mkk.de\/?p=2934"},"modified":"2025-09-17T11:21:25","modified_gmt":"2025-09-17T09:21:25","slug":"wir-suchen-dich-werde-mitgliederbeauftragter","status":"publish","type":"post","link":"https:\/\/www.gruene-mkk.de\/tr\/wir-suchen-dich-werde-mitgliederbeauftragter\/","title":{"rendered":"Sizi Ar\u0131yoruz: \u00dcye Temsilcisi Olun!"},"content":{"rendered":"<p><strong>\u00dcyeler ve parti aras\u0131ndaki ba\u011flant\u0131m\u0131z olun! Ne? - Evet.<\/strong><\/p>\n\n\n\n<h2 class=\"wp-block-heading\">?? Ne yap\u0131yorsun<\/h2>\n\n\n\n<ul class=\"wp-block-list\">\n<li>Yeni \u00fcyeler ho\u015f geldiniz ve onlar\u0131 rahat hissettirmek<\/li>\n\n\n\n<li>\u00dcyelerin soru ve fikirleri i\u00e7in irtibat ki\u015fisi sizsiniz ??<\/li>\n\n\n\n<li>Herkese eylemlere veya projelere nas\u0131l dahil olabileceklerini g\u00f6steriyorsunuz ??<\/li>\n\n\n\n<li>Yerel derneklerin birlikte iyi \u00e7al\u0131\u015ft\u0131\u011f\u0131ndan emin olun ??<\/li>\n<\/ul>\n\n\n\n<h2 class=\"wp-block-heading\">?? Zaman gerekli<\/h2>\n\n\n\n<ul class=\"wp-block-list\">\n<li>Grubun b\u00fcy\u00fckl\u00fc\u011f\u00fcne ve ihtiya\u00e7lar\u0131na ba\u011fl\u0131 olarak esnek<\/li>\n\n\n\n<li>Genellikle haftada birka\u00e7 saat, m\u00fcmk\u00fcnse<\/li>\n<\/ul>\n\n\n\n<h2 class=\"wp-block-heading\">?? Sen zaman m\u00fckemmel uyum<\/h2>\n\n\n\n<ul class=\"wp-block-list\">\n<li>A\u00e7\u0131k, arkada\u015f canl\u0131s\u0131 ve ileti\u015fimci olun<\/li>\n\n\n\n<li>\u0130nsanlar\u0131 birbirine ba\u011flaman\u0131n keyfini \u00e7\u0131kar\u0131n<\/li>\n\n\n\n<li>Motivasyon ve zaman<\/li>\n\n\n\n<li>Memnuniyetle sorumluluk al\u0131n<\/li>\n<\/ul>\n\n\n\n<h2 class=\"wp-block-heading\">?? Onu geri alacaks\u0131n<\/h2>\n\n\n\n<ul class=\"wp-block-list\">\n<li>Toplulu\u011fumuzu g\u00fc\u00e7lendiriyorsunuz<\/li>\n\n\n\n<li>Motive olmu\u015f bir ekibin par\u00e7as\u0131s\u0131n\u0131z<\/li>\n\n\n\n<li>Organizasyon, ileti\u015fim ve politik \u00e7al\u0131\u015fma hakk\u0131nda \u00e7ok \u015fey \u00f6\u011frenirsiniz.<\/li>\n\n\n\n<li>Birlikte yarat\u0131rken e\u011flenceli ve iyi titre\u015fimler ??<\/li>\n<\/ul>\n\n\n\n<p>?? \u0130lgileniyorsan\u0131z, bizimle ileti\u015fime ge\u00e7mekten \u00e7ekinmeyin. Size daha fazlas\u0131n\u0131 anlataca\u011f\u0131z ve sorular\u0131n\u0131z\u0131 cevaplayaca\u011f\u0131z! Bize \u015fu adresten yaz\u0131n: kv@gruene-mkk.de<\/p>","protected":false},"excerpt":{"rendered":"<p>\u00dcyeler ve parti aras\u0131ndaki ba\u011flant\u0131m\u0131z olun! ?? ?? Ne yap\u0131yorsun ?? Zaman ?? Sen ne zaman m\u00fckemmel uyum ?? Ne geri almak ?? E\u011fer ilgileniyorsan\u0131z, [...]<\/p>","protected":false},"author":-1,"featured_media":0,"comment_status":"closed","ping_status":"open","sticky":true,"template":"","format":"standard","meta":{"footnotes":""},"categories":[1],"tags":[],"class_list":["post-2934","post","type-post","status-publish","format-standard","hentry","category-allgemein"],"_links":{"self":[{"href":"https:\/\/www.gruene-mkk.de\/tr\/wp-json\/wp\/v2\/posts\/2934","targetHints":{"allow":["GET"]}}],"collection":[{"href":"https:\/\/www.gruene-mkk.de\/tr\/wp-json\/wp\/v2\/posts"}],"about":[{"href":"https:\/\/www.gruene-mkk.de\/tr\/wp-json\/wp\/v2\/types\/post"}],"author":[{"embeddable":true,"href":"https:\/\/www.gruene-mkk.de\/tr\/wp-json\/wp\/v2\/users\/2"}],"replies":[{"embeddable":true,"href":"https:\/\/www.gruene-mkk.de\/tr\/wp-json\/wp\/v2\/comments?post=2934"}],"version-history":[{"count":1,"href":"https:\/\/www.gruene-mkk.de\/tr\/wp-json\/wp\/v2\/posts\/2934\/revisions"}],"predecessor-version":[{"id":2935,"href":"https:\/\/www.gruene-mkk.de\/tr\/wp-json\/wp\/v2\/posts\/2934\/revisions\/2935"}],"wp:attachment":[{"href":"https:\/\/www.gruene-mkk.de\/tr\/wp-json\/wp\/v2\/media?parent=2934"}],"wp:term":[{"taxonomy":"category","embeddable":true,"href":"https:\/\/www.gruene-mkk.de\/tr\/wp-json\/wp\/v2\/categories?post=2934"},{"taxonomy":"post_tag","embeddable":true,"href":"https:\/\/www.gruene-mkk.de\/tr\/wp-json\/wp\/v2\/tags?post=2934"}],"curies":[{"name":"wp","href":"https:\/\/api.w.org\/{rel}","templated":true}]}}