{"id":2932,"date":"2025-09-17T11:20:15","date_gmt":"2025-09-17T09:20:15","guid":{"rendered":"https:\/\/www.gruene-mkk.de\/?p=2932"},"modified":"2025-09-17T11:20:28","modified_gmt":"2025-09-17T09:20:28","slug":"mach-mit-im-kreisvorstand","status":"publish","type":"post","link":"https:\/\/www.gruene-mkk.de\/tr\/mach-mit-im-kreisvorstand\/","title":{"rendered":"\u00c7ember Kurulu'na kat\u0131l\u0131n!"},"content":{"rendered":"<p>B\u00dcNDNIS 90\/DIE GR\u00dcNEN Main-Kinzig, il\u00e7e derne\u011finde sorumluluk almak ve Main-Kinzig il\u00e7esinde ye\u015fil siyasetin birlikte \u015fekillenmesine yard\u0131mc\u0131 olmak isteyen kararl\u0131 insanlar ar\u0131yor.<\/p>\n\n\n\n<h3 class=\"wp-block-heading\">?? B\u00f6lge kurulu ne yapar?<\/h3>\n\n\n\n<p>\u0130l\u00e7e y\u00f6netim kurulu, Main-Kinzig b\u00f6lgesindeki siyasi \u00e7al\u0131\u015fmalar\u0131m\u0131z\u0131n merkezinde yer almaktad\u0131r. Birlikte tasarl\u0131yoruz:<\/p>\n\n\n\n<ul class=\"wp-block-list\">\n<li><strong>Kategori: Politika stratejisi<\/strong>: \u0130l\u00e7e derne\u011fimiz i\u00e7in odak noktalar\u0131, kampanyalar ve pozisyonlar geli\u015ftiriyoruz.<\/li>\n\n\n\n<li><strong>Kategori: Organizasyon<\/strong>: \u0130l\u00e7e derne\u011finin \u00e7al\u0131\u015fmalar\u0131n\u0131 koordine ediyor, yerel dernekleri destekliyor ve \u00fcye sorular\u0131yla ilgileniyoruz.<\/li>\n\n\n\n<li><strong>Tan\u0131t\u0131m ve amp; se\u00e7im kampanyalar\u0131<\/strong>: Bas\u0131nda, sosyal medyada ve etkinliklerde ye\u015fil konular\u0131 temsil ediyoruz.<\/li>\n\n\n\n<li><strong>sorumluluk &amp; amp; Tak\u0131m \u00c7al\u0131\u015fmas\u0131:<\/strong> A\u00e7\u0131k, demokratik ve dayan\u0131\u015fma temelli i\u015fbirli\u011fini savunuyoruz.<\/li>\n<\/ul>\n\n\n\n<h3 class=\"wp-block-heading\">?? Ne kadar zamana ihtiyac\u0131m var?<\/h3>\n\n\n\n<ul class=\"wp-block-list\">\n<li><strong>D\u00fczenli Y\u00f6netim Kurulu toplant\u0131lar\u0131<\/strong>: Ayda yakla\u015f\u0131k bir kez (2-3 saat).<\/li>\n\n\n\n<li><strong>\u0130l\u00e7e \u00fcyelerinin toplant\u0131lar\u0131 (KMVen<\/strong>): Y\u0131lda yakla\u015f\u0131k 3-4 kez.<\/li>\n\n\n\n<li><strong>Ek g\u00f6revler<\/strong>: Rol ve zaman olanaklar\u0131na ba\u011fl\u0131 olarak haftada yakla\u015f\u0131k 2-5 saat (\u00f6rn. ileti\u015fim, organizasyon, halkla ili\u015fkiler, OV'lerle a\u011f kurma).<\/li>\n\n\n\n<li>Kampanya zamanlar\u0131nda, gereken s\u00fcre artar, ancak ekip olarak \u00e7al\u0131\u015f\u0131r ve g\u00f6revleri b\u00f6leriz.<\/li>\n<\/ul>\n\n\n\n<h3 class=\"wp-block-heading\">?? Ne getirmelisiniz?<\/h3>\n\n\n\n<ul class=\"wp-block-list\">\n<li>Ye\u015fil siyasetin zeminde \u015fekillenmesinde aktif rol oynamak istiyoruz.<\/li>\n\n\n\n<li>Tak\u0131m \u00e7al\u0131\u015fmas\u0131n\u0131n, tart\u0131\u015fmalar\u0131n ve organizasyonun tad\u0131n\u0131 \u00e7\u0131kar\u0131n.<\/li>\n\n\n\n<li>Yeni fikirlere, \u00e7e\u015fitlili\u011fe ve farkl\u0131 bak\u0131\u015f a\u00e7\u0131lar\u0131na a\u00e7\u0131kl\u0131k.<\/li>\n\n\n\n<li>Merak etmeyin: \u00d6nceki bilgi yararl\u0131d\u0131r, ancak zorunlu de\u011fildir  \u2047  daha \u00f6nemli motivasyonunuzdur.<\/li>\n<\/ul>\n\n\n\n<h3 class=\"wp-block-heading\">Neyi geri al\u0131yorsun?<\/h3>\n\n\n\n<ul class=\"wp-block-list\">\n<li>\u0130l\u00e7e derne\u011fimizde tasar\u0131m olanaklar\u0131.<\/li>\n\n\n\n<li>Sizi destekleyen motive bir ekip.<\/li>\n\n\n\n<li>Partinin i\u00e7inde ve d\u0131\u015f\u0131nda heyecan verici insanlarla a\u011f kurmak.<\/li>\n\n\n\n<li>Siyasi \u00e7al\u0131\u015fma, organizasyon ve ileti\u015fim deneyimi.<\/li>\n<\/ul>\n\n\n\n<p>?? \u0130lgileniyorsan\u0131z, bizimle ileti\u015fime ge\u00e7mekten \u00e7ekinmeyin. Size daha fazlas\u0131n\u0131 anlataca\u011f\u0131z ve sorular\u0131n\u0131z\u0131 cevaplayaca\u011f\u0131z! Bize \u015fu adresten yaz\u0131n: kv@gruene-mkk.de<\/p>","protected":false},"excerpt":{"rendered":"<p>B\u00dcNDNIS 90\/DIE GR\u00dcNEN Main-Kinzig, il\u00e7e derne\u011finde sorumluluk almak ve Main-Kinzig il\u00e7esinde ye\u015fil siyasetin birlikte \u015fekillenmesine yard\u0131mc\u0131 olmak isteyen kararl\u0131 insanlar ar\u0131yor. ?? B\u00f6lge kurulu ne yapar? Y\u00f6netim Kurulu [...]<\/p>","protected":false},"author":-1,"featured_media":0,"comment_status":"closed","ping_status":"open","sticky":true,"template":"","format":"standard","meta":{"footnotes":""},"categories":[1],"tags":[],"class_list":["post-2932","post","type-post","status-publish","format-standard","hentry","category-allgemein"],"_links":{"self":[{"href":"https:\/\/www.gruene-mkk.de\/tr\/wp-json\/wp\/v2\/posts\/2932","targetHints":{"allow":["GET"]}}],"collection":[{"href":"https:\/\/www.gruene-mkk.de\/tr\/wp-json\/wp\/v2\/posts"}],"about":[{"href":"https:\/\/www.gruene-mkk.de\/tr\/wp-json\/wp\/v2\/types\/post"}],"author":[{"embeddable":true,"href":"https:\/\/www.gruene-mkk.de\/tr\/wp-json\/wp\/v2\/users\/2"}],"replies":[{"embeddable":true,"href":"https:\/\/www.gruene-mkk.de\/tr\/wp-json\/wp\/v2\/comments?post=2932"}],"version-history":[{"count":1,"href":"https:\/\/www.gruene-mkk.de\/tr\/wp-json\/wp\/v2\/posts\/2932\/revisions"}],"predecessor-version":[{"id":2933,"href":"https:\/\/www.gruene-mkk.de\/tr\/wp-json\/wp\/v2\/posts\/2932\/revisions\/2933"}],"wp:attachment":[{"href":"https:\/\/www.gruene-mkk.de\/tr\/wp-json\/wp\/v2\/media?parent=2932"}],"wp:term":[{"taxonomy":"category","embeddable":true,"href":"https:\/\/www.gruene-mkk.de\/tr\/wp-json\/wp\/v2\/categories?post=2932"},{"taxonomy":"post_tag","embeddable":true,"href":"https:\/\/www.gruene-mkk.de\/tr\/wp-json\/wp\/v2\/tags?post=2932"}],"curies":[{"name":"wp","href":"https:\/\/api.w.org\/{rel}","templated":true}]}}