{"id":2903,"date":"2025-08-15T14:01:11","date_gmt":"2025-08-15T12:01:11","guid":{"rendered":"https:\/\/www.gruene-mkk.de\/?p=2903"},"modified":"2025-08-15T14:01:47","modified_gmt":"2025-08-15T12:01:47","slug":"waehlerinnen-in-linsengericht-soll-ein-gruenes-angebot-gemacht-werden","status":"publish","type":"post","link":"https:\/\/www.gruene-mkk.de\/tr\/waehlerinnen-in-linsengericht-soll-ein-gruenes-angebot-gemacht-werden\/","title":{"rendered":"Linsengericht'teki se\u00e7menlere ye\u015fil bir teklif sunulacak"},"content":{"rendered":"<p>27 A\u011fustos \u00c7ar\u015famba g\u00fcn\u00fc saat 19:30'da Sch\u00fctzenhaus Gro\u00dfenhausen'de bir toplant\u0131ya davet<\/p>\n\n\n\n<p>15 Mart 2026'da yerel se\u00e7imler yap\u0131ld\u0131. Taraflar\u0131n aday listeleri muhtemelen Noel'e kadar yetkili makamlara sunulmal\u0131d\u0131r. Linsengericht'teki Ye\u015filler adaylar i\u00e7in bir \u00e7a\u011fr\u0131 ba\u015flat\u0131yor ve t\u00fcm ilgili taraflar\u0131 bir toplant\u0131ya davet ediyor.<\/p>\n\n\n\n<p>Ba\u015fkan\u0131 Klaus B\u00f6ttcher, Linsenge-richt'teki Ye\u015filler aras\u0131nda mevcut siyasi aktivistlerin say\u0131s\u0131n\u0131n ne yaz\u0131k ki yeterince uzun bir aday listesi haz\u0131rlamak i\u00e7in yeterli olmad\u0131\u011f\u0131n\u0131 a\u00e7\u0131kl\u0131yor. Yerel meclisler art\u0131k se\u00e7ilmiyor, ancak mevcut personel seviyesi sadece belediyenin temsili i\u00e7in yeterli de\u011fil.&nbsp;<\/p>\n\n\n\n<p>Mart 2021'deki son se\u00e7imden bu yana, Ye\u015filler belediye meclisinin 27 \u00fcyesinin se\u00e7ilmi\u015f \u00fc\u00e7 temsilcisi taraf\u0131ndan temsil edildi.\u00a0 Ye\u015fil liste i\u00e7in oy pusulalar\u0131ndaki t\u00fcm ha\u00e7lar\u0131 dikkate almak i\u00e7in, 9 aday listesinin minimum boyutu \u00f6nemlidir. Ayr\u0131ca, 2031'deki bir sonraki belediye se\u00e7imlerinde tekrar rekabet edebilmek i\u00e7in \u00f6n\u00fcm\u00fczdeki 5 y\u0131l boyunca se\u00e7ilmi\u015f temsilciler olarak, \u00f6rne\u011fin belediye temsilcili\u011finde halefler olarak aktif olmaya istekli insanlara da ihtiyac\u0131m\u0131z var.<\/p>\n\n\n\n<p>B\u00f6ttcher, \"Artan sosyal \u00e7at\u0131\u015fmalar ve sa\u011fc\u0131 pop\u00fclistlerin \u00f6nemli oy paylar\u0131 zamanlar\u0131nda, 15 Mart'ta Linsengericht i\u00e7in de liberal bir demokrasi, artan iklim korumas\u0131 ve sosyal-ekolojik politika i\u00e7in oy kullanmak isteyen se\u00e7menlere bir teklif sunmak \u00f6zellikle \u00f6nemlidir\" diye vurguluyor.<\/p>\n\n\n\n<p>Bu nedenle, buna katk\u0131da bulunmak isteyen ve kendi adayl\u0131klar\u0131 i\u00e7in uygun olmay\u0131 d\u00fc\u015f\u00fcnen insanlar\u0131 ar\u0131yoruz. Her bireyin mercimek mahkemesinde bu hedeflere ula\u015fmak ve m\u00fcmk\u00fcn oldu\u011funca uygulamak i\u00e7in ne \u00f6nermek istedi\u011fi, se\u00e7im program\u0131 hakk\u0131nda a\u00e7\u0131k bir tart\u0131\u015fmada tart\u0131\u015f\u0131labilir. Herkes kendi fikirleri ve \u00f6ncelikleri ile katk\u0131da bulunabilir.<\/p>\n\n\n\n<p>Bu nedenle, Green Lens Court, CEO Anja Zeller ile birlikte bulunacak olan Green Main-Kinzig b\u00f6lge kurulu ile birlikte sizi 27 A\u011fustos 2025 \u00c7ar\u015famba g\u00fcn\u00fc saat 19:30'da Sch\u00fctzenhaus Gro\u00dfenhausen In der Ecke 35'te a\u00e7\u0131k bir toplant\u0131ya davet ediyor. Daha sonraki g\u00f6r\u00fc\u015fmeler de yap\u0131labilir.<\/p>\n\n\n\n<p>Toplant\u0131ya kay\u0131t veya kat\u0131lma iste\u011fi  \u2047  Toplant\u0131ya gelemeseniz bile  \u2047  e-posta adresinden <a href=\"#\" data-unscramble=\"ed.liamtoh@rehctteob-sualk\">klaus-boettcher@hotmail.de<\/a> Linsengericht'teki Ye\u015filler'in ba\u015fkan\u0131 memnun olur. \u015eehrin di\u011fer b\u00f6lgelerinden toplant\u0131ya ara\u00e7 payla\u015f\u0131m\u0131 sunulabilir.<\/p>\n\n\n\n<p><\/p>","protected":false},"excerpt":{"rendered":"<p>27 A\u011fustos \u00c7ar\u015famba g\u00fcn\u00fc saat 19:30'da Sch\u00fctzenhaus Gro\u00dfenhausen'de bir toplant\u0131ya davet 15 Mart 2026'da yerel se\u00e7imler yap\u0131lacak. Partilerin aday listeleri Noel'de beklenmelidir [...]<\/p>","protected":false},"author":-1,"featured_media":0,"comment_status":"closed","ping_status":"open","sticky":true,"template":"","format":"standard","meta":{"footnotes":""},"categories":[1],"tags":[],"class_list":["post-2903","post","type-post","status-publish","format-standard","hentry","category-allgemein"],"_links":{"self":[{"href":"https:\/\/www.gruene-mkk.de\/tr\/wp-json\/wp\/v2\/posts\/2903","targetHints":{"allow":["GET"]}}],"collection":[{"href":"https:\/\/www.gruene-mkk.de\/tr\/wp-json\/wp\/v2\/posts"}],"about":[{"href":"https:\/\/www.gruene-mkk.de\/tr\/wp-json\/wp\/v2\/types\/post"}],"author":[{"embeddable":true,"href":"https:\/\/www.gruene-mkk.de\/tr\/wp-json\/wp\/v2\/users\/2"}],"replies":[{"embeddable":true,"href":"https:\/\/www.gruene-mkk.de\/tr\/wp-json\/wp\/v2\/comments?post=2903"}],"version-history":[{"count":2,"href":"https:\/\/www.gruene-mkk.de\/tr\/wp-json\/wp\/v2\/posts\/2903\/revisions"}],"predecessor-version":[{"id":2905,"href":"https:\/\/www.gruene-mkk.de\/tr\/wp-json\/wp\/v2\/posts\/2903\/revisions\/2905"}],"wp:attachment":[{"href":"https:\/\/www.gruene-mkk.de\/tr\/wp-json\/wp\/v2\/media?parent=2903"}],"wp:term":[{"taxonomy":"category","embeddable":true,"href":"https:\/\/www.gruene-mkk.de\/tr\/wp-json\/wp\/v2\/categories?post=2903"},{"taxonomy":"post_tag","embeddable":true,"href":"https:\/\/www.gruene-mkk.de\/tr\/wp-json\/wp\/v2\/tags?post=2903"}],"curies":[{"name":"wp","href":"https:\/\/api.w.org\/{rel}","templated":true}]}}