{"id":2810,"date":"2025-06-12T12:56:54","date_gmt":"2025-06-12T10:56:54","guid":{"rendered":"https:\/\/www.gruene-mkk.de\/?p=2810"},"modified":"2025-06-12T13:12:48","modified_gmt":"2025-06-12T11:12:48","slug":"gruene-laden-zum-offenen-mitgliedertreffen-nach-bad-soden-salmuenster-ein","status":"publish","type":"post","link":"https:\/\/www.gruene-mkk.de\/tr\/gruene-laden-zum-offenen-mitgliedertreffen-nach-bad-soden-salmuenster-ein\/","title":{"rendered":"Ye\u015filler sizi Bad Soden-Salm\u00fcnster'deki a\u00e7\u0131k \u00fcyeler toplant\u0131s\u0131na davet ediyor"},"content":{"rendered":"<p>B\u00dcNDNIS 90\/DIE GR\u00dcNEN Main-Kinzig il\u00e7e birli\u011fi sizi 21 Haziran 2025 Cumartesi g\u00fcn\u00fc saat 14.00'te Bad Soden-Salm\u00fcnster'deki Salz'daki BistroCaf\u00e9'de a\u00e7\u0131k bir \u00fcye toplant\u0131s\u0131na davet ediyor. GR\u00dcNEN'i yerinde tan\u0131mak isteyen t\u00fcm \u00fcyeler ve ilgili taraflar davetlidir.<br><br>Kahve ve kek ile rahat bir atmosferde, toplant\u0131 ki\u015fisel al\u0131\u015fveri\u015f, birbirlerini tan\u0131mak ve birbirleriyle a\u011f kurmak i\u00e7in alan sunar. \u00d6zellikle son aylarda bir\u00e7ok yeni \u00fcye eklendi  \u2047  il\u00e7e derne\u011fi parti i\u00e7indeki ba\u011flant\u0131y\u0131 g\u00fc\u00e7lendirmek ve bu formata ba\u015flamay\u0131 kolayla\u015ft\u0131rmak istiyor.<br><br>GREEN Main-Kinzig s\u00f6zc\u00fcs\u00fc Anja Zeller, \"Siyasi \u00e7al\u0131\u015fmalar\u0131m\u0131z birliktelikten ya\u015f\u0131yor\" diyor. \u2047 Bu nedenle, birbirimizi \u015fahsen tan\u0131mak i\u00e7in f\u0131rsatlar yaratmam\u0131z \u00f6nemlidir  \u2047  a\u00e7\u0131k, misafirperver ve resmi engeller olmadan. Siyaset sohbetle ba\u015flar.<br><br>Toplant\u0131 BistroCaf\u00e9 an der Salz, Br\u00fcckenstra\u00dfe 11'de 63628 Bad Soden-Salm\u00fcnster'de ger\u00e7ekle\u015fecek. Daha iyi planlama i\u00e7in, k\u0131sa bir kay\u0131t e-posta ile g\u00f6nderilecektir <a href=\"#\" data-unscramble=\"ed.kkm-eneurg@vk\">kv@gruene-mkk.de<\/a> Diye sordu.<\/p>","protected":false},"excerpt":{"rendered":"<p>B\u00dcNDNIS 90\/DIE GR\u00dcNEN Main-Kinzig il\u00e7e birli\u011fi sizi 21 Haziran 2025 Cumartesi g\u00fcn\u00fc saat 14.00'te Bad Soden-Salm\u00fcnster'deki Salz'daki BistroCaf\u00e9'de a\u00e7\u0131k bir \u00fcye toplant\u0131s\u0131na davet ediyor. [...][d\u00fczenle]<\/p>","protected":false},"author":-1,"featured_media":2812,"comment_status":"closed","ping_status":"open","sticky":true,"template":"","format":"standard","meta":{"footnotes":""},"categories":[1],"tags":[],"class_list":["post-2810","post","type-post","status-publish","format-standard","has-post-thumbnail","hentry","category-allgemein"],"_links":{"self":[{"href":"https:\/\/www.gruene-mkk.de\/tr\/wp-json\/wp\/v2\/posts\/2810","targetHints":{"allow":["GET"]}}],"collection":[{"href":"https:\/\/www.gruene-mkk.de\/tr\/wp-json\/wp\/v2\/posts"}],"about":[{"href":"https:\/\/www.gruene-mkk.de\/tr\/wp-json\/wp\/v2\/types\/post"}],"author":[{"embeddable":true,"href":"https:\/\/www.gruene-mkk.de\/tr\/wp-json\/wp\/v2\/users\/2"}],"replies":[{"embeddable":true,"href":"https:\/\/www.gruene-mkk.de\/tr\/wp-json\/wp\/v2\/comments?post=2810"}],"version-history":[{"count":1,"href":"https:\/\/www.gruene-mkk.de\/tr\/wp-json\/wp\/v2\/posts\/2810\/revisions"}],"predecessor-version":[{"id":2811,"href":"https:\/\/www.gruene-mkk.de\/tr\/wp-json\/wp\/v2\/posts\/2810\/revisions\/2811"}],"wp:featuredmedia":[{"embeddable":true,"href":"https:\/\/www.gruene-mkk.de\/tr\/wp-json\/wp\/v2\/media\/2812"}],"wp:attachment":[{"href":"https:\/\/www.gruene-mkk.de\/tr\/wp-json\/wp\/v2\/media?parent=2810"}],"wp:term":[{"taxonomy":"category","embeddable":true,"href":"https:\/\/www.gruene-mkk.de\/tr\/wp-json\/wp\/v2\/categories?post=2810"},{"taxonomy":"post_tag","embeddable":true,"href":"https:\/\/www.gruene-mkk.de\/tr\/wp-json\/wp\/v2\/tags?post=2810"}],"curies":[{"name":"wp","href":"https:\/\/api.w.org\/{rel}","templated":true}]}}