{"id":2805,"date":"2025-06-12T12:52:41","date_gmt":"2025-06-12T10:52:41","guid":{"rendered":"https:\/\/www.gruene-mkk.de\/?p=2805"},"modified":"2025-06-12T12:53:46","modified_gmt":"2025-06-12T10:53:46","slug":"kreismitgliederversammlung-der-gruenen-mkk-co-landesvorsitzende-julia-frank-gibt-impuls-fuer-den-kommunalwahlkampf","status":"publish","type":"post","link":"https:\/\/www.gruene-mkk.de\/tr\/kreismitgliederversammlung-der-gruenen-mkk-co-landesvorsitzende-julia-frank-gibt-impuls-fuer-den-kommunalwahlkampf\/","title":{"rendered":"Ye\u015fil MKK B\u00f6lge Meclisi: E\u015fba\u015fkan Julia Frank yerel se\u00e7im kampanyas\u0131na ivme kazand\u0131r\u0131yor"},"content":{"rendered":"<p>Main -Kinzig'de. 04.06.2025 tarihinde Ye\u015filler Ana-Kinzig il\u00e7e toplant\u0131s\u0131nda \u00fcyeler \u00f6zel bir konu\u011fu a\u011f\u0131rlayabildiler: Ye\u015fil Hessen E\u015f Ba\u015fkan\u0131 Julia Frank bizzat haz\u0131r bulundu ve mevcut devlet siyasi geli\u015fmelerinin yan\u0131 s\u0131ra devlet derne\u011finin \u00e7al\u0131\u015fmalar\u0131 hakk\u0131nda rapor verdi.<br>Toplant\u0131da \u00f6nemli personel kararlar\u0131 da al\u0131nd\u0131: \u00dcyeler, yakla\u015fan Federal Delegeler Konferans\u0131'na delege olarak Lene Jeckel ve Dominik Tarrant'\u0131 se\u00e7tiler. Bu \u00f6nemli komitede il\u00e7e derne\u011fi Main-Kinzig'i temsil edecekler.<\/p>\n\n\n\n<p>Main-Kinzig Ye\u015filler Kurulu S\u00f6zc\u00fcs\u00fc Thomas Gassen, toplant\u0131n\u0131n gidi\u015fat\u0131ndan memnun kald\u0131: Julia Frank'\u0131n ziyareti, partimizin eyalet ve b\u00f6lge d\u00fczeyi aras\u0131ndaki yak\u0131n ba\u011f\u0131n alt\u0131n\u0131 \u00e7iziyor. Yerel se\u00e7im kampanyas\u0131yla ilgili yap\u0131c\u0131 tart\u0131\u015fmalarda, gelecek y\u0131l yerel se\u00e7imlere iklim korumas\u0131, s\u00fcrd\u00fcr\u00fclebilir hareketlilik ve yerel konulara odaklanma konusunda g\u00fc\u00e7l\u00fc kavramlarla girece\u011fimizi a\u00e7\u0131k\u00e7a belirttik.<\/p>","protected":false},"excerpt":{"rendered":"<p>Main -Kinzig'de. 04.06.2025 tarihinde Ye\u015filler Ana-Kinzig il\u00e7e toplant\u0131s\u0131nda \u00fcyeler \u00f6zel bir konu\u011fu a\u011f\u0131rlayabildiler: Ye\u015fil Hessen E\u015f Ba\u015fkan\u0131 Julia Frank, ki\u015fisel olarak haz\u0131r bulundu ve mevcut durum hakk\u0131nda rapor verdi [...]<\/p>","protected":false},"author":-1,"featured_media":2807,"comment_status":"closed","ping_status":"open","sticky":true,"template":"","format":"standard","meta":{"footnotes":""},"categories":[1],"tags":[],"class_list":["post-2805","post","type-post","status-publish","format-standard","has-post-thumbnail","hentry","category-allgemein"],"_links":{"self":[{"href":"https:\/\/www.gruene-mkk.de\/tr\/wp-json\/wp\/v2\/posts\/2805","targetHints":{"allow":["GET"]}}],"collection":[{"href":"https:\/\/www.gruene-mkk.de\/tr\/wp-json\/wp\/v2\/posts"}],"about":[{"href":"https:\/\/www.gruene-mkk.de\/tr\/wp-json\/wp\/v2\/types\/post"}],"author":[{"embeddable":true,"href":"https:\/\/www.gruene-mkk.de\/tr\/wp-json\/wp\/v2\/users\/2"}],"replies":[{"embeddable":true,"href":"https:\/\/www.gruene-mkk.de\/tr\/wp-json\/wp\/v2\/comments?post=2805"}],"version-history":[{"count":2,"href":"https:\/\/www.gruene-mkk.de\/tr\/wp-json\/wp\/v2\/posts\/2805\/revisions"}],"predecessor-version":[{"id":2809,"href":"https:\/\/www.gruene-mkk.de\/tr\/wp-json\/wp\/v2\/posts\/2805\/revisions\/2809"}],"wp:featuredmedia":[{"embeddable":true,"href":"https:\/\/www.gruene-mkk.de\/tr\/wp-json\/wp\/v2\/media\/2807"}],"wp:attachment":[{"href":"https:\/\/www.gruene-mkk.de\/tr\/wp-json\/wp\/v2\/media?parent=2805"}],"wp:term":[{"taxonomy":"category","embeddable":true,"href":"https:\/\/www.gruene-mkk.de\/tr\/wp-json\/wp\/v2\/categories?post=2805"},{"taxonomy":"post_tag","embeddable":true,"href":"https:\/\/www.gruene-mkk.de\/tr\/wp-json\/wp\/v2\/tags?post=2805"}],"curies":[{"name":"wp","href":"https:\/\/api.w.org\/{rel}","templated":true}]}}