{"id":2743,"date":"2025-04-17T11:29:21","date_gmt":"2025-04-17T09:29:21","guid":{"rendered":"https:\/\/www.gruene-mkk.de\/?p=2743"},"modified":"2025-04-17T11:31:54","modified_gmt":"2025-04-17T09:31:54","slug":"neuer-schwung-fuer-die-kommunalpolitik","status":"publish","type":"post","link":"https:\/\/www.gruene-mkk.de\/tr\/neuer-schwung-fuer-die-kommunalpolitik\/","title":{"rendered":"Yerel politika i\u00e7in yeni bir itici g\u00fc\u00e7: Ye\u015filler Jossgrund &amp;amp'ta yerel bir dernek kurmak istiyor; Fl\u00f6rsbachtal"},"content":{"rendered":"<p>Jossgrund ve Fl\u00f6rsbachtal'daki Ye\u015fil Yerel Birlik ba\u015flang\u0131\u00e7 bloklar\u0131ndad\u0131r. Bu nedenle, Kreisverband B\u00fcndnis 90 \/ Die Gr\u00fcnen Main Kinzig, 7 May\u0131s 2025'te Jossgrund ve Fl\u00f6rsbachtal'dan ilgilenen t\u00fcm vatanda\u015flar\u0131 hedefleyen Jossgrund'da bir bilgilendirme etkinli\u011fi d\u00fczenliyor. Saat 18:30'da Beilsteinstadl'da (S\u00fcdm\u00e4hrer Weg 1, Lettgenbrunn) ba\u015flar. Ye\u015filler b\u00f6lge kurulu \u00fcyesi Philip Schinkel, \"Hessen Parlamentosu'ndaki Ye\u015fil Grubun lideri Matthias Wagner'in bize kat\u0131lmas\u0131ndan mutluluk duyuyoruz\" dedi. Ye\u015filler meclis grubunun ba\u015fkan yard\u0131mc\u0131s\u0131 Viola Ha\u00dfdenteufel de haz\u0131r bulunacak.<\/p>\n\n\n\n<p>Ak\u015fam\u0131n odak noktas\u0131 vatanda\u015flarla do\u011frudan de\u011fi\u015fim ve ortak bir yerel dernek Jossgrund \/ Fl\u00f6rsbachtal kurma ihtimali olacak. Schinkel, \"Topluluklar\u0131n\u0131 \u015fekillendirmede aktif bir rol oynamak isteyen insanlar\u0131 motive etmek istiyoruz\" dedi. Site koordinat\u00f6r\u00fc Jossgrund'dan Lene Jeckel \u015funlar\u0131 ekledi: Hedefimiz, bir sonraki yerel se\u00e7imlerde kendi listemize sahip olmak - s\u00fcrd\u00fcr\u00fclebilir ve s\u00fcrd\u00fcr\u00fclebilir yerel politikalara ba\u011fl\u0131 kalmak isteyen herkese a\u00e7\u0131k.<\/p>\n\n\n\n<p>\"G\u00fcnl\u00fck hayat\u0131m\u0131z\u0131 do\u011frudan etkileyen kararlar \u00f6zellikle belediye d\u00fczeyinde al\u0131n\u0131yor\", b\u00f6lge konseyindeki Ye\u015fil Grubun lideri Jakob M\u00e4hler'i vurguluyor. Bu y\u00fczden insanlar\u0131 fikirlerine, ele\u015ftirilerine, ama her \u015feyden \u00f6nce birlikte bir fark yaratma iradesine dahil olmaya te\u015fvik etmek istiyoruz.<\/p>\n\n\n\n<p>Etkinlik t\u00fcm ilgili taraflara a\u00e7\u0131kt\u0131r ve \u00f6zellikle ye\u015fil politikayla ilgilenen ki\u015filere y\u00f6neliktir. Kay\u0131t gerekli de\u011fildir.<\/p>\n\n\n\n<p><\/p>\n\n\n\n<p><\/p>\n\n\n\n<p><strong><u>Bir bak\u0131\u015fta olay verileri:<\/u><\/strong><\/p>\n\n\n\n<p>&nbsp;Tarih ve saat: 7 May\u0131s 2025'te<\/p>\n\n\n\n<p>&nbsp;Zaman ve zaman: 18:30'da.<\/p>\n\n\n\n<p>&nbsp;Yer ve konum: Beilsteinstadl, S\u00fcdm\u00e4hrer Weg 1, Lettgenbrunn (Haritay\u0131 g\u00f6ster)<\/p>","protected":false},"excerpt":{"rendered":"<p>Jossgrund ve Fl\u00f6rsbachtal'daki Ye\u015fil Yerel Birlik ba\u015flang\u0131\u00e7 bloklar\u0131ndad\u0131r. Bu nedenle, Kreisverband B\u00fcndnis 90 \/ Die Gr\u00fcnen Main Kinzig, 7 May\u0131s 2025'te Jossgrund'da bir bilgi etkinli\u011fi d\u00fczenliyor, [...]<\/p>","protected":false},"author":-1,"featured_media":2744,"comment_status":"closed","ping_status":"open","sticky":true,"template":"","format":"standard","meta":{"footnotes":""},"categories":[1],"tags":[],"class_list":["post-2743","post","type-post","status-publish","format-standard","has-post-thumbnail","hentry","category-allgemein"],"_links":{"self":[{"href":"https:\/\/www.gruene-mkk.de\/tr\/wp-json\/wp\/v2\/posts\/2743","targetHints":{"allow":["GET"]}}],"collection":[{"href":"https:\/\/www.gruene-mkk.de\/tr\/wp-json\/wp\/v2\/posts"}],"about":[{"href":"https:\/\/www.gruene-mkk.de\/tr\/wp-json\/wp\/v2\/types\/post"}],"author":[{"embeddable":true,"href":"https:\/\/www.gruene-mkk.de\/tr\/wp-json\/wp\/v2\/users\/2"}],"replies":[{"embeddable":true,"href":"https:\/\/www.gruene-mkk.de\/tr\/wp-json\/wp\/v2\/comments?post=2743"}],"version-history":[{"count":3,"href":"https:\/\/www.gruene-mkk.de\/tr\/wp-json\/wp\/v2\/posts\/2743\/revisions"}],"predecessor-version":[{"id":2747,"href":"https:\/\/www.gruene-mkk.de\/tr\/wp-json\/wp\/v2\/posts\/2743\/revisions\/2747"}],"wp:featuredmedia":[{"embeddable":true,"href":"https:\/\/www.gruene-mkk.de\/tr\/wp-json\/wp\/v2\/media\/2744"}],"wp:attachment":[{"href":"https:\/\/www.gruene-mkk.de\/tr\/wp-json\/wp\/v2\/media?parent=2743"}],"wp:term":[{"taxonomy":"category","embeddable":true,"href":"https:\/\/www.gruene-mkk.de\/tr\/wp-json\/wp\/v2\/categories?post=2743"},{"taxonomy":"post_tag","embeddable":true,"href":"https:\/\/www.gruene-mkk.de\/tr\/wp-json\/wp\/v2\/tags?post=2743"}],"curies":[{"name":"wp","href":"https:\/\/api.w.org\/{rel}","templated":true}]}}