{"id":2737,"date":"2025-03-26T11:45:27","date_gmt":"2025-03-26T10:45:27","guid":{"rendered":"https:\/\/www.gruene-mkk.de\/?p=2737"},"modified":"2025-03-26T11:45:37","modified_gmt":"2025-03-26T10:45:37","slug":"gemeinsam-gegen-rechts-gruene-main-kinzig-setzen-auf-aufklaerung-und-engagement","status":"publish","type":"post","link":"https:\/\/www.gruene-mkk.de\/tr\/gemeinsam-gegen-rechts-gruene-main-kinzig-setzen-auf-aufklaerung-und-engagement\/","title":{"rendered":"Sa\u011fa kar\u015f\u0131 birlikte: Gr\u00fcne Main-Kinzig e\u011fitime ve ba\u011fl\u0131l\u0131\u011fa odaklan\u0131yor"},"content":{"rendered":"<p>12 Mart 2025 \u00c7ar\u015famba g\u00fcn\u00fc, \u00fcnl\u00fc bir imha uzman\u0131 olan Sascha Schmidt, W\u00e4chtersbach'taki Ye\u015fil Ana-Kinzig b\u00f6lgesinin b\u00f6lge meclisinde Ana-Kinzig b\u00f6lgesinde  \u2047 Sa\u011fc\u0131 ter\u00f6r konusunda acil bir konferans verdi ve a\u015f\u0131r\u0131 sa\u011fc\u0131 yap\u0131lar\u0131n artan a\u011f\u0131n\u0131 vurgulad\u0131. \u0130yi kat\u0131l\u0131ml\u0131 etkinlik, AfD'nin oylar\u0131nda endi\u015fe verici bir art\u0131\u015f g\u00f6ren son Bundestag se\u00e7imlerinin arka plan\u0131nda ger\u00e7ekle\u015fti.<\/p>\n\n\n\n<p>Schmidt, sa\u011fc\u0131 ideolojilerin \u00f6zellikle g\u00fcvensizli\u011fi ve korkuyu nas\u0131l k\u00f6r\u00fckledi\u011fini ve dijital platformlar\u0131n onlar\u0131 nas\u0131l etkiledi\u011fini g\u00f6stermek i\u00e7in somut \u00f6rnekler kulland\u0131. Ancak g\u00fc\u00e7l\u00fc bir kar\u015f\u0131 hareket de var: Burada bulunanlar, savunmaya dayal\u0131 bir demokrasinin ve nefret ve nefret s\u00f6ylemine kararl\u0131 bir \u015fekilde kar\u015f\u0131 \u00e7\u0131kan kararl\u0131 bir sivil toplumun \u00f6nemini vurgulad\u0131lar.<\/p>\n\n\n\n<p>Green Main-Kinzig y\u00f6netim kurulu s\u00f6zc\u00fcs\u00fc Thomas Gassen, \"Demokratik bir parti olarak, \u00f6zellikle AfD oylar\u0131n\u0131n y\u00fcksek oranlar\u0131 e\u011fitim ve diyalo\u011fun \u00f6nemini g\u00f6sterdi\u011fi i\u00e7in, uyan\u0131k kalmak ve de\u011ferlerimizi birlikte savunmak bizim g\u00f6revimizdir\" dedi. Sunum bize sadece tepki vermekle kalmay\u0131p ayn\u0131 zamanda sosyal uyumu aktif olarak g\u00fc\u00e7lendirmemiz gerekti\u011fini g\u00f6sterdi. Nefretin hakim olmas\u0131na izin vermiyoruz  \u2047  diyaloga, e\u011fitime ve herkesi yan\u0131nda g\u00f6t\u00fcren ve ger\u00e7ek \u00e7\u00f6z\u00fcmler sunan bir politikaya g\u00fcveniyoruz. \u2047<\/p>\n\n\n\n<p>Green Main-Kinzig y\u00f6netim kurulu s\u00f6zc\u00fcs\u00fc Thomas Gassen, \"Bu kadar \u00e7ok insan\u0131n AfD'ye oy vermi\u015f olmas\u0131, demokratik bir toplum olarak ne kadar acilen ayd\u0131nlanmam\u0131z ve de\u011ferlerimiz i\u00e7in aya\u011fa kalkmam\u0131z gerekti\u011fini g\u00f6steriyor\" diyor. Demokrasi bir\u00e7ok ki\u015finin ba\u011fl\u0131l\u0131\u011f\u0131yla geli\u015fir ve insanlar\u0131 a\u015f\u0131r\u0131 sa\u011f\u0131n basit sloganlar\u0131na b\u0131rakmamal\u0131y\u0131z. Bununla birlikte, ayn\u0131 zamanda, giderek daha fazla insan\u0131n sa\u011fc\u0131 k\u0131\u015fk\u0131rtmaya kar\u015f\u0131 \u00e7\u0131kmaya istekli oldu\u011funu da g\u00f6r\u00fcyoruz. Bu bize cesaret verir ve toplum olarak b\u00f6l\u00fcnmek isteyenlerden daha g\u00fc\u00e7l\u00fc oldu\u011fumuzu g\u00f6sterir.<\/p>","protected":false},"excerpt":{"rendered":"<p>12 Mart 2025 \u00c7ar\u015famba g\u00fcn\u00fc, \u00fcnl\u00fc imha uzman\u0131 Sascha Schmidt, W\u00e4chtersbach'taki GREEN Main-Kinzig b\u00f6lge meclisinde Main-Kinzig b\u00f6lgesinde  \u2047 Sa\u011fc\u0131 ter\u00f6r hakk\u0131nda acil bir konferans verdi [...]<\/p>","protected":false},"author":-1,"featured_media":2738,"comment_status":"closed","ping_status":"open","sticky":true,"template":"","format":"standard","meta":{"footnotes":""},"categories":[1],"tags":[],"class_list":["post-2737","post","type-post","status-publish","format-standard","has-post-thumbnail","hentry","category-allgemein"],"_links":{"self":[{"href":"https:\/\/www.gruene-mkk.de\/tr\/wp-json\/wp\/v2\/posts\/2737","targetHints":{"allow":["GET"]}}],"collection":[{"href":"https:\/\/www.gruene-mkk.de\/tr\/wp-json\/wp\/v2\/posts"}],"about":[{"href":"https:\/\/www.gruene-mkk.de\/tr\/wp-json\/wp\/v2\/types\/post"}],"author":[{"embeddable":true,"href":"https:\/\/www.gruene-mkk.de\/tr\/wp-json\/wp\/v2\/users\/2"}],"replies":[{"embeddable":true,"href":"https:\/\/www.gruene-mkk.de\/tr\/wp-json\/wp\/v2\/comments?post=2737"}],"version-history":[{"count":1,"href":"https:\/\/www.gruene-mkk.de\/tr\/wp-json\/wp\/v2\/posts\/2737\/revisions"}],"predecessor-version":[{"id":2739,"href":"https:\/\/www.gruene-mkk.de\/tr\/wp-json\/wp\/v2\/posts\/2737\/revisions\/2739"}],"wp:featuredmedia":[{"embeddable":true,"href":"https:\/\/www.gruene-mkk.de\/tr\/wp-json\/wp\/v2\/media\/2738"}],"wp:attachment":[{"href":"https:\/\/www.gruene-mkk.de\/tr\/wp-json\/wp\/v2\/media?parent=2737"}],"wp:term":[{"taxonomy":"category","embeddable":true,"href":"https:\/\/www.gruene-mkk.de\/tr\/wp-json\/wp\/v2\/categories?post=2737"},{"taxonomy":"post_tag","embeddable":true,"href":"https:\/\/www.gruene-mkk.de\/tr\/wp-json\/wp\/v2\/tags?post=2737"}],"curies":[{"name":"wp","href":"https:\/\/api.w.org\/{rel}","templated":true}]}}