{"id":2699,"date":"2025-03-12T15:29:13","date_gmt":"2025-03-12T14:29:13","guid":{"rendered":"https:\/\/www.gruene-mkk.de\/?p=2699"},"modified":"2025-03-12T15:29:14","modified_gmt":"2025-03-12T14:29:14","slug":"politischer-aschermittwoch-der-gruenen-main-kinzig-optimistisch-in-die-zukunft","status":"publish","type":"post","link":"https:\/\/www.gruene-mkk.de\/tr\/politischer-aschermittwoch-der-gruenen-main-kinzig-optimistisch-in-die-zukunft\/","title":{"rendered":"Ye\u015filler Main-Kinzig Siyasi K\u00fcl \u00c7ar\u015famba: Gelecek hakk\u0131nda iyimser"},"content":{"rendered":"<p><strong>Monika K\u00fchn-Bousonville, B\u00fcndnis 90 \/ Die Gr\u00fcnen'de 40 y\u0131ll\u0131k \u00fcyelik i\u00e7in onurland\u0131r\u0131ld\u0131<\/strong><br><\/p>\n\n\n\n<p>6 Mart 2025'te<br><\/p>\n\n\n\n<p>B\u00fcndnis 90 \/ Die Gr\u00fcnen'in Main-Kinzig il\u00e7e derne\u011finin geleneksel siyasi K\u00fcl \u00c7ar\u015famba g\u00fcn\u00fc, Bad Orb'daki Caf\u00e9 Kowalski sadece ye\u015fil sosun tad\u0131n\u0131 \u00e7\u0131karmakla kalmad\u0131, ayn\u0131 zamanda mevcut siyasi zorluklar\u0131 ve f\u0131rsatlar\u0131 da tart\u0131\u015ft\u0131.<br><br>Ak\u015fam\u0131n en \u00f6nemli olay\u0131, konuklar\u0131 heyecan verici bir konu\u015fmayla motive eden Bundestag \u00fcyesi Wolfgang Strengmann-Kuhn'un konu\u015fmas\u0131yd\u0131: \"\u00c7\u0131lg\u0131n zamanlarda ya\u015f\u0131yoruz, ama umudum var  \u2047  umudun rengi ye\u015fildir.\" \u00d6zellikle k\u00fcresel geli\u015fmeler g\u00f6z \u00f6n\u00fcne al\u0131nd\u0131\u011f\u0131nda kararl\u0131 bir iklim politikas\u0131n\u0131n \u00f6nemini vurgulad\u0131 ve Avrupa'n\u0131n g\u00fc\u00e7lendirilmesi \u00e7a\u011fr\u0131s\u0131nda bulundu. \u015eimdi daha yava\u015f gitmeyin, daha h\u0131zl\u0131 gidin ve herkesi yan\u0131n\u0131za al\u0131n.<br><br>Yakla\u015fan siyasi zorluklara ili\u015fkin g\u00f6r\u00fcn\u00fcme ek olarak, 2025'teki Bundestag se\u00e7im kampanyas\u0131n\u0131n bir incelemesi de verildi. Do\u011frudan adaylar\u0131m\u0131z Philip Schinkel ve Mahwish Iftikhar deneyimlerini payla\u015ft\u0131lar ve ye\u015fil politika i\u00e7in aya\u011fa kalkmaya devam etme isteklerini tekrar teyit ettiler. Mahwsih Iftikhar, \"Bence daha \u00f6nce hi\u00e7 bu kadar harika ve motive edici bir se\u00e7im kampanyas\u0131 ya\u015famad\u0131k\" diyor. Philip Schinkel \u015funlar\u0131 ekledi: \u2047 Hepimiz farkl\u0131 bir \u015fey umduk  \u2047  federal e\u011filim de se\u00e7menleri etkiliyor. \u015eimdi yerel se\u00e7imlere do\u011fru yolculuk devam ediyor.  \u2047<br><\/p>\n\n\n\n<p>Wolfgang Strengmann-Kuhn'un b\u00fcy\u00fck bir siyasi K\u00fcl \u00c7ar\u015fambas\u0131n\u0131 bizimle kutlamak i\u00e7in zaman ay\u0131rd\u0131\u011f\u0131 i\u00e7in mutluyuz. Ve do\u011frudan adaylar\u0131m\u0131za b\u00fcy\u00fck se\u00e7im kampanyalar\u0131 i\u00e7in te\u015fekk\u00fcr etmek istiyoruz\", diyor Ye\u015filler Partisi Main-Kinzig s\u00f6zc\u00fcs\u00fc Anja Zeller. \u00c7ok fazla iyimserlikle, b\u00f6lge birli\u011fi \u015fimdi \u00f6zellikle yerel se\u00e7imlere do\u011fru bak\u0131yor.<br><\/p>\n\n\n\n<p>Ak\u015fam\u0131n bir di\u011fer \u00f6zel an\u0131, Monika K\u00fchn-Bousonville'in Erlensee'deki il\u00e7e meclisine ve yerel politikaya olan b\u00fcy\u00fck ba\u011fl\u0131l\u0131\u011f\u0131 nedeniyle B\u00fcndnis 90 \/ Die Gr\u00fcnen'de 40 y\u0131ll\u0131k \u00fcyelik i\u00e7in onurland\u0131r\u0131lmas\u0131yd\u0131. Bir \u00f6vg\u00fcc\u00fc olarak, Erlensee'den Dieter Nentwig, K\u00fchn-Bousonville'in bir\u00e7ok siyasi ve profesyonel istasyonunu vurgulad\u0131.<\/p>","protected":false},"excerpt":{"rendered":"<p>Monika K\u00fchn-Bousonville, B\u00fcndnis 90\/Die Gr\u00fcnen'de 40 y\u0131ll\u0131k \u00fcyelik i\u00e7in onurland\u0131r\u0131ld\u0131 6 Mart 2025 B\u00fcndnis 90\/Die Gr\u00fcnen, Caf\u00e9 Kowalski Main-Kinzig il\u00e7e derne\u011finin geleneksel siyasi K\u00fcl \u00c7ar\u015famba g\u00fcn\u00fc [...]<\/p>","protected":false},"author":-1,"featured_media":2706,"comment_status":"closed","ping_status":"open","sticky":true,"template":"","format":"standard","meta":{"footnotes":""},"categories":[1],"tags":[],"class_list":["post-2699","post","type-post","status-publish","format-standard","has-post-thumbnail","hentry","category-allgemein"],"_links":{"self":[{"href":"https:\/\/www.gruene-mkk.de\/tr\/wp-json\/wp\/v2\/posts\/2699","targetHints":{"allow":["GET"]}}],"collection":[{"href":"https:\/\/www.gruene-mkk.de\/tr\/wp-json\/wp\/v2\/posts"}],"about":[{"href":"https:\/\/www.gruene-mkk.de\/tr\/wp-json\/wp\/v2\/types\/post"}],"author":[{"embeddable":true,"href":"https:\/\/www.gruene-mkk.de\/tr\/wp-json\/wp\/v2\/users\/2"}],"replies":[{"embeddable":true,"href":"https:\/\/www.gruene-mkk.de\/tr\/wp-json\/wp\/v2\/comments?post=2699"}],"version-history":[{"count":3,"href":"https:\/\/www.gruene-mkk.de\/tr\/wp-json\/wp\/v2\/posts\/2699\/revisions"}],"predecessor-version":[{"id":2709,"href":"https:\/\/www.gruene-mkk.de\/tr\/wp-json\/wp\/v2\/posts\/2699\/revisions\/2709"}],"wp:featuredmedia":[{"embeddable":true,"href":"https:\/\/www.gruene-mkk.de\/tr\/wp-json\/wp\/v2\/media\/2706"}],"wp:attachment":[{"href":"https:\/\/www.gruene-mkk.de\/tr\/wp-json\/wp\/v2\/media?parent=2699"}],"wp:term":[{"taxonomy":"category","embeddable":true,"href":"https:\/\/www.gruene-mkk.de\/tr\/wp-json\/wp\/v2\/categories?post=2699"},{"taxonomy":"post_tag","embeddable":true,"href":"https:\/\/www.gruene-mkk.de\/tr\/wp-json\/wp\/v2\/tags?post=2699"}],"curies":[{"name":"wp","href":"https:\/\/api.w.org\/{rel}","templated":true}]}}