{"id":2653,"date":"2025-02-24T16:52:49","date_gmt":"2025-02-24T15:52:49","guid":{"rendered":"https:\/\/www.gruene-mkk.de\/?p=2653"},"modified":"2025-02-24T16:52:50","modified_gmt":"2025-02-24T15:52:50","slug":"koennen-trotz-allem-zufrieden-sein","status":"publish","type":"post","link":"https:\/\/www.gruene-mkk.de\/tr\/koennen-trotz-allem-zufrieden-sein\/","title":{"rendered":"\"Her \u015feye ra\u011fmen tatmin edilebilir\""},"content":{"rendered":"<p>B\u00dcNDNIS 90\/DIE GR\u00dcNEN'in Main-Kinzig il\u00e7e derne\u011fi s\u00f6zc\u00fcleri Anja Zeller ve Thomas Gassen, Main-Kinzig il\u00e7esindeki federal se\u00e7imlerin \u00f6n nihai sonucunu \u015f\u00f6yle a\u00e7\u0131kl\u0131yor:<\/p>\n\n\n\n<p>Se\u00e7im b\u00f6lgeleri 174 ve 179'daki sonu\u00e7lar\u0131m\u0131zla, tezah\u00fcrat yapmak i\u00e7in bir sonu\u00e7 elde edemedik, ancak yine de tatmin olabiliriz. \u00d6zellikle, Bad Orb ve Jossgrund'daki sonu\u00e7lar, enerji ge\u00e7i\u015fi ve r\u00fczgar g\u00fcc\u00fcn\u00fcn geni\u015flemesi i\u00e7in verilen m\u00fccadelenin yerel destekle kar\u015f\u0131land\u0131\u011f\u0131n\u0131 a\u00e7\u0131k\u00e7a g\u00f6stermektedir. Al\u0131nan yol olumlu, r\u00fczgarla y\u00fczle\u015fmeye devam etsek bile. Gelnhausen'deki 174 ve 179 se\u00e7im b\u00f6lgelerinde y\u00fczde 14'\u00fcn \u00fczerinde en iyi sonucu elde edebildi\u011fimiz i\u00e7in \u00f6zellikle memnunuz. \u015eimdi t\u00fcm se\u00e7im sonu\u00e7lar\u0131n\u0131 parti komitelerinde ayr\u0131nt\u0131l\u0131 olarak analiz edece\u011fiz.<\/p>\n\n\n\n<p>Ana-Kinzig-Kreis'in AfD oylar\u0131n\u0131n y\u00fcksek oran\u0131na endi\u015feyle bak\u0131yoruz. Bu geli\u015fme, demokratik birliktelik i\u00e7in \u00e7al\u0131\u015fmaya devam etmemizi, uyum, \u00e7e\u015fitlilik ve insan haklar\u0131 i\u00e7in s\u0131k\u0131 bir \u015fekilde durmam\u0131z\u0131 ve sahadaki varl\u0131\u011f\u0131m\u0131z\u0131 daha da geni\u015fletmemizi te\u015fvik ediyor.<\/p>\n\n\n\n<p>Daha iyi bir gelecek i\u00e7in b\u00fcy\u00fck bir ba\u011fl\u0131l\u0131k ve tutkuyla m\u00fccadele eden do\u011frudan adaylar\u0131m\u0131z Philip Schinkel (B\u00f6lge 174) ve Mahwish Iftikhar'a (B\u00f6lge 179) \u00f6zel te\u015fekk\u00fcrlerimizi sunuyoruz. \u00c7ocuk ve gen\u00e7lik politikas\u0131na, sosyal adalete ve k\u0131rsal alanlara olan ba\u011fl\u0131l\u0131klar\u0131, Main-Kinzig b\u00f6lgesi halk\u0131 i\u00e7in g\u00fc\u00e7l\u00fc bir i\u015faretti.<\/p>\n\n\n\n<p>Trafik \u0131\u015f\u0131\u011f\u0131 koalisyonunun sona ermesinden bu yana bize kat\u0131lan 100'den fazla yeni \u00fcyeye de b\u00fcy\u00fck bir te\u015fekk\u00fcr ederiz. Onlar\u0131n kararl\u0131l\u0131\u011f\u0131 ve co\u015fkusu se\u00e7im kampanyam\u0131z\u0131 te\u015fvik etti. Bir\u00e7o\u011funun Mahwish ve Philip kampanyas\u0131na aktif olarak dahil olmas\u0131 etkileyici  \u2047  bu hareket \u00f6n\u00fcm\u00fczdeki zorluklar\u0131 te\u015fvik ediyor.<\/p>\n\n\n\n<p>Se\u00e7im karar\u0131 al\u0131nsa bile: G\u00f6revler devam ediyor. \u0130klimin korunmas\u0131, sosyal adalet ve burada, Main-Kinzig b\u00f6lgesinde ve \u00f6tesinde demokratik bir merkez i\u00e7in t\u00fcm g\u00fcc\u00fcm\u00fczle sava\u015fmaya devam edece\u011fiz.<\/p>","protected":false},"excerpt":{"rendered":"<p>B\u00dcNDNIS 90\/DIE GR\u00dcNEN'in Main-Kinzig il\u00e7e derne\u011fi s\u00f6zc\u00fcleri Anja Zeller ve Thomas Gassen, Main-Kinzig il\u00e7esindeki federal se\u00e7imlerin \u00f6n nihai sonucunu \u015f\u00f6yle a\u00e7\u0131kl\u0131yor: Se\u00e7im b\u00f6lgesi 174 ve 179'daki sonu\u00e7lar\u0131m\u0131zla [...]<\/p>","protected":false},"author":-1,"featured_media":0,"comment_status":"closed","ping_status":"open","sticky":true,"template":"","format":"standard","meta":{"footnotes":""},"categories":[1],"tags":[],"class_list":["post-2653","post","type-post","status-publish","format-standard","hentry","category-allgemein"],"_links":{"self":[{"href":"https:\/\/www.gruene-mkk.de\/tr\/wp-json\/wp\/v2\/posts\/2653","targetHints":{"allow":["GET"]}}],"collection":[{"href":"https:\/\/www.gruene-mkk.de\/tr\/wp-json\/wp\/v2\/posts"}],"about":[{"href":"https:\/\/www.gruene-mkk.de\/tr\/wp-json\/wp\/v2\/types\/post"}],"author":[{"embeddable":true,"href":"https:\/\/www.gruene-mkk.de\/tr\/wp-json\/wp\/v2\/users\/2"}],"replies":[{"embeddable":true,"href":"https:\/\/www.gruene-mkk.de\/tr\/wp-json\/wp\/v2\/comments?post=2653"}],"version-history":[{"count":1,"href":"https:\/\/www.gruene-mkk.de\/tr\/wp-json\/wp\/v2\/posts\/2653\/revisions"}],"predecessor-version":[{"id":2654,"href":"https:\/\/www.gruene-mkk.de\/tr\/wp-json\/wp\/v2\/posts\/2653\/revisions\/2654"}],"wp:attachment":[{"href":"https:\/\/www.gruene-mkk.de\/tr\/wp-json\/wp\/v2\/media?parent=2653"}],"wp:term":[{"taxonomy":"category","embeddable":true,"href":"https:\/\/www.gruene-mkk.de\/tr\/wp-json\/wp\/v2\/categories?post=2653"},{"taxonomy":"post_tag","embeddable":true,"href":"https:\/\/www.gruene-mkk.de\/tr\/wp-json\/wp\/v2\/tags?post=2653"}],"curies":[{"name":"wp","href":"https:\/\/api.w.org\/{rel}","templated":true}]}}