{"id":2642,"date":"2025-02-21T16:05:21","date_gmt":"2025-02-21T15:05:21","guid":{"rendered":"https:\/\/www.gruene-mkk.de\/?p=2642"},"modified":"2025-02-21T16:05:22","modified_gmt":"2025-02-21T15:05:22","slug":"demokratie-lebt-vom-respekt-gemeinsam-fuer-einen-fairen-wahlkampf","status":"publish","type":"post","link":"https:\/\/www.gruene-mkk.de\/tr\/demokratie-lebt-vom-respekt-gemeinsam-fuer-einen-fairen-wahlkampf\/","title":{"rendered":"Demokrasi, adil bir se\u00e7im kampanyas\u0131 i\u00e7in birlikte \u00e7al\u0131\u015farak sayg\u0131 g\u00f6r\u00fcr"},"content":{"rendered":"<p>Canl\u0131 ve adil bir se\u00e7im kampanyas\u0131 demokrasimizin temelidir. Bu nedenle B\u00dcNDNIS 90 \/ DIE GR\u00dcNEN il\u00e7e derne\u011fi Main-Kinzig, a\u00e7\u0131k ve sayg\u0131l\u0131 bir siyasi tart\u0131\u015fmaya tam bir inan\u00e7la ba\u011fl\u0131d\u0131r. Son g\u00fcnlerde, Main-Kinzig b\u00f6lgesindeki bir\u00e7ok yerde \u00e7e\u015fitli partilerin se\u00e7im afi\u015fleri hasar g\u00f6rd\u00fc veya kald\u0131r\u0131ld\u0131. Ama biz tam tersine  \u2047  cesaretini de\u011fil: G\u00fc\u00e7l\u00fc bir demokrasi ve y\u0131k\u0131mdan ziyade arg\u00fcmanlara dayanan bir se\u00e7im kampanyas\u0131 i\u00e7in birlikte duruyoruz.<\/p>\n\n\n\n<p>\u2047 Demokrasi \u00e7e\u015fitlilik, tart\u0131\u015fma ve sayg\u0131 anlam\u0131na gelir  \u2047 , CEO Anja Zeller vurgular. Posterlerimiz sadece siyasi mesajlar\u0131m\u0131z\u0131n sembolleri de\u011fil, ayn\u0131 zamanda adil demokratik rekabetin bir ifadesidir. Onlar\u0131 yok etmek bireysel partilere de\u011fil, toplumumuzu olu\u015fturan a\u00e7\u0131k diyalo\u011fa zarar verir.<\/p>\n\n\n\n<p>Main-Kinzig'deki Ye\u015filler, tarafs\u0131zl\u0131k ve sayg\u0131 ile karakterize edilen bir se\u00e7im kampanyas\u0131na kararl\u0131d\u0131r. Kand\u0131r\u0131lmayaca\u011f\u0131z\" dedi. Hedefimiz \u00e7ok a\u00e7\u0131k: Gelece\u011fi aktif olarak \u015fekillendiren bir politika. Nefret ve vandalizmin bunda yeri yok\", diye vurguluyor Zeller. Demokrasimiz canl\u0131, g\u00fc\u00e7l\u00fc ve dayan\u0131kl\u0131d\u0131r. Y\u0131k\u0131c\u0131 g\u00fc\u00e7lerle dikkatimizi da\u011f\u0131tmayal\u0131m  \u2047  gelece\u011fe g\u00fcvenle ve net fikirlerle ilerleyelim! \u2047<\/p>","protected":false},"excerpt":{"rendered":"<p>Canl\u0131 ve adil bir se\u00e7im kampanyas\u0131 demokrasimizin temelidir. Bu nedenle, B\u00dcNDNIS 90 \/ DIE GR\u00dcNEN il\u00e7e derne\u011fi Main-Kinzig, a\u00e7\u0131k ve sayg\u0131l\u0131 bir siyasi politikaya tam bir inan\u00e7la kararl\u0131d\u0131r. [...]<\/p>","protected":false},"author":-1,"featured_media":0,"comment_status":"closed","ping_status":"open","sticky":true,"template":"","format":"standard","meta":{"footnotes":""},"categories":[1],"tags":[],"class_list":["post-2642","post","type-post","status-publish","format-standard","hentry","category-allgemein"],"_links":{"self":[{"href":"https:\/\/www.gruene-mkk.de\/tr\/wp-json\/wp\/v2\/posts\/2642","targetHints":{"allow":["GET"]}}],"collection":[{"href":"https:\/\/www.gruene-mkk.de\/tr\/wp-json\/wp\/v2\/posts"}],"about":[{"href":"https:\/\/www.gruene-mkk.de\/tr\/wp-json\/wp\/v2\/types\/post"}],"author":[{"embeddable":true,"href":"https:\/\/www.gruene-mkk.de\/tr\/wp-json\/wp\/v2\/users\/2"}],"replies":[{"embeddable":true,"href":"https:\/\/www.gruene-mkk.de\/tr\/wp-json\/wp\/v2\/comments?post=2642"}],"version-history":[{"count":1,"href":"https:\/\/www.gruene-mkk.de\/tr\/wp-json\/wp\/v2\/posts\/2642\/revisions"}],"predecessor-version":[{"id":2643,"href":"https:\/\/www.gruene-mkk.de\/tr\/wp-json\/wp\/v2\/posts\/2642\/revisions\/2643"}],"wp:attachment":[{"href":"https:\/\/www.gruene-mkk.de\/tr\/wp-json\/wp\/v2\/media?parent=2642"}],"wp:term":[{"taxonomy":"category","embeddable":true,"href":"https:\/\/www.gruene-mkk.de\/tr\/wp-json\/wp\/v2\/categories?post=2642"},{"taxonomy":"post_tag","embeddable":true,"href":"https:\/\/www.gruene-mkk.de\/tr\/wp-json\/wp\/v2\/tags?post=2642"}],"curies":[{"name":"wp","href":"https:\/\/api.w.org\/{rel}","templated":true}]}}