{"id":2639,"date":"2025-02-21T16:03:54","date_gmt":"2025-02-21T15:03:54","guid":{"rendered":"https:\/\/www.gruene-mkk.de\/?p=2639"},"modified":"2025-02-21T16:04:38","modified_gmt":"2025-02-21T15:04:38","slug":"wir-sind-500","status":"publish","type":"post","link":"https:\/\/www.gruene-mkk.de\/tr\/wir-sind-500\/","title":{"rendered":"Biz 500 ki\u015fiyiz!"},"content":{"rendered":"<p>G\u00fc\u00e7l\u00fc bir sinyal: B\u00dcNDNIS 90\/DIE GR\u00dcNEN Main-Kinzig il\u00e7e derne\u011fi b\u00fcy\u00fcmeye devam ediyor ve Per\u015fembe g\u00fcn\u00fc 500. y\u0131ld\u00f6n\u00fcm\u00fcn\u00fc kutlayacak. \u00dcye ho\u015f geldiniz. Hanau'dan Fabian Jorda \u015fimdi partiyi g\u00fc\u00e7lendiriyor ve giderek daha fazla insan\u0131n s\u00fcrd\u00fcr\u00fclebilir, adil ve gelece\u011fe y\u00f6nelik bir politikaya ba\u011fl\u0131 kalmak istedi\u011finin a\u00e7\u0131k bir i\u015fareti.<\/p>\n\n\n\n<p>179. se\u00e7im b\u00f6lgesi i\u00e7in do\u011frudan aday olan Mahwish Iftikhar, \"\u015eu anda 500 \u00fcyeli i\u015farete ula\u015fmam\u0131z, insanlar\u0131n de\u011fi\u015fim istedi\u011fini g\u00f6steriyor\" diyor. \u0130klim de\u011fi\u015fikli\u011fi, sosyal adalet ve g\u00fc\u00e7l\u00fc bir demokrasi soyut meseleler i\u00e7in de\u011fil, gelece\u011fin merkezi meseleleri i\u00e7indir. Sorumluluk almaya ve do\u011fru rotay\u0131 belirlemeye haz\u0131r\u0131z.<\/p>\n\n\n\n<p>174. se\u00e7im b\u00f6lgesi i\u00e7in do\u011frudan aday olan Philip Schinkel de bu b\u00fcy\u00fcmeyi a\u00e7\u0131k bir mesaj olarak g\u00f6r\u00fcyor: Gittik\u00e7e daha fazla insan dahil oluyor \u00e7\u00fcnk\u00fc her sesin \u00f6nemli oldu\u011funu biliyorlar. \u00d6zellikle gen\u00e7ler, \u00e7evremizin gelece\u011fi i\u00e7in \u00e7ok \u00f6nemlidir. Arkam\u0131zda 500 \u00fcye ile \u015funlar\u0131 g\u00f6steriyoruz: Ye\u015filler g\u00fc\u00e7l\u00fc ve g\u00fcvenilir bir g\u00fc\u00e7t\u00fcr.<\/p>\n\n\n\n<p>Artan \u00fcyeli\u011fin arka r\u00fczgar\u0131 ile Ye\u015filler, Federal Meclis se\u00e7im kampanyas\u0131n\u0131n \u00f6n\u00fcm\u00fczdeki aylar\u0131na kararl\u0131 bir \u015fekilde gidiyor. \u2047 Ger\u00e7ek de\u011fi\u015fim getirme g\u00fcc\u00fcm\u00fcz var  \u2047  ve bunu partimizde hissediyoruz. Birlikte duruyoruz, motive oluyoruz ve ya\u015famaya de\u011fer bir gelecek i\u00e7in sava\u015f\u0131yoruz \"diyor CEO Anja Zeller.<\/p>","protected":false},"excerpt":{"rendered":"<p>G\u00fc\u00e7l\u00fc bir sinyal: B\u00dcNDNIS 90\/DIE GR\u00dcNEN Main-Kinzig il\u00e7e derne\u011fi b\u00fcy\u00fcmeye devam ediyor ve Per\u015fembe g\u00fcn\u00fc 500. y\u0131ld\u00f6n\u00fcm\u00fcn\u00fc kutlayacak. \u00dcye ho\u015f geldiniz. Hanau'dan Fabian Jorda \u015fimdi partiyi h\u0131zland\u0131r\u0131yor [...]<\/p>","protected":false},"author":-1,"featured_media":2641,"comment_status":"closed","ping_status":"open","sticky":true,"template":"","format":"standard","meta":{"footnotes":""},"categories":[1],"tags":[],"class_list":["post-2639","post","type-post","status-publish","format-standard","has-post-thumbnail","hentry","category-allgemein"],"_links":{"self":[{"href":"https:\/\/www.gruene-mkk.de\/tr\/wp-json\/wp\/v2\/posts\/2639","targetHints":{"allow":["GET"]}}],"collection":[{"href":"https:\/\/www.gruene-mkk.de\/tr\/wp-json\/wp\/v2\/posts"}],"about":[{"href":"https:\/\/www.gruene-mkk.de\/tr\/wp-json\/wp\/v2\/types\/post"}],"author":[{"embeddable":true,"href":"https:\/\/www.gruene-mkk.de\/tr\/wp-json\/wp\/v2\/users\/2"}],"replies":[{"embeddable":true,"href":"https:\/\/www.gruene-mkk.de\/tr\/wp-json\/wp\/v2\/comments?post=2639"}],"version-history":[{"count":1,"href":"https:\/\/www.gruene-mkk.de\/tr\/wp-json\/wp\/v2\/posts\/2639\/revisions"}],"predecessor-version":[{"id":2640,"href":"https:\/\/www.gruene-mkk.de\/tr\/wp-json\/wp\/v2\/posts\/2639\/revisions\/2640"}],"wp:featuredmedia":[{"embeddable":true,"href":"https:\/\/www.gruene-mkk.de\/tr\/wp-json\/wp\/v2\/media\/2641"}],"wp:attachment":[{"href":"https:\/\/www.gruene-mkk.de\/tr\/wp-json\/wp\/v2\/media?parent=2639"}],"wp:term":[{"taxonomy":"category","embeddable":true,"href":"https:\/\/www.gruene-mkk.de\/tr\/wp-json\/wp\/v2\/categories?post=2639"},{"taxonomy":"post_tag","embeddable":true,"href":"https:\/\/www.gruene-mkk.de\/tr\/wp-json\/wp\/v2\/tags?post=2639"}],"curies":[{"name":"wp","href":"https:\/\/api.w.org\/{rel}","templated":true}]}}