{"id":2636,"date":"2025-02-21T16:02:31","date_gmt":"2025-02-21T15:02:31","guid":{"rendered":"https:\/\/www.gruene-mkk.de\/?p=2636"},"modified":"2025-02-21T16:03:14","modified_gmt":"2025-02-21T15:03:14","slug":"taxi-talk-mit-mahwish-politik-hautnah-erleben","status":"publish","type":"post","link":"https:\/\/www.gruene-mkk.de\/tr\/taxi-talk-mit-mahwish-politik-hautnah-erleben\/","title":{"rendered":"Mahwish ile Taksi Konu\u015fmas\u0131: Siyaseti yak\u0131ndan tan\u0131y\u0131n!"},"content":{"rendered":"<p>Siyaset her zaman k\u00fcrs\u00fclerin arkas\u0131nda veya toplant\u0131 odalar\u0131nda yer almak zorunda de\u011fildir, Hanau'daki Mahwish \u2047  ile ge\u00e7en Cumartesi  \u2047  Taxi Talk taraf\u0131ndan g\u00f6sterildi\u011fi gibi. Ye\u015filler'in 179. se\u00e7im b\u00f6lgesi i\u00e7in milletvekili aday\u0131 Mahwish Iftikhar ve Hessen'in lider aday\u0131 Anna L\u00fchrmann yenilik\u00e7i bir formata g\u00fcvendi ve vatanda\u015flar\u0131 \u00e7ok \u00f6zel bir yolculu\u011fa davet etti. \u0130lgi \u00e7ok b\u00fcy\u00fckt\u00fc!<\/p>\n\n\n\n<p><strong>Girin, konu\u015fun, \u015fekillenmeye yard\u0131m edin!<\/strong><br>Klasik se\u00e7im kampanyas\u0131 etkinlikleri yerine, Ye\u015filler yarat\u0131c\u0131 ve acil bir kar\u015f\u0131la\u015fmay\u0131 se\u00e7ti: B\u00fcy\u00fck kapasiteli bir takside, vatanda\u015flar Mahwish Iftikhar ve Anna L\u00fchrmann ile k\u0131sa bir yolculukta do\u011frudan konu\u015fma f\u0131rsat\u0131 buldu. Bir fincan s\u0131cak \u00e7ay veya kahve i\u00e7erken endi\u015felerini payla\u015fabilir, sorular sorabilir ve s\u00fcrd\u00fcr\u00fclebilir bir politika i\u00e7in fikirleri tart\u0131\u015fabilirler.<\/p>\n\n\n\n<p><strong>Dokunmak i\u00e7in siyaset<\/strong><br>Eylem \u00e7ok iyi kar\u015f\u0131land\u0131: Koltuklar h\u0131zla al\u0131nd\u0131 ve konu\u015fmalar yo\u011fun, ki\u015fisel ve ilham vericiydi. \u00d6zellikle \u00e7al\u0131\u015fmalar\u0131 s\u0131ras\u0131nda taksi \u015fof\u00f6r\u00fc olarak \u00e7al\u0131\u015fan Mahwish Iftikhar, bu kar\u015f\u0131la\u015fma ile g\u00f6z seviyesinde puan ald\u0131. Iftikhar co\u015fkuyla, \"En d\u00fcr\u00fcst ve heyecan verici konu\u015fmalar genellikle taksilerde ortaya \u00e7\u0131kar, bu da tam olarak siyasete \u00e7evirmek istedi\u011fimiz \u015feydir\" dedi.<\/p>\n\n\n\n<p><strong>Takip etmeye devam! Omid Nouripour al\u0131r<\/strong><br>Taksi konu\u015fmas\u0131n\u0131 ka\u00e7\u0131rd\u0131ysan\u0131z, yak\u0131nda yeni bir \u015fans\u0131n\u0131z olacak: Gelecek \u00c7ar\u015famba, 5.2.25, saat 11'den itibaren Hanauer Freiheitsplatz'da, Ye\u015filler'in Hessen'deki en iyi aday\u0131 Omid Nouripour, taksiye biniyor! Bir kez daha, vatanda\u015flar rahat bir atmosferde onunla konu\u015fma f\u0131rsat\u0131na sahipler  \u2047  ka\u00e7\u0131r\u0131lmamas\u0131 gereken bir f\u0131rsat!<\/p>","protected":false},"excerpt":{"rendered":"<p>Siyaset her zaman k\u00fcrs\u00fclerin arkas\u0131nda veya toplant\u0131 odalar\u0131nda yer almak zorunda de\u011fildir, Hanau'daki Mahwish \u2047  ile ge\u00e7en Cumartesi  \u2047  Taxi Talk taraf\u0131ndan g\u00f6sterildi\u011fi gibi. Se\u00e7im b\u00f6lgesi i\u00e7in Ye\u015filler Bundestag aday\u0131 179, [...]<\/p>","protected":false},"author":-1,"featured_media":2637,"comment_status":"closed","ping_status":"open","sticky":true,"template":"","format":"standard","meta":{"footnotes":""},"categories":[1],"tags":[],"class_list":["post-2636","post","type-post","status-publish","format-standard","has-post-thumbnail","hentry","category-allgemein"],"_links":{"self":[{"href":"https:\/\/www.gruene-mkk.de\/tr\/wp-json\/wp\/v2\/posts\/2636","targetHints":{"allow":["GET"]}}],"collection":[{"href":"https:\/\/www.gruene-mkk.de\/tr\/wp-json\/wp\/v2\/posts"}],"about":[{"href":"https:\/\/www.gruene-mkk.de\/tr\/wp-json\/wp\/v2\/types\/post"}],"author":[{"embeddable":true,"href":"https:\/\/www.gruene-mkk.de\/tr\/wp-json\/wp\/v2\/users\/2"}],"replies":[{"embeddable":true,"href":"https:\/\/www.gruene-mkk.de\/tr\/wp-json\/wp\/v2\/comments?post=2636"}],"version-history":[{"count":1,"href":"https:\/\/www.gruene-mkk.de\/tr\/wp-json\/wp\/v2\/posts\/2636\/revisions"}],"predecessor-version":[{"id":2638,"href":"https:\/\/www.gruene-mkk.de\/tr\/wp-json\/wp\/v2\/posts\/2636\/revisions\/2638"}],"wp:featuredmedia":[{"embeddable":true,"href":"https:\/\/www.gruene-mkk.de\/tr\/wp-json\/wp\/v2\/media\/2637"}],"wp:attachment":[{"href":"https:\/\/www.gruene-mkk.de\/tr\/wp-json\/wp\/v2\/media?parent=2636"}],"wp:term":[{"taxonomy":"category","embeddable":true,"href":"https:\/\/www.gruene-mkk.de\/tr\/wp-json\/wp\/v2\/categories?post=2636"},{"taxonomy":"post_tag","embeddable":true,"href":"https:\/\/www.gruene-mkk.de\/tr\/wp-json\/wp\/v2\/tags?post=2636"}],"curies":[{"name":"wp","href":"https:\/\/api.w.org\/{rel}","templated":true}]}}