{"id":2511,"date":"2024-12-16T14:53:51","date_gmt":"2024-12-16T13:53:51","guid":{"rendered":"https:\/\/www.gruene-mkk.de\/?p=2511"},"modified":"2024-12-16T14:53:53","modified_gmt":"2024-12-16T13:53:53","slug":"chancen-auf-den-bundestag","status":"publish","type":"post","link":"https:\/\/www.gruene-mkk.de\/tr\/chancen-auf-den-bundestag\/","title":{"rendered":"Federal Meclis'in \u015fans\u0131"},"content":{"rendered":"<p><em>Hessen Parti Kongresi'nde ye\u015fil do\u011frudan adaylar i\u00e7in \u00e7ok iyi sonu\u00e7lar<\/em><\/p>\n\n\n\n<p>Ye\u015fil do\u011frudan adaylar i\u00e7in iki y\u00fcksek s\u0131ralama: Ge\u00e7en Cumartesi, Ye\u015filler Liste Partisi Kongresi Marburg'da ger\u00e7ekle\u015fti. Mahwish Iftikhar 9. ve Philip Schinkel 14. s\u0131rada yer ald\u0131: Y\u00f6netim Kurulu'nun iki s\u00f6zc\u00fcs\u00fc Anja Zeller ve Thomas Gassen, \"Bu, Main-Kinzig b\u00f6lgesindeki Ye\u015filler i\u00e7in muazzam bir ba\u015far\u0131\" dedi.<\/p>\n\n\n\n<p>9 numaral\u0131 y\u00fcksek liste nedeniyle, 179 se\u00e7im b\u00f6lgesi i\u00e7in do\u011frudan aday olan Mahwish Iftikhar, bir sonraki Federal Meclis'in bir par\u00e7as\u0131 olmak i\u00e7in iyi umutlar verebilir: Iftikhar, \"Sosyal politika ve demokrasi i\u00e7in bir sava\u015f\u00e7\u0131 olarak, Hessen Ye\u015fillerinin g\u00fc\u00e7l\u00fc oy ve g\u00fcveninden memnunum\" diyor. B\u00f6lge meclisi \u00fcyesi zaten eyalet ve federal d\u00fczeyde \u00e7ok say\u0131da faaliyete sahiptir: \u015eimdi bu deneyimi benimle birlikte almak ve bat\u0131 Main-Kinzig b\u00f6lgesinin halk\u0131n\u0131n \u00e7\u0131karlar\u0131 i\u00e7in aya\u011fa kalkmak istiyorum.<\/p>\n\n\n\n<p>Bir Nidderauerin olarak, zorluklar\u0131n fark\u0131nda: \u2047 Berlin'deki Main-Kinzig b\u00f6lgemizi Federal Meclis \u00fcyesi olarak temsil edebilmek i\u00e7in g\u00fc\u00e7l\u00fc bir Ye\u015fil sonu\u00e7 bekliyorum. \u2047  \u00d6n\u00fcm\u00fczdeki haftalarda ve aylarda bir diyalo\u011fa girmek istiyor: Say\u0131s\u0131z vatanda\u015fla konu\u015ftum ve harika izlenimler ve yeni bak\u0131\u015f a\u00e7\u0131lar\u0131 kazand\u0131m. \u015eimdi bu yolda devam etmek istiyorum\", diye vurguluyor Iftikhar.<\/p>\n\n\n\n<p>Se\u00e7im b\u00f6lgesi 174 i\u00e7in do\u011frudan aday olan Philip Schinkel, \"Hessen'deki se\u00e7im b\u00f6lgemi g\u00fc\u00e7l\u00fc bir sonu\u00e7la temsil edebildi\u011fim i\u00e7in mutluyum\" diyor. Bad Orber, ge\u00e7ti\u011fimiz Cumartesi g\u00fcn\u00fc yap\u0131lan Liste Partisi Kongresi'nde 14. se\u00e7ildi. Se\u00e7ilen yer: \u2047  Bu y\u00fcksek r\u00fctbeli bana yakla\u015fan k\u0131\u015f se\u00e7im kampanyas\u0131 i\u00e7in muazzam bir kuyruk r\u00fczgar\u0131 veriyor. \u2047<\/p>\n\n\n\n<p>G\u00fc\u00e7l\u00fc bir konu\u015fma ve net hedeflerle Schinkel kendini ikna edebildi: Sonu\u00e7, Main-Kinzig-Kreis ve Wetterau'nun \u00e7\u0131karlar\u0131n\u0131n da Hessen genelinde B\u00fcndnis 90 \/ Die Gr\u00fcnen taraf\u0131ndan dikkate al\u0131nd\u0131\u011f\u0131n\u0131 g\u00f6stermektedir. \u00d6n\u00fcm\u00fczdeki haftalarda ve aylarda se\u00e7im b\u00f6lgemin ve dolay\u0131s\u0131yla k\u0131rsal alanlar\u0131n \u00e7\u0131karlar\u0131n\u0131 tam olarak temsil etmeye devam etmekten memnuniyet duyuyorum. Ge\u00e7ti\u011fimiz birka\u00e7 hafta i\u00e7inde ilgin\u00e7 izlenimler edinebildim. Bunu vatanda\u015flarla ve yerel karar vericilerle g\u00f6r\u00fc\u015fmelerde yapmaya devam edece\u011fim\" dedi.<\/p>\n\n\n\n<p>Zeller ve Gassen, \"Mahwish Iftikhar ve Philip Schinkel'in g\u00fc\u00e7l\u00fc s\u0131ralamalar\u0131 sadece bug\u00fcne kadarki \u00e7al\u0131\u015fmalar\u0131n\u0131n tan\u0131nmas\u0131 de\u011fil, ayn\u0131 zamanda siyasi vizyonlar\u0131na olan g\u00fcvenin a\u00e7\u0131k bir i\u015faretidir\" diyor: Onlarla birlikte, ye\u015fil de\u011ferleri ikna edici bir \u015fekilde temsil edecek ve Federal Meclis se\u00e7imleri i\u00e7in \u00f6nemli bir ivme sa\u011flayacak iki aday\u0131m\u0131z var.<\/p>","protected":false},"excerpt":{"rendered":"<p>Hessen Kongresi'nde Ye\u015fil do\u011frudan adaylar i\u00e7in \u00e7ok iyi sonu\u00e7lar Ye\u015fil do\u011frudan adaylar i\u00e7in iki y\u00fcksek s\u0131ralama: Ge\u00e7en Cumartesi, Ye\u015filler Liste Partisi Kongresi Marburg'da ger\u00e7ekle\u015fti. Mahwish'in [...]<\/p>","protected":false},"author":-1,"featured_media":2512,"comment_status":"closed","ping_status":"open","sticky":true,"template":"","format":"standard","meta":{"footnotes":""},"categories":[1],"tags":[],"class_list":["post-2511","post","type-post","status-publish","format-standard","has-post-thumbnail","hentry","category-allgemein"],"_links":{"self":[{"href":"https:\/\/www.gruene-mkk.de\/tr\/wp-json\/wp\/v2\/posts\/2511","targetHints":{"allow":["GET"]}}],"collection":[{"href":"https:\/\/www.gruene-mkk.de\/tr\/wp-json\/wp\/v2\/posts"}],"about":[{"href":"https:\/\/www.gruene-mkk.de\/tr\/wp-json\/wp\/v2\/types\/post"}],"author":[{"embeddable":true,"href":"https:\/\/www.gruene-mkk.de\/tr\/wp-json\/wp\/v2\/users\/2"}],"replies":[{"embeddable":true,"href":"https:\/\/www.gruene-mkk.de\/tr\/wp-json\/wp\/v2\/comments?post=2511"}],"version-history":[{"count":1,"href":"https:\/\/www.gruene-mkk.de\/tr\/wp-json\/wp\/v2\/posts\/2511\/revisions"}],"predecessor-version":[{"id":2513,"href":"https:\/\/www.gruene-mkk.de\/tr\/wp-json\/wp\/v2\/posts\/2511\/revisions\/2513"}],"wp:featuredmedia":[{"embeddable":true,"href":"https:\/\/www.gruene-mkk.de\/tr\/wp-json\/wp\/v2\/media\/2512"}],"wp:attachment":[{"href":"https:\/\/www.gruene-mkk.de\/tr\/wp-json\/wp\/v2\/media?parent=2511"}],"wp:term":[{"taxonomy":"category","embeddable":true,"href":"https:\/\/www.gruene-mkk.de\/tr\/wp-json\/wp\/v2\/categories?post=2511"},{"taxonomy":"post_tag","embeddable":true,"href":"https:\/\/www.gruene-mkk.de\/tr\/wp-json\/wp\/v2\/tags?post=2511"}],"curies":[{"name":"wp","href":"https:\/\/api.w.org\/{rel}","templated":true}]}}