{"id":2490,"date":"2024-12-10T17:37:23","date_gmt":"2024-12-10T16:37:23","guid":{"rendered":"https:\/\/www.gruene-mkk.de\/?p=2490"},"modified":"2024-12-10T17:37:25","modified_gmt":"2024-12-10T16:37:25","slug":"einladung-zum-gruenen-stammtisch","status":"publish","type":"post","link":"https:\/\/www.gruene-mkk.de\/tr\/einladung-zum-gruenen-stammtisch\/","title":{"rendered":"Ye\u015fil Stammtisch'e Davet"},"content":{"rendered":"<p>Sizi i\u00e7tenlikle davet ediyoruz. <strong>Ye\u015fil m\u00fcdavimler masas\u0131<\/strong> Bir tane olsun! Yakla\u015fan hakk\u0131nda rahat bir \u015fekilde konu\u015fmak istiyoruz <strong>Parti kongresini listele<\/strong> 14.12.2024 tarihinde Marburg'da de\u011fi\u015fim yap\u0131n ve sorular\u0131n\u0131z\u0131, fikirlerinizi ve \u00f6nerilerinizi tart\u0131\u015f\u0131n:<\/p>\n\n\n\n<p><strong>Ne zaman m\u0131?<\/strong> Per\u015fembe, 12.12.2024 saat 18:00<br><strong>Neresi mi?<\/strong> Klaras Hanau, Am Markt 8c, 63450 Hanau<br><\/p>\n\n\n\n<p>Biz \u00f6zellikle memnunuz ki <strong>\u0130ftar'\u0131n Mahwish<\/strong>, Se\u00e7im b\u00f6lgesi 179 i\u00e7in do\u011frudan aday\u0131m\u0131z haz\u0131r bulunacak. Bize listeleme stratejisi hakk\u0131nda bir fikir verecektir.<br><\/p>\n\n\n\n<p>Gelin, sizinle rahat ve ilham verici bir ak\u015fam i\u00e7in sab\u0131rs\u0131zlan\u0131yoruz!<\/p>","protected":false},"excerpt":{"rendered":"<p>Sizi Gr\u00fcner Stammtisch'imize i\u00e7tenlikle davet ediyoruz! Yakla\u015fan Liste Parti Kongresi'ni 14.12.2024'te Marburg'da rahat bir \u015fekilde tart\u0131\u015fmak istiyoruz ve [...]<\/p>","protected":false},"author":-1,"featured_media":0,"comment_status":"closed","ping_status":"open","sticky":true,"template":"","format":"standard","meta":{"footnotes":""},"categories":[1],"tags":[],"class_list":["post-2490","post","type-post","status-publish","format-standard","hentry","category-allgemein"],"_links":{"self":[{"href":"https:\/\/www.gruene-mkk.de\/tr\/wp-json\/wp\/v2\/posts\/2490","targetHints":{"allow":["GET"]}}],"collection":[{"href":"https:\/\/www.gruene-mkk.de\/tr\/wp-json\/wp\/v2\/posts"}],"about":[{"href":"https:\/\/www.gruene-mkk.de\/tr\/wp-json\/wp\/v2\/types\/post"}],"author":[{"embeddable":true,"href":"https:\/\/www.gruene-mkk.de\/tr\/wp-json\/wp\/v2\/users\/2"}],"replies":[{"embeddable":true,"href":"https:\/\/www.gruene-mkk.de\/tr\/wp-json\/wp\/v2\/comments?post=2490"}],"version-history":[{"count":1,"href":"https:\/\/www.gruene-mkk.de\/tr\/wp-json\/wp\/v2\/posts\/2490\/revisions"}],"predecessor-version":[{"id":2491,"href":"https:\/\/www.gruene-mkk.de\/tr\/wp-json\/wp\/v2\/posts\/2490\/revisions\/2491"}],"wp:attachment":[{"href":"https:\/\/www.gruene-mkk.de\/tr\/wp-json\/wp\/v2\/media?parent=2490"}],"wp:term":[{"taxonomy":"category","embeddable":true,"href":"https:\/\/www.gruene-mkk.de\/tr\/wp-json\/wp\/v2\/categories?post=2490"},{"taxonomy":"post_tag","embeddable":true,"href":"https:\/\/www.gruene-mkk.de\/tr\/wp-json\/wp\/v2\/tags?post=2490"}],"curies":[{"name":"wp","href":"https:\/\/api.w.org\/{rel}","templated":true}]}}