{"id":2396,"date":"2024-10-09T18:52:17","date_gmt":"2024-10-09T16:52:17","guid":{"rendered":"https:\/\/www.gruene-mkk.de\/?p=2396"},"modified":"2024-10-09T18:52:26","modified_gmt":"2024-10-09T16:52:26","slug":"eine-herausragende-sozialpolitikerin","status":"publish","type":"post","link":"https:\/\/www.gruene-mkk.de\/tr\/eine-herausragende-sozialpolitikerin\/","title":{"rendered":"\u2047 \u00d6nemli bir sosyal politikac\u0131 \u2047"},"content":{"rendered":"<p>Ye\u015fil aday Mahwish Iftikhar \u00fclke listesinde 7. s\u0131rada yer alacak<\/p>\n\n\n\n<p>Maintal'dan Hasselroth'a kadar t\u00fcm belediyeleri i\u00e7eren Hanau'daki 179 se\u00e7im b\u00f6lgesi i\u00e7in Ye\u015filler'in do\u011frudan aday\u0131 Mahwish Iftikhar, \"B\u00f6lge \u00fcyeleri meclisindeki g\u00fc\u00e7l\u00fc oybirli\u011fi oylamas\u0131ndan memnunum\" diyor. Nidderauer'in sosyal politikac\u0131s\u0131 Bundestag se\u00e7im kampanyas\u0131na erken ba\u015flad\u0131: \u2047 Sosyal konular i\u00e7in cesur bir sava\u015f\u00e7\u0131y\u0131m ve daha sosyal ve adil bir Almanya'ya katk\u0131da bulunmak istiyorum. \u2047  Bu y\u00fczden Iftikhar da Ye\u015fil Hessen Toprak Listesi'nde yer alacak: Arazi Partisi Kongresi'nde 7. s\u0131rada yer alaca\u011f\u0131m ve partinin yeni Bundestag'\u0131n bir par\u00e7as\u0131 olmak i\u00e7in onay verece\u011fini umuyorum.<\/p>\n\n\n\n<p>Iftikhar, START Vakf\u0131, Hans B\u00f6ckler Vakf\u0131 ve Deutschlandstiftung'dan fon ve destek ald\u0131, Hessen Ye\u015fil Gen\u00e7lik Devlet Kurulu'nun \u00e7e\u015fitlilik politikas\u0131 s\u00f6zc\u00fcs\u00fc ve Ye\u015fil Hessen Devlet Kurulu'nun e\u015f se\u00e7ilmi\u015f bir \u00fcyesidir. Buna ek olarak, Ye\u015filler Main-Kinzig meclis grubunun bir \u00fcyesidir ve \u00e7e\u015fitli komitelerde aktiftir: Hayat\u0131m\u0131n alt\u0131nc\u0131 y\u0131l\u0131nda Almanya'ya geldim ve bu \u00fclkeyi ve t\u00fcm f\u0131rsatlar\u0131n\u0131 ve olanaklar\u0131n\u0131 takdir etmeyi ve sevmeyi \u00f6\u011frendim. Ayn\u0131 zamanda, entegrasyon ve g\u00f6\u00e7 alan\u0131 da dahil olmak \u00fczere sosyal zorluklar\u0131 g\u00f6r\u00fcyorum. Burada, nefret s\u00f6ylemine ve sa\u011fdan nefrete ger\u00e7ek\u00e7i ve hedef odakl\u0131 yakla\u015f\u0131mlara ve cevaplara ihtiya\u00e7 vard\u0131r. Bunun i\u00e7in aya\u011fa kalk\u0131yorum ve Ulusal Meclis'ten olumlu bir oy bekliyorum.<\/p>\n\n\n\n<p>Ye\u015filler meclis grubunun lideri Jakob M\u00e4hler, \"Mahwish Iftikhar ile 179. se\u00e7im b\u00f6lgesi i\u00e7in ola\u011fan\u00fcst\u00fc bir sosyal politikac\u0131 atad\u0131k\" diyor: Mahwish Iftikhar'\u0131 uzun y\u0131llar \u00f6nce Ye\u015fil Gen\u00e7lik'ten ve daha sonra il\u00e7e meclis grubunun bir \u00fcyesi olarak tan\u0131d\u0131m. Orada, \u00f6zellikle sosyal adalet, entegrasyon ve vas\u0131fl\u0131 i\u015f\u00e7ilerin i\u015fe al\u0131nmas\u0131na kendini adam\u0131\u015ft\u0131r. Ayn\u0131 zamanda, siyasi Berlin ile iyi ba\u011flant\u0131l\u0131d\u0131r ve mevcut zorluklar hakk\u0131nda net bir g\u00f6r\u00fc\u015fe sahiptir. \u2047  Mahwish iftikhar, b\u00f6lge komitesinde ve belediye merkezinin y\u00f6netim kurulunda Ye\u015fil meclis grubunun bir \u00fcyesidir: \u2047 Orada herhangi bir zamanda uzmanl\u0131klar\u0131na g\u00fcvenebiliriz. \u00d6zellikle partinin bu zor zamanlar\u0131nda Mahwish do\u011fru ki\u015fi, cesur ve a\u00e7\u0131k bir pusula ile. \u015eu anda gerekli yenilemeyi ba\u015flatmas\u0131 i\u00e7in ona g\u00fcveniyoruz. Bundestag'daki Main-Kinzig b\u00f6lgemiz i\u00e7in bir galibiyet oldu\u011funa inan\u0131yoruz ve eyalet listesinde yedinci s\u0131raya adayl\u0131\u011f\u0131n\u0131 g\u00fc\u00e7l\u00fc bir \u015fekilde destekliyoruz\", diye vurguluyor M\u00e4hler.<\/p>\n\n\n\n<p>Greens Main-Kinzig b\u00f6lge kurulu s\u00f6zc\u00fcs\u00fc Anja Zeller, \"B\u00f6lge kurulu olarak, adayl\u0131\u011f\u0131 elimizden geldi\u011fince destekliyoruz\" diyor: \u2047 Biz Hanau se\u00e7im i\u00e7in bir aday olarak onu sahip olmaktan mutluluk duyuyoruz. \u2047  Iftikhar gen\u00e7 ama siyasi deneyimli idi. Zaman\u0131n sorunlar\u0131na gerekli cevaplara ve onlar i\u00e7in aya\u011fa kalkacak kadar cesarete sahiptir.<\/p>\n\n\n\n<p>Yerel dernek Hanau s\u00f6zc\u00fcs\u00fc Mareike Forchheim, \"Mahwish Ifthikar'\u0131n Hanau, Main-Kinzig-Kreis ve se\u00e7im b\u00f6lgemizdeki t\u00fcm Federal Almanya Cumhuriyeti'nde daha iyi i\u015fbirli\u011fi i\u00e7in net hedefleri olan g\u00fc\u00e7l\u00fc, gen\u00e7 bir kad\u0131n olmas\u0131ndan \u00e7ok memnunuz\" dedi. Yerel derne\u011fimizin \u00fcyeleri, se\u00e7im kampanyas\u0131nda adaylar\u0131n\u0131 aktif olarak desteklemeye ve Hanau vatanda\u015flar\u0131na Mahwish'in Berlin'deki \u00e7\u0131karlar\u0131n\u0131 temsil etmek i\u00e7in do\u011fru ses oldu\u011funu g\u00f6stermeye haz\u0131rd\u0131r.<\/p>\n\n\n\n<p>Nidderau Yerel Derne\u011fi Ba\u015fkan\u0131 Gerrit Rippen, \"Mahwish Iftikhar'\u0131n evi olarak, bu noktaya kadar onlara e\u015flik etmekten ger\u00e7ekten gurur duyuyoruz\" diyor: Motivasyonunuz kendi s\u00f6zlerinize iyi yans\u0131r: \u0130\u015flerin daha iyiye gidebilece\u011fini bilmek. Size en iyisini diliyoruz!  \u2047<\/p>","protected":false},"excerpt":{"rendered":"<p>Ye\u015filler'in do\u011frudan aday\u0131 Mahwish Iftikhar, eyalet listesinde 7. s\u0131rada yer alacak \"B\u00f6lge \u00fcyeleri meclisindeki g\u00fc\u00e7l\u00fc oybirli\u011fiyle oy kullanmaktan memnunum\", diyor Ye\u015filler'in do\u011frudan aday\u0131 Mahwish Iftikhar [...]<\/p>","protected":false},"author":-1,"featured_media":2397,"comment_status":"closed","ping_status":"open","sticky":true,"template":"","format":"standard","meta":{"footnotes":""},"categories":[1],"tags":[],"class_list":["post-2396","post","type-post","status-publish","format-standard","has-post-thumbnail","hentry","category-allgemein"],"_links":{"self":[{"href":"https:\/\/www.gruene-mkk.de\/tr\/wp-json\/wp\/v2\/posts\/2396","targetHints":{"allow":["GET"]}}],"collection":[{"href":"https:\/\/www.gruene-mkk.de\/tr\/wp-json\/wp\/v2\/posts"}],"about":[{"href":"https:\/\/www.gruene-mkk.de\/tr\/wp-json\/wp\/v2\/types\/post"}],"author":[{"embeddable":true,"href":"https:\/\/www.gruene-mkk.de\/tr\/wp-json\/wp\/v2\/users\/2"}],"replies":[{"embeddable":true,"href":"https:\/\/www.gruene-mkk.de\/tr\/wp-json\/wp\/v2\/comments?post=2396"}],"version-history":[{"count":1,"href":"https:\/\/www.gruene-mkk.de\/tr\/wp-json\/wp\/v2\/posts\/2396\/revisions"}],"predecessor-version":[{"id":2398,"href":"https:\/\/www.gruene-mkk.de\/tr\/wp-json\/wp\/v2\/posts\/2396\/revisions\/2398"}],"wp:featuredmedia":[{"embeddable":true,"href":"https:\/\/www.gruene-mkk.de\/tr\/wp-json\/wp\/v2\/media\/2397"}],"wp:attachment":[{"href":"https:\/\/www.gruene-mkk.de\/tr\/wp-json\/wp\/v2\/media?parent=2396"}],"wp:term":[{"taxonomy":"category","embeddable":true,"href":"https:\/\/www.gruene-mkk.de\/tr\/wp-json\/wp\/v2\/categories?post=2396"},{"taxonomy":"post_tag","embeddable":true,"href":"https:\/\/www.gruene-mkk.de\/tr\/wp-json\/wp\/v2\/tags?post=2396"}],"curies":[{"name":"wp","href":"https:\/\/api.w.org\/{rel}","templated":true}]}}