{"id":2383,"date":"2024-10-07T14:03:42","date_gmt":"2024-10-07T12:03:42","guid":{"rendered":"https:\/\/www.gruene-mkk.de\/?p=2383"},"modified":"2024-10-07T14:03:43","modified_gmt":"2024-10-07T12:03:43","slug":"einladung-zu-unserer-austauschrunde-zum-ruecktritt-des-bundesvorstands-der-gruenen-sowie-des-vorstands-der-gruenen-jugend","status":"publish","type":"post","link":"https:\/\/www.gruene-mkk.de\/tr\/einladung-zu-unserer-austauschrunde-zum-ruecktritt-des-bundesvorstands-der-gruenen-sowie-des-vorstands-der-gruenen-jugend\/","title":{"rendered":"Ye\u015filler Federal Y\u00fcr\u00fctme Kurulu ve Ye\u015fil Gen\u00e7lik Y\u00fcr\u00fctme Kurulu'nun istifas\u0131na ili\u015fkin de\u011fi\u015fim turumuza davet"},"content":{"rendered":"<p>Sizi Main-Kinzig il\u00e7e derne\u011finin de\u011fi\u015fim turuna davet etmek istiyoruz! Federal Ye\u015filler Kurulu ve Ye\u015fil Gen\u00e7lik Kurulu'nun istifas\u0131 g\u00f6z \u00f6n\u00fcne al\u0131nd\u0131\u011f\u0131nda, \u015fu soru ortaya \u00e7\u0131kmaktad\u0131r: S\u0131rada ne var?<\/p>\n\n\n\n<p>Birlikte, 15.10.2024 Sal\u0131 g\u00fcn\u00fc saat 18:30'da ofisimizde (Calvinstra\u00dfe 10, 63450 Hanau) bu ad\u0131m\u0131n bizim i\u00e7in ne anlama geldi\u011fini ve bir parti olarak nas\u0131l ilerledi\u011fimizi tart\u0131\u015fmak istiyoruz.<\/p>\n\n\n\n<p>Sizinle a\u00e7\u0131k ve yap\u0131c\u0131 bir de\u011fi\u015fim i\u00e7in sab\u0131rs\u0131zlan\u0131yoruz!<\/p>","protected":false},"excerpt":{"rendered":"<p>Sizi Main-Kinzig il\u00e7e derne\u011finin de\u011fi\u015fim turuna davet etmek istiyoruz! Federal Ye\u015filler Kurulu ve Ye\u015fil Gen\u00e7lik Kurulu'nun istifas\u0131 g\u00f6z \u00f6n\u00fcne al\u0131nd\u0131\u011f\u0131nda, \u015fu soru ortaya \u00e7\u0131kmaktad\u0131r: Nas\u0131l [...]<\/p>","protected":false},"author":-1,"featured_media":2382,"comment_status":"closed","ping_status":"open","sticky":true,"template":"","format":"standard","meta":{"footnotes":""},"categories":[1],"tags":[],"class_list":["post-2383","post","type-post","status-publish","format-standard","has-post-thumbnail","hentry","category-allgemein"],"_links":{"self":[{"href":"https:\/\/www.gruene-mkk.de\/tr\/wp-json\/wp\/v2\/posts\/2383","targetHints":{"allow":["GET"]}}],"collection":[{"href":"https:\/\/www.gruene-mkk.de\/tr\/wp-json\/wp\/v2\/posts"}],"about":[{"href":"https:\/\/www.gruene-mkk.de\/tr\/wp-json\/wp\/v2\/types\/post"}],"author":[{"embeddable":true,"href":"https:\/\/www.gruene-mkk.de\/tr\/wp-json\/wp\/v2\/users\/2"}],"replies":[{"embeddable":true,"href":"https:\/\/www.gruene-mkk.de\/tr\/wp-json\/wp\/v2\/comments?post=2383"}],"version-history":[{"count":1,"href":"https:\/\/www.gruene-mkk.de\/tr\/wp-json\/wp\/v2\/posts\/2383\/revisions"}],"predecessor-version":[{"id":2384,"href":"https:\/\/www.gruene-mkk.de\/tr\/wp-json\/wp\/v2\/posts\/2383\/revisions\/2384"}],"wp:featuredmedia":[{"embeddable":true,"href":"https:\/\/www.gruene-mkk.de\/tr\/wp-json\/wp\/v2\/media\/2382"}],"wp:attachment":[{"href":"https:\/\/www.gruene-mkk.de\/tr\/wp-json\/wp\/v2\/media?parent=2383"}],"wp:term":[{"taxonomy":"category","embeddable":true,"href":"https:\/\/www.gruene-mkk.de\/tr\/wp-json\/wp\/v2\/categories?post=2383"},{"taxonomy":"post_tag","embeddable":true,"href":"https:\/\/www.gruene-mkk.de\/tr\/wp-json\/wp\/v2\/tags?post=2383"}],"curies":[{"name":"wp","href":"https:\/\/api.w.org\/{rel}","templated":true}]}}