{"id":2356,"date":"2024-08-28T16:08:41","date_gmt":"2024-08-28T14:08:41","guid":{"rendered":"https:\/\/www.gruene-mkk.de\/?p=2356"},"modified":"2024-08-28T16:08:49","modified_gmt":"2024-08-28T14:08:49","slug":"gruene-main-kinzig-und-hanau-gratulieren-joachim-nickel-zum-70-geburtstag","status":"publish","type":"post","link":"https:\/\/www.gruene-mkk.de\/tr\/gruene-main-kinzig-und-hanau-gratulieren-joachim-nickel-zum-70-geburtstag\/","title":{"rendered":"Gr\u00fcne Main-Kinzig ve Hanau, Joachim Nickel'i 70. do\u011fum g\u00fcn\u00fcnde kutlad\u0131. Do\u011fum g\u00fcn\u00fc"},"content":{"rendered":"<p>Greens Main-Kinzig ve Hanau, uzun s\u00fcredir ba\u011fl\u0131 olan \u00fcyeleri Joachim Nickel'i 70. do\u011fum g\u00fcn\u00fcnde i\u00e7tenlikle kutluyorlar. Do\u011fum g\u00fcn\u00fcn kutlu olsun. Uzun y\u0131llar boyunca Joachim Nickel, yorulmak bilmeyen bir ba\u011fl\u0131l\u0131k ve b\u00fcy\u00fck bir sorumluluk duygusu ile il\u00e7e sayman\u0131 olarak il\u00e7e derne\u011fimizin finansman\u0131ndan sorumlu olmu\u015ftur.<\/p>\n\n\n\n<p>Tecr\u00fcbesi ve ba\u011fl\u0131l\u0131\u011f\u0131, il\u00e7e derne\u011finin mali a\u00e7\u0131dan zor zamanlarda bile istikrarl\u0131 kalmas\u0131n\u0131 ve projelerin ba\u015far\u0131yla uygulanmas\u0131n\u0131 sa\u011flamaya \u00f6nemli bir katk\u0131 sa\u011flam\u0131\u015ft\u0131r. Her zaman y\u00fcksek profesyonellik ve d\u00fcr\u00fcstl\u00fck ile karakterize edilen ola\u011fan\u00fcst\u00fc \u00e7al\u0131\u015fmas\u0131 ve ba\u011fl\u0131l\u0131\u011f\u0131 i\u00e7in ona te\u015fekk\u00fcr ederiz.<\/p>\n\n\n\n<p>B\u00f6lge derne\u011fimizin finansman\u0131na olan ba\u011fl\u0131l\u0131\u011f\u0131na ek olarak, Joachim Nickel ayn\u0131 zamanda Hanau-Kesselstadt yerel dan\u0131\u015fma kurulunun uzun s\u00fcredir \u00fcyesidir. Hanau Ye\u015filler Partisi, b\u00f6lgeye olan derin ba\u011fl\u0131l\u0131\u011f\u0131n\u0131 ve yak\u0131n \u00e7evresindeki insanlar\u0131n ya\u015famlar\u0131n\u0131 aktif olarak \u015fekillendirme iradesini g\u00f6steren sahadaki ba\u011fl\u0131l\u0131\u011f\u0131 i\u00e7in ona te\u015fekk\u00fcr etmek istiyor.<br><\/p>\n\n\n\n<p>Joachim sadece Y\u00f6netim Kurulumuzun vazge\u00e7ilmez bir \u00fcyesi de\u011fil, ayn\u0131 zamanda g\u00f6n\u00fcll\u00fcl\u00fck i\u00e7in bir rol modelidir. Onun bilgisi ve ba\u011fl\u0131l\u0131\u011f\u0131 bizim i\u00e7in paha bi\u00e7ilmezdir, \"diyor Greens Main-Kinzig s\u00f6zc\u00fcs\u00fc Anja Zeller ve Thomas Gassen, tebriklerinde.<\/p>\n\n\n\n<p>Joachim Nickel'in \u00e7al\u0131\u015fmalar\u0131nda sa\u011fl\u0131k, ne\u015fe ve ba\u015far\u0131lar\u0131n\u0131n devam\u0131n\u0131 diliyoruz ve daha fazla i\u015fbirli\u011fi i\u00e7in sab\u0131rs\u0131zlan\u0131yoruz.<\/p>\n\n\n\n<p>Tebrikler ve \u00f6n\u00fcm\u00fczdeki y\u0131l i\u00e7in en iyi, Joachim!<\/p>","protected":false},"excerpt":{"rendered":"<p>Greens Main-Kinzig ve Hanau, uzun s\u00fcredir ba\u011fl\u0131 olan \u00fcyeleri Joachim Nickel'i 70. do\u011fum g\u00fcn\u00fcnde i\u00e7tenlikle kutluyorlar. Do\u011fum g\u00fcn\u00fcn kutlu olsun. Uzun y\u0131llar boyunca, Joachim Nickel yorulmak bilmeyen ba\u011fl\u0131l\u0131k ve b\u00fcy\u00fck bir b\u00f6lge sayman olarak devam ediyor [...]<\/p>","protected":false},"author":-1,"featured_media":2357,"comment_status":"closed","ping_status":"open","sticky":true,"template":"","format":"standard","meta":{"footnotes":""},"categories":[1],"tags":[],"class_list":["post-2356","post","type-post","status-publish","format-standard","has-post-thumbnail","hentry","category-allgemein"],"_links":{"self":[{"href":"https:\/\/www.gruene-mkk.de\/tr\/wp-json\/wp\/v2\/posts\/2356","targetHints":{"allow":["GET"]}}],"collection":[{"href":"https:\/\/www.gruene-mkk.de\/tr\/wp-json\/wp\/v2\/posts"}],"about":[{"href":"https:\/\/www.gruene-mkk.de\/tr\/wp-json\/wp\/v2\/types\/post"}],"author":[{"embeddable":true,"href":"https:\/\/www.gruene-mkk.de\/tr\/wp-json\/wp\/v2\/users\/2"}],"replies":[{"embeddable":true,"href":"https:\/\/www.gruene-mkk.de\/tr\/wp-json\/wp\/v2\/comments?post=2356"}],"version-history":[{"count":1,"href":"https:\/\/www.gruene-mkk.de\/tr\/wp-json\/wp\/v2\/posts\/2356\/revisions"}],"predecessor-version":[{"id":2358,"href":"https:\/\/www.gruene-mkk.de\/tr\/wp-json\/wp\/v2\/posts\/2356\/revisions\/2358"}],"wp:featuredmedia":[{"embeddable":true,"href":"https:\/\/www.gruene-mkk.de\/tr\/wp-json\/wp\/v2\/media\/2357"}],"wp:attachment":[{"href":"https:\/\/www.gruene-mkk.de\/tr\/wp-json\/wp\/v2\/media?parent=2356"}],"wp:term":[{"taxonomy":"category","embeddable":true,"href":"https:\/\/www.gruene-mkk.de\/tr\/wp-json\/wp\/v2\/categories?post=2356"},{"taxonomy":"post_tag","embeddable":true,"href":"https:\/\/www.gruene-mkk.de\/tr\/wp-json\/wp\/v2\/tags?post=2356"}],"curies":[{"name":"wp","href":"https:\/\/api.w.org\/{rel}","templated":true}]}}