{"id":2309,"date":"2024-08-02T11:32:29","date_gmt":"2024-08-02T09:32:29","guid":{"rendered":"https:\/\/www.gruene-mkk.de\/?p=2309"},"modified":"2024-08-02T11:32:30","modified_gmt":"2024-08-02T09:32:30","slug":"gruene-main-kinzig-besuchen-alea-resort-in-bad-orb-nachhaltigkeit-und-regionale-initiativen-im-fokus","status":"publish","type":"post","link":"https:\/\/www.gruene-mkk.de\/tr\/gruene-main-kinzig-besuchen-alea-resort-in-bad-orb-nachhaltigkeit-und-regionale-initiativen-im-fokus\/","title":{"rendered":"Ye\u015fil Main-Kinzig ziyaret ALEA RESORT i\u00e7inde Bad Orb: S\u00fcrd\u00fcr\u00fclebilirlik ve b\u00f6lgesel giri\u015fimlere odaklan\u0131n"},"content":{"rendered":"<p>Bad Orb, 28 Haziran 2024  \u2047  Ye\u015filler Main-Kinzig il\u00e7e kurulu ve Ye\u015filler Main-Kinzig il\u00e7e meclis grubu ortakla\u015fa Bad Orb ALEA RESORT ziyaret etti. Ziyaret, \u015firketin hem yerel hem de uluslararas\u0131 d\u00fczeyde s\u00fcrd\u00fcr\u00fclebilir uygulamalar\u0131 ve giri\u015fimleri hakk\u0131nda derin bir fikir verdi.<\/p>\n\n\n\n<p>Sitenin ve tamamen engelsiz olan \u015firketin kendi \u00f6\u011frenci dairelerinin etkileyici bir turundan sonra, g\u00f6r\u00fc\u015fmeler yurtd\u0131\u015f\u0131ndaki \u00fcretimin ve tedarik zincirlerinin s\u00fcrd\u00fcr\u00fclebilirli\u011fine odakland\u0131. Strauss \u015firketinin CEO'su ve sahibi Henning Strauss, Banglade\u015f'teki \u00fcretim tesisleri ve yerel akt\u00f6rlerle yak\u0131n i\u015fbirli\u011fi hakk\u0131nda ayr\u0131nt\u0131l\u0131 bilgi verdi.<\/p>\n\n\n\n<p>Engelbert Strauss'un \u00fcretimi esas olarak Asya'da ger\u00e7ekle\u015fir, \u00e7\u00fcnk\u00fc oradaki ortak \u015firketlerin \u00e7o\u011fu, uzun y\u0131llar s\u00fcren uzmanl\u0131k yoluyla geli\u015ftirebilecekleri \u00f6zel uzmanl\u0131\u011fa ve teknolojilere sahiptir. Y\u0131llar ge\u00e7tik\u00e7e Banglade\u015f, \u015firketin en \u00f6nemli \u00fcretim \u00fclkesi haline geldi. Toplam 15 \u015firket Strauss'un i\u015f k\u0131yafetlerinin y\u00fczde 41'ini \u00fcretiyor. Bu \u015fekilde, Hessen aile \u015firketi, yaln\u0131zca Banglade\u015f'te 15.000'den fazla \u00e7al\u0131\u015fan\u0131n istihdam edilmesini sa\u011fl\u0131yor. Strauss ortaklar\u0131n\u0131n fabrikalar\u0131 \u00e7ok y\u00fcksek bir standarda sahiptir ve \u00fclkenin geli\u015fimine ve i\u015f yerine y\u0131llard\u0131r s\u00fcrd\u00fcr\u00fclebilir bir \u015fekilde yat\u0131r\u0131m yapmaktad\u0131r. 2022'de Strauss'un Banglade\u015f'teki kendi \u00fcretimi olan Chattogram'daki CI Fabrikas\u0131 yeniden ba\u015flat\u0131ld\u0131. Schl\u00fcchtern, Almanya'daki CI Fabrikas\u0131 ile birlikte, k\u00fc\u00e7\u00fck seri \u00fcretim ve ki\u015fiselle\u015ftirilmi\u015f i\u015f giysileri i\u00e7in bir \u00fcretim stand\u0131 olu\u015fturur. \u00dcretim tesisleri, y\u00fcksek s\u00fcrd\u00fcr\u00fclebilirlik standartlar\u0131n\u0131 ve \u015firketin kendi Davran\u0131\u015f Kurallar\u0131n\u0131 sa\u011flamak i\u00e7in Straus taraf\u0131ndan yo\u011fun bir \u015fekilde denetlenmektedir.<\/p>\n\n\n\n<p>Ayr\u0131ca Henning Strauss, Bad Orb'da \u00f6zellikle BALNOVA projesine odaklanan ba\u015fka giri\u015fimler de sundu.\u00a0 BALNOVA - Medikal Spa ve Te\u015fhis - gelecekte bir spor t\u0131bb\u0131 fizyolojisi ve te\u015fhis merkezine ev sahipli\u011fi yapacak. Konsept, t\u0131bbi uzmanl\u0131\u011f\u0131 Medical Spa'n\u0131n y\u00f6nleriyle birle\u015ftirir. Bu, Bad Orb'un uzun vadede bir spa kasabas\u0131 olarak stat\u00fcs\u00fcn\u00fc g\u00fcvence alt\u0131na almay\u0131 ama\u00e7lamaktad\u0131r.<\/p>\n\n\n\n<p>Ziyaretin sonunda konuklara tesisin restoran\u0131 FOGO e \u00c0GUA'da \u015firketin s\u00fcrd\u00fcr\u00fclebilir yakla\u015f\u0131m\u0131n\u0131n alt\u0131n\u0131 \u00e7izen vejetaryen yemekler servis edildi. Te\u015fvik edici tart\u0131\u015fmalar bu vesileyle daha da derinle\u015ftirildi.<\/p>\n\n\n\n<p>Ziyaret, Greens Main-Kinzig taraf\u0131ndan son derece ilgin\u00e7 ve bilgilendirici olarak de\u011ferlendirildi ve bu s\u00fcre\u00e7te Henning Strauss'a bu davet i\u00e7in te\u015fekk\u00fcr etmek istiyoruz. Parti, ilerlemeyi ve yakla\u015fmakta olan giri\u015fimleri yak\u0131ndan izlemeye ve desteklemeye devam edecektir. Ye\u015filler, Faire Landkreis Main-Kinzig'e katk\u0131da bulunmak ve desteklemek i\u00e7in Fairtrade \u00fcr\u00fcnlerinin \u015firket i\u00e7i gastronomide kullan\u0131lmas\u0131n\u0131 te\u015fvik etti.<\/p>","protected":false},"excerpt":{"rendered":"<p>Bad Orb, 28 Haziran 2024  \u2047  Ye\u015filler Main-Kinzig il\u00e7e kurulu ve Ye\u015filler Main-Kinzig il\u00e7e meclis grubu ortakla\u015fa Bad Orb ALEA RESORT ziyaret etti. Ziyaret derin bir [...]<\/p>","protected":false},"author":-1,"featured_media":2310,"comment_status":"closed","ping_status":"open","sticky":true,"template":"","format":"standard","meta":{"footnotes":""},"categories":[1],"tags":[],"class_list":["post-2309","post","type-post","status-publish","format-standard","has-post-thumbnail","hentry","category-allgemein"],"_links":{"self":[{"href":"https:\/\/www.gruene-mkk.de\/tr\/wp-json\/wp\/v2\/posts\/2309","targetHints":{"allow":["GET"]}}],"collection":[{"href":"https:\/\/www.gruene-mkk.de\/tr\/wp-json\/wp\/v2\/posts"}],"about":[{"href":"https:\/\/www.gruene-mkk.de\/tr\/wp-json\/wp\/v2\/types\/post"}],"author":[{"embeddable":true,"href":"https:\/\/www.gruene-mkk.de\/tr\/wp-json\/wp\/v2\/users\/2"}],"replies":[{"embeddable":true,"href":"https:\/\/www.gruene-mkk.de\/tr\/wp-json\/wp\/v2\/comments?post=2309"}],"version-history":[{"count":1,"href":"https:\/\/www.gruene-mkk.de\/tr\/wp-json\/wp\/v2\/posts\/2309\/revisions"}],"predecessor-version":[{"id":2311,"href":"https:\/\/www.gruene-mkk.de\/tr\/wp-json\/wp\/v2\/posts\/2309\/revisions\/2311"}],"wp:featuredmedia":[{"embeddable":true,"href":"https:\/\/www.gruene-mkk.de\/tr\/wp-json\/wp\/v2\/media\/2310"}],"wp:attachment":[{"href":"https:\/\/www.gruene-mkk.de\/tr\/wp-json\/wp\/v2\/media?parent=2309"}],"wp:term":[{"taxonomy":"category","embeddable":true,"href":"https:\/\/www.gruene-mkk.de\/tr\/wp-json\/wp\/v2\/categories?post=2309"},{"taxonomy":"post_tag","embeddable":true,"href":"https:\/\/www.gruene-mkk.de\/tr\/wp-json\/wp\/v2\/tags?post=2309"}],"curies":[{"name":"wp","href":"https:\/\/api.w.org\/{rel}","templated":true}]}}