{"id":228,"date":"2021-10-11T15:28:00","date_gmt":"2021-10-11T13:28:00","guid":{"rendered":"https:\/\/www.alles-bleibt-anders.org\/?p=228"},"modified":"2021-11-12T19:29:55","modified_gmt":"2021-11-12T18:29:55","slug":"gruene-treffen-sich-in-brachttal","status":"publish","type":"post","link":"https:\/\/www.gruene-mkk.de\/tr\/gruene-treffen-sich-in-brachttal\/","title":{"rendered":"Ye\u015filler Brachttal'da bulu\u015ftu"},"content":{"rendered":"<!--more-->\n\n\n\n<p>Ge\u00e7ti\u011fimiz Cuma g\u00fcn\u00fc, Kreisverband B\u00fcndnis 90\/Die Gr\u00fcnen Main-Kinzig (Alliance 90\/The Greens Main-Kinzig), di\u011ferlerinin yan\u0131 s\u0131ra Green Landtag \u00fcyesi Markus Hofmann ve Brachttal ve \u00e7evresindeki topluluklardan \u00fcyelerle Schlierbach b\u00f6lgesini gezdi. Belediye, son haftalarda eyalet h\u00fck\u00fcmetini k\u00f6y geli\u015fimi i\u00e7in destekleme taahh\u00fcd\u00fc ald\u0131 ve Ye\u015filler, Brachttal gibi yerleri sakinler ve ziyaret\u00e7iler i\u00e7in daha \u00e7ekici hale getirmek i\u00e7in ihtiya\u00e7 ve f\u0131rsat al\u0131\u015fveri\u015finde bulunma f\u0131rsat\u0131n\u0131 de\u011ferlendirdi.<\/p>\n\n\n\n<p>Ba\u015flang\u0131\u00e7ta, kat\u0131l\u0131mc\u0131lar eski W\u00e4chtersbach seramik fabrikas\u0131ndaki  \u2047 LandGl\u00fcck \u2047  ma\u011fazas\u0131n\u0131 ziyaret ettiler. \u2047 S\u00fcrd\u00fcr\u00fclebilirlik, ma\u011fazam\u0131z\u0131n konseptinin \u00f6nemli bir par\u00e7as\u0131d\u0131r \u2047 , ma\u011fazan\u0131n i\u015fletmecilerinden biri olan Mona Frank, Brachttal'dan gelen yiyeceklere ek olarak, el yap\u0131m\u0131 \u00fcr\u00fcnlerin do\u011frudan Almanya'n\u0131n her yerinden \u00fcreticiler taraf\u0131ndan sat\u0131ld\u0131\u011f\u0131n\u0131 a\u00e7\u0131klad\u0131. \u0130kinci el giyim ma\u011fazas\u0131  \u2047 Pusteblume \u2047  de geni\u015f d\u00fckkanda bir yer buldu. Frank, \"Ocak ay\u0131nda ma\u011fazay\u0131 yeni bir isimle yeniden a\u00e7t\u0131\u011f\u0131m\u0131zda, seramik fabrikas\u0131na da at\u0131fta bulunmak istedik\" dedi. \u2047 Bu nedenle ma\u011fazam\u0131za bir seramik koleksiyonu ekledik. \u2047<\/p>\n\n\n\n<p>Brachttal'daki Ye\u015filler Partisi \u00fcyesi Matthias Dorka, \"Eski seramik fabrikas\u0131n\u0131n di\u011fer binalar\u0131 k\u0131smen ofis alan\u0131 olarak kullan\u0131l\u0131yor ve tesislerde bir bar da var\" dedi. Baz\u0131 b\u00f6lgeler kullan\u0131lmamaktad\u0131r. Daha sonraki rota spor sahas\u0131n\u0131, y\u00fcr\u00fcy\u00fc\u015f parkurlar\u0131n\u0131 ve bir sosyal tesisi ge\u00e7ti. Yolda, kat\u0131l\u0131mc\u0131lar mevcut Brachttalers'den toplulu\u011fun tarihi hakk\u0131nda \u00e7ok \u015fey \u00f6\u011frendiler. \u00c7evredeki topluluklar\u0131n \u00fcyeleri Biebergem\u00fcnd, W\u00e4chtersbach ve Bad Orb, t\u0131bbi bak\u0131m ve olas\u0131 ortak projeler gibi altyap\u0131n\u0131n korunmas\u0131ndaki ortak zorluklar\u0131 tart\u0131\u015ft\u0131lar.<\/p>\n\n\n\n<p>Toplant\u0131ya kat\u0131lan Ye\u015filler Ana-Kinzig Y\u00f6netim Kurulu \u00dcyesi ve Grup Ba\u015fkan\u0131 Reiner Bousonville, \"Brachttal'da zaten iyi giden bir\u00e7ok \u015feyi, ayn\u0131 zamanda biz Ye\u015fillerin \u00f6zellikle k\u0131rsal Main-Kinzig b\u00f6lgesinde ele almak istedi\u011fi bir\u00e7ok potansiyel ve zorlu\u011fu g\u00f6rebilirsiniz\" dedi. Bousonville, \"Bununla belediyelerdeki vatanda\u015flar\u0131n \u00e7\u0131karlar\u0131 do\u011frultusunda ba\u015fa \u00e7\u0131kabilmek i\u00e7in, Brachttal ve Bad Soden Salm\u00fcnster veya Birstein gibi \u00e7evre k\u00f6ylerde daha fazla \u00fcye kazanmay\u0131 umuyoruz\" dedi. Daha fazla de\u011fi\u015fim i\u00e7in bir f\u0131rsat ve ilgili taraflar i\u00e7in bir temas noktas\u0131 olarak, Ye\u015filler Brachttal'da 3 Kas\u0131m'da saat 19: 00'da Ye\u015fil Yuvarlak Masa d\u00fczenliyorlar. Bulu\u015fma noktas\u0131  \u2047 WLC the Room \u2047 , Fabrikstra\u00dfe 12,63636 Brachttal-Schliebach't\u0131r. \u0130lgili taraflar, Green Main-Kinzig il\u00e7e derne\u011fi ile a\u015fa\u011f\u0131daki adresten ileti\u015fime ge\u00e7ebilir: <a href=\"#\" data-unscramble=\"ed.kkm-eneurg@vk\">kv@gruene-mkk.de<\/a> Rapor ver. - Tamam.<\/p>","protected":false},"excerpt":{"rendered":"","protected":false},"author":-1,"featured_media":229,"comment_status":"open","ping_status":"open","sticky":false,"template":"","format":"standard","meta":{"footnotes":""},"categories":[4],"tags":[],"class_list":["post-228","post","type-post","status-publish","format-standard","has-post-thumbnail","hentry","category-newsortsverbaende"],"_links":{"self":[{"href":"https:\/\/www.gruene-mkk.de\/tr\/wp-json\/wp\/v2\/posts\/228","targetHints":{"allow":["GET"]}}],"collection":[{"href":"https:\/\/www.gruene-mkk.de\/tr\/wp-json\/wp\/v2\/posts"}],"about":[{"href":"https:\/\/www.gruene-mkk.de\/tr\/wp-json\/wp\/v2\/types\/post"}],"author":[{"embeddable":true,"href":"https:\/\/www.gruene-mkk.de\/tr\/wp-json\/wp\/v2\/users\/2"}],"replies":[{"embeddable":true,"href":"https:\/\/www.gruene-mkk.de\/tr\/wp-json\/wp\/v2\/comments?post=228"}],"version-history":[{"count":1,"href":"https:\/\/www.gruene-mkk.de\/tr\/wp-json\/wp\/v2\/posts\/228\/revisions"}],"predecessor-version":[{"id":230,"href":"https:\/\/www.gruene-mkk.de\/tr\/wp-json\/wp\/v2\/posts\/228\/revisions\/230"}],"wp:featuredmedia":[{"embeddable":true,"href":"https:\/\/www.gruene-mkk.de\/tr\/wp-json\/wp\/v2\/media\/229"}],"wp:attachment":[{"href":"https:\/\/www.gruene-mkk.de\/tr\/wp-json\/wp\/v2\/media?parent=228"}],"wp:term":[{"taxonomy":"category","embeddable":true,"href":"https:\/\/www.gruene-mkk.de\/tr\/wp-json\/wp\/v2\/categories?post=228"},{"taxonomy":"post_tag","embeddable":true,"href":"https:\/\/www.gruene-mkk.de\/tr\/wp-json\/wp\/v2\/tags?post=228"}],"curies":[{"name":"wp","href":"https:\/\/api.w.org\/{rel}","templated":true}]}}