{"id":225,"date":"2021-10-06T11:26:00","date_gmt":"2021-10-06T09:26:00","guid":{"rendered":"https:\/\/www.alles-bleibt-anders.org\/?p=225"},"modified":"2021-11-12T19:27:53","modified_gmt":"2021-11-12T18:27:53","slug":"mehr-als-400-mitglieder-im-main-kinzig-kreis","status":"publish","type":"post","link":"https:\/\/www.gruene-mkk.de\/tr\/mehr-als-400-mitglieder-im-main-kinzig-kreis\/","title":{"rendered":"Main-Kinzig-Kreis b\u00f6lgesinde 400'den fazla \u00fcye"},"content":{"rendered":"<p>Eyl\u00fcl ay\u0131nda, Kreisverband B\u00fcndnis 90 \/ Die Gr\u00fcnen Main-Kinzig 400. y\u0131ld\u00f6n\u00fcm\u00fcn\u00fc kar\u015f\u0131lad\u0131. \u00dcyeler ve o zamandan beri \u00fcyeler her hafta eklenir. <\/p>\n\n\n\n<!--more-->\n\n\n\n<p>Ye\u015filler Ana-Kinzig Kurulu s\u00f6zc\u00fcs\u00fc G\u00fcnther Koch, \"Bu kadar \u00e7ok insan\u0131n Ye\u015fillerin konular\u0131yla ilgilenmesinden ve siyasi olarak me\u015fgul olmaya istekli olmas\u0131ndan \u00e7ok memnunuz\" dedi.<\/p>\n\n\n\n<p>Ay\u0131n 400'\u00fc. Ye\u015filler Partisi \u00fcyesi Brachttal'dan Matthias Dorka. Brachttal belediyemde ama ayn\u0131 zamanda \u00f6tesinde bir partiye kat\u0131lmak istedim. Ye\u015fillerle, ilgi alanlar\u0131m ve g\u00f6r\u00fc\u015flerimle en b\u00fcy\u00fck \u00f6rt\u00fc\u015fmeyi buldum, bu da beni kat\u0131lmaya y\u00f6nlendirdi \"dedi. \u00dcyeli\u011finden k\u0131sa bir s\u00fcre sonra, yeni \u00fcye Federal Meclis se\u00e7im kampanyas\u0131nda zaten aktifti, posterler ast\u0131 ve il\u00e7esi Schlierbach'ta el ilanlar\u0131 da\u011f\u0131tt\u0131. \u015eimdi Dorka, kendi toplumunda daha fazla silah arkada\u015f\u0131 bulmay\u0131 ve Ye\u015filler'in yerel birli\u011fini yeniden canland\u0131rmay\u0131 umuyor.<\/p>\n\n\n\n<p>Koch, \"B\u00f6lge birli\u011fi, yerlerine kat\u0131lmalar\u0131 i\u00e7in motive olmu\u015f yeni \u00fcyeleri desteklemeyi seviyor\" diyor. Di\u011fer \u015feylerin yan\u0131 s\u0131ra, W\u00e4chtersbach, Biebergem\u00fcnd ve Bad Ob gibi \u00e7evre belediyelerdeki son se\u00e7imlerde artan \u00fcyelik say\u0131lar\u0131 ve iyi sonu\u00e7lar, ye\u015fil belediye politikas\u0131na ilgi ve ihtiya\u00e7 oldu\u011funu a\u00e7\u0131k\u00e7a ortaya koydu.<\/p>\n\n\n\n<p>Ancak Hanau, Maintal ve Nidderau gibi bat\u0131 Main-Kinzig b\u00f6lgesindeki daha b\u00fcy\u00fck yerel derneklerde, \u00fcye say\u0131s\u0131 federal se\u00e7imden sonra bile artmaya devam ediyor. Yak\u0131nda 500'\u00fcm\u00fcze sahip olaca\u011f\u0131m\u0131zdan eminiz. \u00dcyeler kutlayabilir\", diyor G\u00fcnther Koch. \"B\u00f6lge derneklerinde ve yerel derneklerde, sosyal adalet ve iklim koruma gibi konular\u0131 belediye d\u00fczeyinde daha da ilerletmek ve gelecekteki se\u00e7imler ve se\u00e7im kampanyalar\u0131 i\u00e7in iyi konumlanmak i\u00e7in yeni \u00fcyeleri parti \u00e7al\u0131\u015fmalar\u0131na m\u00fcmk\u00fcn olan en iyi \u015fekilde dahil etmeye \u00e7al\u0131\u015f\u0131yoruz.\" dedi.<\/p>","protected":false},"excerpt":{"rendered":"<p>Eyl\u00fcl ay\u0131nda, Kreisverband B\u00fcndnis 90 \/ Die Gr\u00fcnen Main-Kinzig 400. y\u0131ld\u00f6n\u00fcm\u00fcn\u00fc kar\u015f\u0131lad\u0131. \u00dcyeler ve o zamandan beri \u00fcyeler her hafta eklenir.<\/p>","protected":false},"author":-1,"featured_media":226,"comment_status":"open","ping_status":"open","sticky":false,"template":"","format":"standard","meta":{"footnotes":""},"categories":[1],"tags":[],"class_list":["post-225","post","type-post","status-publish","format-standard","has-post-thumbnail","hentry","category-allgemein"],"_links":{"self":[{"href":"https:\/\/www.gruene-mkk.de\/tr\/wp-json\/wp\/v2\/posts\/225","targetHints":{"allow":["GET"]}}],"collection":[{"href":"https:\/\/www.gruene-mkk.de\/tr\/wp-json\/wp\/v2\/posts"}],"about":[{"href":"https:\/\/www.gruene-mkk.de\/tr\/wp-json\/wp\/v2\/types\/post"}],"author":[{"embeddable":true,"href":"https:\/\/www.gruene-mkk.de\/tr\/wp-json\/wp\/v2\/users\/2"}],"replies":[{"embeddable":true,"href":"https:\/\/www.gruene-mkk.de\/tr\/wp-json\/wp\/v2\/comments?post=225"}],"version-history":[{"count":1,"href":"https:\/\/www.gruene-mkk.de\/tr\/wp-json\/wp\/v2\/posts\/225\/revisions"}],"predecessor-version":[{"id":227,"href":"https:\/\/www.gruene-mkk.de\/tr\/wp-json\/wp\/v2\/posts\/225\/revisions\/227"}],"wp:featuredmedia":[{"embeddable":true,"href":"https:\/\/www.gruene-mkk.de\/tr\/wp-json\/wp\/v2\/media\/226"}],"wp:attachment":[{"href":"https:\/\/www.gruene-mkk.de\/tr\/wp-json\/wp\/v2\/media?parent=225"}],"wp:term":[{"taxonomy":"category","embeddable":true,"href":"https:\/\/www.gruene-mkk.de\/tr\/wp-json\/wp\/v2\/categories?post=225"},{"taxonomy":"post_tag","embeddable":true,"href":"https:\/\/www.gruene-mkk.de\/tr\/wp-json\/wp\/v2\/tags?post=225"}],"curies":[{"name":"wp","href":"https:\/\/api.w.org\/{rel}","templated":true}]}}